{"id":199927,"date":"2025-10-25T09:49:20","date_gmt":"2025-10-25T09:49:20","guid":{"rendered":"https:\/\/www.europesays.com\/es\/199927\/"},"modified":"2025-10-25T09:49:20","modified_gmt":"2025-10-25T09:49:20","slug":"bon-jovi-vuelven-a-los-escenarios-rodaje-de-the-69-eyes-babylon-a-d-estrenan-video","status":"publish","type":"post","link":"https:\/\/www.europesays.com\/es\/199927\/","title":{"rendered":"BON JOVI vuelven a los escenarios. Rodaje de THE 69 EYES. BABYLON A.D. estrenan v\u00eddeo."},"content":{"rendered":"<p>\u00a0<\/p>\n<p style=\"text-align: center;\"><strong><a href=\"#BON\">BON JOVI vuelven a los escenarios<\/a> \u2013 <a href=\"#69\">Rodaje de THE 69 EYES<\/a> \u2013 <a href=\"#BABYLON\">BABYLON A.D. estrenan v\u00eddeo.<\/a><\/strong><\/p>\n<p><a href=\"https:\/\/www.bonjovi.com\/\" target=\"_blank\" rel=\"noopener nofollow\"><strong>BON JOVI<\/strong><\/a> han anunciado su regreso a los escenarios para el pr\u00f3ximo verano. Estas son las citas:<\/p>\n<p>Julio<\/p>\n<ul>\n<li>7 Madison Square Garden, Nueva York, NY<\/li>\n<li>9 Madison Square Garden, Nueva York, NY<\/li>\n<li>12 Madison Square Garden, Nueva York, NY<\/li>\n<li>14 Madison Square Garden, Nueva York, NY<\/li>\n<\/ul>\n<p>Agosto<\/p>\n<ul>\n<li>28 Murrayfield Stadium, Edinburgh, UK<\/li>\n<li>30 Croke Park, Dubl\u00edn, Ireland<\/li>\n<\/ul>\n<p>Septiembre<\/p>\n<ul>\n<li>4 Wembley Stadium, Londres, Inglaterra<\/li>\n<\/ul>\n<p>\u00a0<\/p>\n<p><img fetchpriority=\"high\" decoding=\"async\" src=\"https:\/\/www.europesays.com\/es\/wp-content\/uploads\/2025\/10\/BonJoviTour2026.jpg\" alt=\"BON JOVI\" width=\"400\" height=\"500\"\/><\/p>\n<p>El 24 de octubre sacar\u00e1n una edici\u00f3n especial de su \u00faltimo disco \u201cForever\u201d.<\/p>\n<p>M\u00e1s detalles en esta <a href=\"https:\/\/www.rafabasa.com\/2025\/08\/30\/bon-jovi-geoff-tate-venom\/#BON_JOVI2\" rel=\"nofollow noopener\" target=\"_blank\">noticia<\/a>.<\/p>\n<p>En este <a href=\"https:\/\/www.rafabasa.com\/2024\/06\/10\/escucha-el-disco-de-bon-jovi-jon-bon-jovi-reconoce-que-ahora-mismo-no-puede-girar-tatiana-shmailyuk-habla-del-proximo-disco-de-jinjer-video-de-cavan\/#BON_JOVI\" target=\"_blank\" rel=\"noopener nofollow\">bloque<\/a> pod\u00e9is escuchar el nuevo disco de <a href=\"https:\/\/www.bonjovi.com\/\" target=\"_blank\" rel=\"noopener nofollow\"><strong>BON JOVI<\/strong><\/a> \u201cForever\u201d aparecido el 7 de junio a trav\u00e9s de Island Records.<\/p>\n<p>Los \u00faltimos lanzamientos del grupo en este <a href=\"https:\/\/www.rafabasa.com\/2025\/03\/21\/judas-priest-bon-jovi-move-your-fucking-brain-extreme-fest\/#BON_JOVI\" rel=\"nofollow noopener\" target=\"_blank\">bloque<\/a>.<\/p>\n<p>\u00a0<\/p>\n<p><a href=\"https:\/\/www.facebook.com\/the69eyes\" target=\"_blank\" rel=\"noopener nofollow\"><strong>THE 69 EYES<\/strong><\/a> han publicado un clip del rodaje de su v\u00eddeo \u201cThe Lost Boys\u201d.<\/p>\n<p>La banda nos <a href=\"https:\/\/www.rafabasa.com\/2025\/07\/28\/anthrax-the-69-eyes-d-a-d-coroner\/#DAD\" rel=\"nofollow noopener\" target=\"_blank\">visitar\u00e1 en enero<\/a>.<\/p>\n<p><a href=\"https:\/\/www.facebook.com\/the69eyes\" target=\"_blank\" rel=\"noopener nofollow\"><strong>THE 69 EYES<\/strong><\/a> estrenaron en marzo de 2024 su <a href=\"https:\/\/www.rafabasa.com\/2024\/03\/22\/warcry-the-69-eyes-thantifaxath\/#THE69EYES\" target=\"_blank\" rel=\"noopener nofollow\">\u00faltimo single<\/a>.<\/p>\n<p>Su \u00faltimo disco \u201cDeath Of Darkness\u201d apareci\u00f3 el 21 de abril de 2023 a trav\u00e9s de Atomic Fire Records.<\/p>\n<p>M\u00e1s detalles en esta <a href=\"https:\/\/www.rafabasa.com\/2023\/02\/10\/gary-moore-the-69-eyes-romanthica\/#THE69EYES\" target=\"_blank\" rel=\"noopener nofollow\">noticia<\/a> y los singles aparecidos en <a href=\"https:\/\/www.rafabasa.com\/2023\/07\/14\/saurom-the-69-eyes-evile\/#THE69EYES\" target=\"_blank\" rel=\"noopener nofollow\">esta<\/a>.<\/p>\n<p>M\u00e1s sobre la banda en este <a href=\"https:\/\/www.rafabasa.com\/2023\/08\/10\/helloween-cancelan-sus-proximos-conciertos-directo-de-night-ranger-video-de-the-69-eyes\/#THE69EYES\" target=\"_blank\" rel=\"noopener nofollow\">bloque<\/a>.<\/p>\n<p>\u00a0<\/p>\n<p>\u00a0<\/p>\n<p><strong>BABYLON A.D.<\/strong> han estrenado un nuevo v\u00eddeo para el tema \u201cWhen The World Stops\u201d.<\/p>\n<p><strong>BABYLON A.D.<\/strong> sacar\u00e1n el 1 de septiembre a trav\u00e9s de Kivel Records un nuevo disco titulado \u201cWhen The World Stops\u201d.<\/p>\n<p>Todos los detalles en esta <a href=\"https:\/\/www.rafabasa.com\/2025\/08\/05\/steven-wilson-black-sabbath-green-carnation-babylon-a-d\/#BABYLON\" rel=\"nofollow noopener\" target=\"_blank\">noticia<\/a>.<\/p>\n<p align=\"center\"><strong>Sigue el\u00a0<a href=\"https:\/\/whatsapp.com\/channel\/0029VaCprxVBA1f555USvT2O\" target=\"_blank\" rel=\"nofollow noopener\">Canal de RAFABASA.COM en WhatsApp<\/a>, donde encontrar\u00e1s todas nuestras novedades al instante<\/strong><\/p>\n<p>\u00a0<\/p>\n","protected":false},"excerpt":{"rendered":"\u00a0 BON JOVI vuelven a los escenarios \u2013 Rodaje de THE 69 EYES \u2013 BABYLON A.D. estrenan v\u00eddeo.&hellip;\n","protected":false},"author":2,"featured_media":199928,"comment_status":"","ping_status":"","sticky":false,"template":"","format":"standard","meta":{"footnotes":""},"categories":[170],"tags":[55072,17371,146,147,25,24,184,185,23,55073],"class_list":{"0":"post-199927","1":"post","2":"type-post","3":"status-publish","4":"format-standard","5":"has-post-thumbnail","7":"category-musica","8":"tag-babylon-a-d","9":"tag-bon-jovi","10":"tag-entertainment","11":"tag-entretenimiento","12":"tag-es","13":"tag-espana","14":"tag-music","15":"tag-musica","16":"tag-spain","17":"tag-the-69-eyes"},"share_on_mastodon":{"url":"https:\/\/pubeurope.com\/@es\/115434184012738320","error":""},"_links":{"self":[{"href":"https:\/\/www.europesays.com\/es\/wp-json\/wp\/v2\/posts\/199927","targetHints":{"allow":["GET"]}}],"collection":[{"href":"https:\/\/www.europesays.com\/es\/wp-json\/wp\/v2\/posts"}],"about":[{"href":"https:\/\/www.europesays.com\/es\/wp-json\/wp\/v2\/types\/post"}],"author":[{"embeddable":true,"href":"https:\/\/www.europesays.com\/es\/wp-json\/wp\/v2\/users\/2"}],"replies":[{"embeddable":true,"href":"https:\/\/www.europesays.com\/es\/wp-json\/wp\/v2\/comments?post=199927"}],"version-history":[{"count":0,"href":"https:\/\/www.europesays.com\/es\/wp-json\/wp\/v2\/posts\/199927\/revisions"}],"wp:featuredmedia":[{"embeddable":true,"href":"https:\/\/www.europesays.com\/es\/wp-json\/wp\/v2\/media\/199928"}],"wp:attachment":[{"href":"https:\/\/www.europesays.com\/es\/wp-json\/wp\/v2\/media?parent=199927"}],"wp:term":[{"taxonomy":"category","embeddable":true,"href":"https:\/\/www.europesays.com\/es\/wp-json\/wp\/v2\/categories?post=199927"},{"taxonomy":"post_tag","embeddable":true,"href":"https:\/\/www.europesays.com\/es\/wp-json\/wp\/v2\/tags?post=199927"}],"curies":[{"name":"wp","href":"https:\/\/api.w.org\/{rel}","templated":true}]}}