{"id":199929,"date":"2025-10-25T09:50:09","date_gmt":"2025-10-25T09:50:09","guid":{"rendered":"https:\/\/www.europesays.com\/es\/199929\/"},"modified":"2025-10-25T09:50:09","modified_gmt":"2025-10-25T09:50:09","slug":"la-importante-reflexion-de-alex-odogherty-tras-vender-solo-cinco-entradas-para-ver-su-documental-en-bilbao","status":"publish","type":"post","link":"https:\/\/www.europesays.com\/es\/199929\/","title":{"rendered":"La importante reflexi\u00f3n de Alex O&#8217;Dogherty tras vender solo cinco entradas para ver su documental en Bilbao"},"content":{"rendered":"<p><img fetchpriority=\"high\" class=\"v-a-img\" src=\"https:\/\/www.europesays.com\/es\/wp-content\/uploads\/2025\/10\/doherty-keLF-U2303495915100QjD-1200x840@El Correo.jpg\" loading=\"eager\" decoding=\"async\" alt=\"La importante reflexi\u00f3n de Alex O'Dogherty tras vender solo cinco entradas para ver su documental en Bilbao\"  width=\"1200\" height=\"840\"\/><\/p>\n<p>El actor charl\u00f3 con los asistentes, se sac\u00f3 una foto con ellos y despu\u00e9s la subi\u00f3 a sus redes sociales<\/p>\n<p class=\"v-mdl-ath__p v-mdl-ath__p--6\">\nS\u00e1bado, 25 de octubre 2025, 10:39<\/p>\n<p>| Actualizado 11:13h.<\/p>\n<p class=\"v-p\">El actor Alex O&#8217;Dogherty no tuvo el jueves la acogida que buscaba en Bilbao. El humorista proyect\u00f3 su documental &#8216;De todos lados un poco&#8217; en Multicines 7 y a la sala solo acudieron cinco personas. O&#8217;Dogherty se lo tom\u00f3 con humor y se sac\u00f3 una foto con los asistentes que despu\u00e9s subi\u00f3 a sus <a href=\"https:\/\/www.facebook.com\/photo.php?fbid=1411341103690373&amp;set=a.205752947582534&amp;type=3&amp;mibextid=wwXIfr&amp;rdid=5qNikZ9rfw1BOQbI&amp;share_url=https%3A%2F%2Fwww.facebook.com%2Fshare%2F1BDi9iEFkR%2F%3Fmibextid%3DwwXIfr#\" target=\"_blank\" title=\"www.facebook.com\" data-voc-vtm-id=\"in-text-traffic\" data-mrf-link=\"www.facebook.com\" rel=\"nofollow noopener\">redes sociales<\/a>.<\/p>\n<p class=\"v-p\">\u00abEn este cada vez m\u00e1s repugnante mundo digital, donde todo tiene que ser teatros llenos y \u00e9xitos sin precedentes, que nos hacen sentir peque\u00f1os si nuestra vida no es tan guay como la que vemos en esta pantallita, yo he decidido rebelarme, y mostraros la realidad\u00bb, comenz\u00f3 explicando O&#8217;Dogherty.<\/p>\n<p class=\"v-p\">El actor asum\u00eda con total naturalidad que \u00aba veces lleno teatros y otras no\u00bb, y muestra \u00aborgulloso\u00bb a los cinco asistentes a la proyecci\u00f3n \u00abporque fueron personas encantadoras y sus comentarios hacia el docu estuvieron llenos de cari\u00f1o y reconocimiento\u00bb.<\/p>\n<p class=\"v-p\">Antes de despedirse, O&#8217;Dogherty lanza una importante reflexi\u00f3n: \u00abQue m\u00e1s quisiera yo que hubiera estado lleno, pero estoy es lo que hay a veces. Y hay que aceptarlo\u00bb. Termin\u00f3 dando las gracias a los cinco asistentes y prometi\u00f3 que \u00abseguiremos trabajando\u00bb. Y as\u00ed fue. Anoche estuvo tambi\u00e9n presente en el teatro Campos El\u00edseos con su gira &#8216;Palabras mayores&#8217;.<\/p>\n<p class=\"v-p\">En este mon\u00f3logo, el humor irreverente y la introspecci\u00f3n se cruzan con la misma facilidad con la que \u00e9l maneja las palabras. El show desaf\u00eda lo convencional y lo hace sin medida: lo mismo te habla de su perra, de su propio entierro o de lo r\u00e1pido que va la gente.<\/p>\n<p>Reporta un error<\/p>\n","protected":false},"excerpt":{"rendered":"El actor charl\u00f3 con los asistentes, se sac\u00f3 una foto con ellos y despu\u00e9s la subi\u00f3 a sus&hellip;\n","protected":false},"author":2,"featured_media":199930,"comment_status":"","ping_status":"","sticky":false,"template":"","format":"standard","meta":{"footnotes":""},"categories":[169],"tags":[2865,2601,5810,177,6084,146,4401,147,25,24,176,908,175,55074,27958,1138,23,575,32684,809],"class_list":{"0":"post-199929","1":"post","2":"type-post","3":"status-publish","4":"format-standard","5":"has-post-thumbnail","7":"category-cine","8":"tag-alex","9":"tag-bilbao","10":"tag-cinco","11":"tag-cine","12":"tag-documental","13":"tag-entertainment","14":"tag-entradas","15":"tag-entretenimiento","16":"tag-es","17":"tag-espana","18":"tag-film","19":"tag-importante","20":"tag-movies","21":"tag-odogherty","22":"tag-reflexion","23":"tag-solo","24":"tag-spain","25":"tag-tras","26":"tag-vender","27":"tag-ver"},"share_on_mastodon":{"url":"https:\/\/pubeurope.com\/@es\/115434187993500194","error":""},"_links":{"self":[{"href":"https:\/\/www.europesays.com\/es\/wp-json\/wp\/v2\/posts\/199929","targetHints":{"allow":["GET"]}}],"collection":[{"href":"https:\/\/www.europesays.com\/es\/wp-json\/wp\/v2\/posts"}],"about":[{"href":"https:\/\/www.europesays.com\/es\/wp-json\/wp\/v2\/types\/post"}],"author":[{"embeddable":true,"href":"https:\/\/www.europesays.com\/es\/wp-json\/wp\/v2\/users\/2"}],"replies":[{"embeddable":true,"href":"https:\/\/www.europesays.com\/es\/wp-json\/wp\/v2\/comments?post=199929"}],"version-history":[{"count":0,"href":"https:\/\/www.europesays.com\/es\/wp-json\/wp\/v2\/posts\/199929\/revisions"}],"wp:featuredmedia":[{"embeddable":true,"href":"https:\/\/www.europesays.com\/es\/wp-json\/wp\/v2\/media\/199930"}],"wp:attachment":[{"href":"https:\/\/www.europesays.com\/es\/wp-json\/wp\/v2\/media?parent=199929"}],"wp:term":[{"taxonomy":"category","embeddable":true,"href":"https:\/\/www.europesays.com\/es\/wp-json\/wp\/v2\/categories?post=199929"},{"taxonomy":"post_tag","embeddable":true,"href":"https:\/\/www.europesays.com\/es\/wp-json\/wp\/v2\/tags?post=199929"}],"curies":[{"name":"wp","href":"https:\/\/api.w.org\/{rel}","templated":true}]}}