{"id":199957,"date":"2025-10-25T10:11:09","date_gmt":"2025-10-25T10:11:09","guid":{"rendered":"https:\/\/www.europesays.com\/es\/199957\/"},"modified":"2025-10-25T10:11:09","modified_gmt":"2025-10-25T10:11:09","slug":"ella-ha-pasado-por-lo-mismo","status":"publish","type":"post","link":"https:\/\/www.europesays.com\/es\/199957\/","title":{"rendered":"Ella ha pasado por lo mismo"},"content":{"rendered":"<p class=\"article-text\">\n        <strong>Eugenia Osborne<\/strong>, hija de <strong>Bert\u00edn Osborne<\/strong>, record\u00f3 anoche en <strong>De Viernes<\/strong> el impacto emocional que le provoc\u00f3 la muerte de su madre, <strong>Sandra Domecq<\/strong>, cuando apenas ten\u00eda 19 a\u00f1os.\n    <\/p>\n<p>    <a href=\"https:\/\/www.eldiario.es\/vertele\/videos\/entrevistas\/pantomima-full-serie-disney-entrepreneurs-alberto-casado-rober-bodegas-flipados-farsantes_7_12711900.html\" data-mrf-recirculation=\"saber-mas\" data-dl-event=\"saber-mas\" rel=\"nofollow noopener\" target=\"_blank\"><\/p>\n<p class=\"know-more__title\">Los &#8216;Pantomima Full&#8217; se hacen &#8216;Entrepreneurs&#8217; en Disney+: \u00abSe nos exige que ajusticiemos a los flipados y farsantes\u00bb<\/p>\n<p>            <img decoding=\"async\" class=\"lazy\" loading=\"lazy\" data-src=\"https:\/\/static.eldiario.es\/clip\/9c0ec894-bb00-4dbd-84c3-027f8f501ec9_16-9-aspect-ratio_default_0.jpg\" src=\"data:image\/svg+xml,%3Csvg xmlns=\" http:=\"\" viewbox=\"0 0 880 495\" alt=\"Los 'Pantomima Full' se hacen 'Entrepreneurs' en Disney+: &quot;Se nos exige que ajusticiemos a los flipados y farsantes&quot;\"\/><\/p>\n<p>                            <img decoding=\"async\" class=\"ni-multimedia\" src=\"https:\/\/www.eldiario.es\/assets\/img\/svg\/icons\/gallery-video.h-2e826467718e0ad0cb33a0bdb174f603.svg\" alt=\"Los 'Pantomima Full' se hacen 'Entrepreneurs' en Disney+: &quot;Se nos exige que ajusticiemos a los flipados y farsantes&quot;\"\/><br \/>\n                        <\/a><\/p>\n<p class=\"article-text\">\n        \u201cFue madre y padre. Siempre tan dedicada a nosotras que, en el momento en el que se fue, se nos fue todo\u201d, cont\u00f3 emocionada. <strong>Domecq muri\u00f3 en 2004 a causa de un c\u00e1ncer<\/strong>. Ten\u00eda 50 a\u00f1os.\n    <\/p>\n<p class=\"article-text\">\n        \u201cEra una dedicaci\u00f3n absoluta, un amor incondicional que no he vuelto a sentir hacia mi. Echo de menos el olor de sus manos cuando me acariciaba la cara cuando me iba a dormir. Me acuerdo del olor de sus manos, de su risa y de verla bailar\u201d, a\u00f1ad\u00eda entre l\u00e1grimas.\n    <\/p>\n<p class=\"article-text\">\n        Frente a ella, <strong>Beatriz Archidona<\/strong> intent\u00f3 mantener la compostura hasta que rompi\u00f3 a llorar. Por desgracia, estos recuerdos le resultaban muy familiares. Fue una situaci\u00f3n inesperada que <strong>Santi Acosta<\/strong> supo explicar con muy pocas palabras y sin entrar en detalles.<strong> \u201cElla tambi\u00e9n ha pasado por lo mismo\u201d<\/strong>, se\u00f1al\u00f3 el presentador, dando a entender que su compa\u00f1era hab\u00eda sufrido la misma p\u00e9rdida.\n    <\/p>\n<p>    <a href=\"https:\/\/www.eldiario.es\/vertele\/noticias\/maxi-iglesias-sufrio-bullying-companeros-fisica-quimica-malas-personas_1_12713000.html\" data-mrf-recirculation=\"saber-mas-abajo\" data-dl-event=\"saber-mas-abajo\" rel=\"nofollow noopener\" target=\"_blank\"><\/p>\n<p class=\"know-more__title\">Maxi Iglesias revela que sufri\u00f3 bullying de \u201calgunos compa\u00f1eros\u201d de &#8216;F\u00edsica o Qu\u00edmica&#8217;: \u201cLa ambici\u00f3n no tiene edad\u201d<\/p>\n<p>            <img decoding=\"async\" class=\"lazy\" loading=\"lazy\" data-src=\"https:\/\/static.eldiario.es\/clip\/dbcb64f8-d44d-4e73-ba9d-e3f17ce6cb3e_16-9-aspect-ratio_default_0.jpg\" src=\"data:image\/svg+xml,%3Csvg xmlns=\" http:=\"\" viewbox=\"0 0 880 495\" alt=\"Maxi Iglesias revela que sufri\u00f3 bullying de &quot;algunos compa\u00f1eros&quot; de 'F\u00edsica o Qu\u00edmica': &quot;La ambici\u00f3n no tiene edad&quot;\"\/><\/p>\n<p>                        <\/a><\/p>\n<p class=\"article-text\">\n        En efecto, Eugenia hab\u00eda descrito a la perfecci\u00f3n los sentimientos de Archidona. <strong>\u201cLo que dices&#8230; lo siento igual. Lo has explicado superbien\u201d<\/strong>, dijo la periodista con la voz rota por el \u201cdolor\u201d. Al verla as\u00ed de afligida, Eugenia se acerc\u00f3 a Beatriz para darle un emotivo abrazo.\n    <\/p>\n","protected":false},"excerpt":{"rendered":"Eugenia Osborne, hija de Bert\u00edn Osborne, record\u00f3 anoche en De Viernes el impacto emocional que le provoc\u00f3 la&hellip;\n","protected":false},"author":2,"featured_media":199958,"comment_status":"","ping_status":"","sticky":false,"template":"","format":"standard","meta":{"footnotes":""},"categories":[171],"tags":[41551,22296,30593,146,147,25,24,29412,55077,18868,55076,25178,18867,23,42786,214],"class_list":{"0":"post-199957","1":"post","2":"type-post","3":"status-publish","4":"format-standard","5":"has-post-thumbnail","7":"category-tv","8":"tag-archidona","9":"tag-beatriz","10":"tag-de-viernes","11":"tag-entertainment","12":"tag-entretenimiento","13":"tag-es","14":"tag-espana","15":"tag-eugenia","16":"tag-eugenia-domecq","17":"tag-llorar","18":"tag-muere-madre","19":"tag-osborne","20":"tag-rompio","21":"tag-spain","22":"tag-testimonio","23":"tag-tv"},"share_on_mastodon":{"url":"https:\/\/pubeurope.com\/@es\/115434270591193244","error":""},"_links":{"self":[{"href":"https:\/\/www.europesays.com\/es\/wp-json\/wp\/v2\/posts\/199957","targetHints":{"allow":["GET"]}}],"collection":[{"href":"https:\/\/www.europesays.com\/es\/wp-json\/wp\/v2\/posts"}],"about":[{"href":"https:\/\/www.europesays.com\/es\/wp-json\/wp\/v2\/types\/post"}],"author":[{"embeddable":true,"href":"https:\/\/www.europesays.com\/es\/wp-json\/wp\/v2\/users\/2"}],"replies":[{"embeddable":true,"href":"https:\/\/www.europesays.com\/es\/wp-json\/wp\/v2\/comments?post=199957"}],"version-history":[{"count":0,"href":"https:\/\/www.europesays.com\/es\/wp-json\/wp\/v2\/posts\/199957\/revisions"}],"wp:featuredmedia":[{"embeddable":true,"href":"https:\/\/www.europesays.com\/es\/wp-json\/wp\/v2\/media\/199958"}],"wp:attachment":[{"href":"https:\/\/www.europesays.com\/es\/wp-json\/wp\/v2\/media?parent=199957"}],"wp:term":[{"taxonomy":"category","embeddable":true,"href":"https:\/\/www.europesays.com\/es\/wp-json\/wp\/v2\/categories?post=199957"},{"taxonomy":"post_tag","embeddable":true,"href":"https:\/\/www.europesays.com\/es\/wp-json\/wp\/v2\/tags?post=199957"}],"curies":[{"name":"wp","href":"https:\/\/api.w.org\/{rel}","templated":true}]}}