{"id":199975,"date":"2025-10-25T10:21:11","date_gmt":"2025-10-25T10:21:11","guid":{"rendered":"https:\/\/www.europesays.com\/es\/199975\/"},"modified":"2025-10-25T10:21:11","modified_gmt":"2025-10-25T10:21:11","slug":"la-virgen-de-la-esperanza-de-triana-estara-presente-en-el-jubileo-de-las-hermandades","status":"publish","type":"post","link":"https:\/\/www.europesays.com\/es\/199975\/","title":{"rendered":"LA VIRGEN DE LA ESPERANZA DE TRIANA ESTAR\u00c1 PRESENTE EN EL JUBILEO DE LAS HERMANDADES"},"content":{"rendered":"<p>La Virgen de la Esperanza de Triana estar\u00e1 presente en la Misa Jubilar de las Hermandades, que se celebrar\u00e1 hoy, 25 de octubre, a las 20:00 horas en la Catedral de Sevilla. El acto estar\u00e1 presidido por el arzobispo Jos\u00e9 \u00c1ngel Saiz Meneses.<\/p>\n<p>Los actos continuar\u00e1n con el besamanos los d\u00edas 26, 27 y 28 de octubre. Posteriormente, se llevar\u00e1 a cabo el triduo en honor a la Virgen, programado para los d\u00edas 29, 30 y 31 de octubre. La celebraci\u00f3n concluir\u00e1 el 1 de noviembre con la Solemne Funci\u00f3n de Clausura de la Misi\u00f3n, marcando el cierre de un per\u00edodo de profunda devoci\u00f3n y reflexi\u00f3n espiritual.<\/p>\n","protected":false},"excerpt":{"rendered":"La Virgen de la Esperanza de Triana estar\u00e1 presente en la Misa Jubilar de las Hermandades, que se&hellip;\n","protected":false},"author":2,"featured_media":199976,"comment_status":"","ping_status":"","sticky":false,"template":"","format":"standard","meta":{"footnotes":""},"categories":[5],"tags":[17,18,3860,3861,3862,3863,25,24,13,14,11,55078,19,20,9,10,15,16,23,12,21,22,55079],"class_list":{"0":"post-199975","1":"post","2":"type-post","3":"status-publish","4":"format-standard","5":"has-post-thumbnail","7":"category-titulares","8":"tag-breaking-news","9":"tag-breakingnews","10":"tag-cabildo-catedral","11":"tag-cabildo-catedral-de-sevilla","12":"tag-cabildo-metropolitano","13":"tag-catedral-de-sevilla","14":"tag-es","15":"tag-espana","16":"tag-featured-news","17":"tag-featurednews","18":"tag-headlines","19":"tag-jubileo-de-las-hermandades","20":"tag-latest-news","21":"tag-latestnews","22":"tag-news","23":"tag-noticias","24":"tag-noticias-destacadas","25":"tag-noticiasdestacadas","26":"tag-spain","27":"tag-titulares","28":"tag-ultimas-noticias","29":"tag-ultimasnoticias","30":"tag-virgen-de-la-esperanza-de-triana"},"share_on_mastodon":{"url":"https:\/\/pubeurope.com\/@es\/115434309745372578","error":""},"_links":{"self":[{"href":"https:\/\/www.europesays.com\/es\/wp-json\/wp\/v2\/posts\/199975","targetHints":{"allow":["GET"]}}],"collection":[{"href":"https:\/\/www.europesays.com\/es\/wp-json\/wp\/v2\/posts"}],"about":[{"href":"https:\/\/www.europesays.com\/es\/wp-json\/wp\/v2\/types\/post"}],"author":[{"embeddable":true,"href":"https:\/\/www.europesays.com\/es\/wp-json\/wp\/v2\/users\/2"}],"replies":[{"embeddable":true,"href":"https:\/\/www.europesays.com\/es\/wp-json\/wp\/v2\/comments?post=199975"}],"version-history":[{"count":0,"href":"https:\/\/www.europesays.com\/es\/wp-json\/wp\/v2\/posts\/199975\/revisions"}],"wp:featuredmedia":[{"embeddable":true,"href":"https:\/\/www.europesays.com\/es\/wp-json\/wp\/v2\/media\/199976"}],"wp:attachment":[{"href":"https:\/\/www.europesays.com\/es\/wp-json\/wp\/v2\/media?parent=199975"}],"wp:term":[{"taxonomy":"category","embeddable":true,"href":"https:\/\/www.europesays.com\/es\/wp-json\/wp\/v2\/categories?post=199975"},{"taxonomy":"post_tag","embeddable":true,"href":"https:\/\/www.europesays.com\/es\/wp-json\/wp\/v2\/tags?post=199975"}],"curies":[{"name":"wp","href":"https:\/\/api.w.org\/{rel}","templated":true}]}}