{"id":199981,"date":"2025-10-25T10:30:15","date_gmt":"2025-10-25T10:30:15","guid":{"rendered":"https:\/\/www.europesays.com\/es\/199981\/"},"modified":"2025-10-25T10:30:15","modified_gmt":"2025-10-25T10:30:15","slug":"todavia-no-asimilo-que-mi-hijo-iago-sea-una-leyenda-del-celta","status":"publish","type":"post","link":"https:\/\/www.europesays.com\/es\/199981\/","title":{"rendered":"\u00abTodav\u00eda no asimilo que mi hijo Iago sea una leyenda del Celta\u00bb"},"content":{"rendered":"<p>\t\t\t\t\t\tMar\u00eda Juncal cuenta c\u00f3mo vivi\u00f3 el r\u00e9cord y homenaje a Aspas, a quien imaginaba saltando al campo cuando \u00e9l era recogepelotas de ni\u00f1o<br \/>\n\t\t\t\t\t\t\t\t\t\t\t\t<strong>25 oct 2025<\/strong> . Actualizado a las 05:00 h.\t\t\t\t\t\t<\/p>\n<p class=\"first-paragraph txt\">\u00abCuando <strong>m\u00e1s me emocion\u00e9<\/strong> fue con el dibujo del<strong> avi\u00f3n, cuando se fue<\/strong>. \u00a1Madre m\u00eda!\u00bb. Habla Mar\u00eda Juncal, madre de <a href=\"https:\/\/www.lavozdegalicia.es\/temas\/iago-aspas\" rel=\"nofollow noopener\" target=\"_blank\">Iago Aspas<\/a>, que dentro del <strong>\u00abprecioso\u00bb recorrido por la carrera<\/strong> del gran nombre propio\u00a0del<strong> <a href=\"https:\/\/www.lavozdegalicia.es\/temas\/celta\" rel=\"nofollow noopener\" target=\"_blank\">Celta<\/a><\/strong> en el <strong>espect\u00e1culo de drones<\/strong> por convertirse en el jugador con m\u00e1s partidos el jueves en Bala\u00eddos, se fija en ese trance duro para ella, el del <strong>adi\u00f3s rumbo a Liverpool<\/strong> en el a\u00f1o 2013. Dejaba su casa y era imposible saber cu\u00e1ndo volver\u00eda y lo que lograr\u00eda. Ella a\u00fan <strong>no se hace a la idea<\/strong> de hasta qu\u00e9 punto ha agigantado su leyenda en la \u00faltima d\u00e9cada, desde aquel retorno: \u00abTodav\u00eda <strong>no asimilo lo que consigui\u00f3<\/strong> y que me digan que mi hijo es una <strong>leyenda del Celta<\/strong>\u00bb.<\/p>\n<p class=\"txt\">En la noche del jueves, su tel\u00e9fono echaba humo con las llamadas y wasaps. Ya en la grada, aunque huya del foco, era centro de atenci\u00f3n. \u00abTodos me miraban, y <strong>dije: \u2018No voy a llorar\u2019<\/strong>. Pero s\u00ed que me emocion\u00e9. Lloraba mi nieto mayor, mis otros hijos\u2026 <strong>No esper\u00e1bamos algo tan bonito<\/strong>\u00bb, cuenta. Lo que s\u00ed intu\u00eda es que <strong>Iago pod\u00eda ser protagonista<\/strong>, como en las grandes ocasiones. \u00ab\u00a1Madre, m\u00eda, <strong>qu\u00e9 golazo!<\/strong> \u00a1No s\u00e9 de d\u00f3nde sac\u00f3 semejante gol, qu\u00e9 <strong>maravilla!<\/strong>\u00bb, exclama al tiempo que asegura que lo que sinti\u00f3\u00a0dif\u00edcilmente se puede expresar con palabras: \u00abMe cuesta manifestarlo, pero<strong> fue incre\u00edble\u00bb<\/strong>.<\/p>\n<p class=\"txt\">\n<p>\t\t\t\t\t\t\t\t\t\t\t\t&#13;<br \/>\n\t\t\t\t\t\t\t\t&#13;<br \/>\n&#13;<br \/>\n&#13;<\/p>\n<p>\t\t\t&#13;<br \/>\n\t&#13;<\/p>\n<p>\t\t\t<a href=\"https:\/\/www.lavozdegalicia.es\/noticia\/gradario\/2025\/10\/24\/enesimo-tenia-\/0003_202510V24P45991.htm\" data-analytics=\"link-embed\" rel=\"nofollow noopener\" target=\"_blank\">El en\u00e9simo \u00abten\u00eda que ser \u00e9l\u00bb<\/a><\/p>\n<p class=\"a-min-author\">\n<p>\t\t\t\t\t\t\t\t\t\t\tM. V. F.<br \/>\n\t\t\t\t\t\t\t\t\t\t \/  \t\t\t\t\t<\/p>\n<p>\t\t\t\t\t\t\t\t\t\t\t<a href=\"https:\/\/www.lavozdegalicia.es\/firmas\/pedro-rodriguez-villar\" rel=\"nofollow noopener\" target=\"_blank\"> \tPedro Rodr\u00edguez<\/a><\/p>\n<p>\t&#13;<br \/>\n\t&#13;<br \/>\n&#13;<\/p>\n<p class=\"txt\">En sus palabras desde el centro del campo, y como cada vez que tiene ocasi\u00f3n, \u00e9l <strong>se acord\u00f3 de ellos, sus padres,<\/strong> de los <strong>sacrificios que hac\u00edan<\/strong> para que pudiera ir a entrenar desde Moa\u00f1a a una <strong>A Madroa<\/strong> \u00abfr\u00eda, sin gradas, que era todo cemento\u00bb. \u00abYo, entonces, no conduc\u00eda, y ahora, tampoco \u2014r\u00ede. Depend\u00eda de mi t\u00edo, mis cu\u00f1ados&#8230; A veces, <strong>se marchaba en el barco<\/strong> de las ocho de la ma\u00f1ana, lo cog\u00eda en el muelle un<strong> entrenador<\/strong> que ten\u00eda al que hay mucho que agradecer\u00bb, se\u00f1ala.<\/p>\n<p class=\"txt\">Su progenitora comparte con Aspas esa sensaci\u00f3n de <strong>no haber imaginado nunca<\/strong> que llegar\u00eda a donde ha llegado, pero ella s\u00ed <strong>fantaseaba con ese debut en Bala\u00eddos<\/strong> que el moa\u00f1\u00e9s dice que\u00a0ni siquiera contemplaba de ni\u00f1o. \u00abCuando iba de recogepelotas, yo pensaba:<strong> \u2018Este, alg\u00fan d\u00eda, sale a ese campo\u2019<\/strong>. Pero tantos partidos s\u00ed que no\u00bb, reconoce. Aquel estreno contra el Alav\u00e9s en el 2009 es de los recuerdos m\u00e1s grabados, pero la lista es larga. \u00abTampoco me olvido de cuando <strong>ven\u00eda de estar mal,<\/strong> que <strong>pod\u00edamos descender<\/strong>, cuando luego lloraba en el banquillo\u00bb, recuerda el <strong>Celta-Villarreal de A Nosa Reconquista<\/strong>, aquella reaparici\u00f3n con doblete tras lesi\u00f3n del 2019 que tiene \u00abah\u00ed metido para siempre\u00bb.<\/p>\n<blockquote class=\"instagram-media\" data-instgrm-captioned=\"\" data-instgrm-permalink=\"https:\/\/www.instagram.com\/reel\/DQNNrRWDN1N\/?utm_source=ig_embed&amp;utm_campaign=loading\" data-instgrm-version=\"14\" style=\" background:#FFF; border:0; border-radius:3px; box-shadow:0 0 1px 0 rgba(0,0,0,0.5),0 1px 10px 0 rgba(0,0,0,0.15); margin: 1px; max-width:658px; min-width:326px; padding:0; width:99.375%; width:-webkit-calc(100% - 2px); width:calc(100% - 2px);\"\/>\n<p class=\"txt\">\n<p>\t\t\t\t\t\t\t\t\t\t\t\t&#13;<br \/>\n\t\t\t\t\t\t\t\t&#13;<br \/>\n&#13;<br \/>\n&#13;<\/p>\n<p>\t\t\t&#13;<br \/>\n\t&#13;<\/p>\n<p>\t\t\t<a href=\"https:\/\/www.lavozdegalicia.es\/noticia\/gradario\/2025\/10\/25\/roberto-lago-gol-decir-bienvenidos-fiesta-elegido\/0003_202510V25P43992.htm\" data-analytics=\"link-embed\" rel=\"nofollow noopener\" target=\"_blank\">Roberto Lago: \u00abSu gol fue como decir: &#8216;Bienvenidos a mi fiesta&#8217;; es un elegido\u00bb<\/a><\/p>\n<p class=\"a-min-author\">La Voz<\/p>\n<p>\t&#13;<br \/>\n\t&#13;<br \/>\n&#13;<\/p>\n<p class=\"txt\">Mar\u00eda responde con un \u00abno me lo recuerdes\u00bb cuando se le menciona el <a class=\"link-txt\" href=\"https:\/\/www.lavozdegalicia.es\/noticia\/gradario\/2020\/02\/29\/gracias-parir\/00031582982903087388563.htm\" rel=\"nofollow noopener\" target=\"_blank\">c\u00e1ntico de <strong>\u00ab\u00a1gracias por parir!\u00bb<\/strong><\/a> en uno de sus viajes en autob\u00fas para ver al equipo. <strong>\u00abMe qued\u00e9 muerta\u00bb<\/strong>, apunta. Una de tantas muestras de cari\u00f1o que recibe. \u00abMe dicen: \u2018\u00bf<strong>Te das cuenta de lo importante que es Iago en el Celta?<\/strong> Y me cuesta pensar todo lo que hizo\u00bb, insiste. Evoca tambi\u00e9n el <strong>gol de Getafe<\/strong> para la vuelta a Europa el pasado mes de mayo, momento que vivi\u00f3 in situ en el campo, en uno de sus numerosos viajes. \u00abDec\u00eda: <strong>\u2018Siempre aparece, ah\u00ed estaba<\/strong>, en el \u00faltimo momento\u2026\u2019. <strong>No me imagino que termine (su carrera)<\/strong>\u00bb, desliza.<\/p>\n<p class=\"txt\">Preguntada por ese adi\u00f3s, intuye que es una <strong>decisi\u00f3n que Iago no tiene tomada<\/strong> todav\u00eda. \u00abYo creo que para un a\u00f1o m\u00e1s s\u00ed le da. Es verdad que<strong> ya no corre lo que corr\u00eda<\/strong>, pero se esfuerza un mont\u00f3n y con esa <strong>garra<\/strong> que tiene y que <strong>nunca da un bal\u00f3n por perdido<\/strong> hasta el \u00faltimo minuto\u2026\u00bb, partiendo de que, como ha declarado \u00e9l en m\u00e1s de una ocasi\u00f3n, \u00ab<strong>no quiere terminar a rastras<\/strong> por el campo y prefiere ir viendo qu\u00e9 sensaciones tiene\u00bb. Tambi\u00e9n est\u00e1n su dolencia cr\u00f3nica de<strong> espalda<\/strong>: \u00abLe preguntas y no dice nada, solo \u2018ah\u00ed voy\u2019\u00bb.<\/p>\n<p class=\"txt\">\n<p>\t\t\t\t\t\t\t\t\t\t\t\t&#13;<br \/>\n&#13;<br \/>\n&#13;<br \/>\n\t&#13;<br \/>\n\t\t\t\t\t\t\t\t\t&#13;<\/p>\n<p>\t\t\t<a href=\"https:\/\/www.lavozdegalicia.es\/noticia\/gradario\/2025\/10\/25\/gracias-aspas-dando-valor-carrera-manolo\/0003_202510V25P43994.htm\" data-analytics=\"link-embed\" rel=\"nofollow noopener\" target=\"_blank\">Gracias a Aspas se est\u00e1 dando valor a la carrera de Manolo<\/a><\/p>\n<p class=\"a-min-author\">\n<p>\t\t\t\t\t\t\t\t\t\t\tJavier Mat\u00e9<\/p>\n<p>\t\t\t\t&#13;<\/p>\n<p class=\"ladillo\"><strong>Un \u00abforofo\u00bb celeste<\/strong><\/p>\n<p class=\"txt\">Destaca Juncal que est\u00e1<strong> igualmente orgullosa de sus cuatro hijos<\/strong>, porque por mucho que Iago sea \u00abel mejor en su trabajo\u00bb, lo que m\u00e1s le importa es <strong>c\u00f3mo es como persona<\/strong> y asegura que triunfar en el f\u00fatbol no le ha cambiado. \u00abLos cuatro son buenos, cari\u00f1osos est\u00e1n pendientes de m\u00ed\u2026 De Iago, lo que m\u00e1s me gusta es que es <strong>humilde<\/strong>, me lo dice la gente. En Moa\u00f1a, es<strong> un vecino m\u00e1s<\/strong>: juega con los ni\u00f1os en el parque, habla con todo el mundo,<strong> es muy sencillo. Yo me quedo con eso<\/strong>\u00bb, subraya. Tiene a quien salir, porque su progenitora no quiere saber nada de palcos, como ha contado otras veces, y tras el partido ni siquiera lleg\u00f3 a ver a Iago porque \u00abse iba el <strong>autob\u00fas de la pe\u00f1a<\/strong>\u00bb -la que lleva el nombre de Aspas- con el que siempre se desplaza al estadio.<\/p>\n<blockquote class=\"twitter-tweet\">\n<p dir=\"ltr\" lang=\"es\">\u00abYo le digo: &#8216;Iago, t\u00fa no puedes ser un hincha, t\u00fa eres un jugador&#8217;. Pero \u00e9l es m\u00e1s hincha que jugador. Para \u00e9l el Celta es todo\u00bb. Mar\u00eda Juncal (madre de <a href=\"https:\/\/twitter.com\/aspas10?ref_src=twsrc%5Etfw\" rel=\"nofollow noopener\" target=\"_blank\">@aspas10<\/a>), en Butarque, hace hoy dos a\u00f1os ?<a href=\"https:\/\/t.co\/sKsnItiMjm\" rel=\"nofollow\">pic.twitter.com\/sKsnItiMjm<\/a><\/p>\n<p>&#13;<br \/>\n\t\t\t\t\t\t\t\t\t\t\t\t\t\t\t\t\t\t\t\t\t\t\t\t\u2014 Grada de R\u00edo (@gradaderio) <a href=\"https:\/\/twitter.com\/gradaderio\/status\/1387154987147481088?ref_src=twsrc%5Etfw\" rel=\"nofollow noopener\" target=\"_blank\">April 27, 2021<\/a><\/p><\/blockquote>\n<p class=\"txt\">\n<p>\t\t\t\t\t\t\t\t\t\t\t\t&#13;<br \/>\n\t\t\t\t\t\t\t\t&#13;<br \/>\n&#13;<br \/>\n&#13;<\/p>\n<p>\t\t\t&#13;<br \/>\n\t&#13;<\/p>\n<p>\t\t\t<a href=\"https:\/\/www.lavozdegalicia.es\/noticia\/gradario\/2025\/10\/25\/abalo-sabia-dejaria-huella-dia\/0003_202510V25P43993.htm\" data-analytics=\"link-embed\" rel=\"nofollow noopener\" target=\"_blank\">Abalo: \u00abSab\u00eda que Iago dejar\u00eda huella tambi\u00e9n esta vez\u00bb<\/a><\/p>\n<p class=\"a-min-author\">LA VOZ<\/p>\n<p>\t&#13;<br \/>\n\t&#13;<br \/>\n&#13;<\/p>\n<p class=\"txt\">En su d\u00eda, cal\u00f3 la frase de Juncal de que su hijo era, irremediablemente, <strong>m\u00e1s aficionado que futbolista<\/strong>. A\u00f1os despu\u00e9s, lo tiene igual de claro y<strong> no cambia ni una coma<\/strong> de aquella afirmaci\u00f3n que tan bien explica qui\u00e9n es Iago: \u00abEs la verdad. Yo le dec\u00eda que no pod\u00eda ser as\u00ed, porque es un profesional. Pero es <strong>forofo<\/strong> por lo <strong>mucho que siente el Celta<\/strong>\u00bb.<\/p>\n<p>&#13;<br \/>\n\tArchivado en:&#13;<br \/>\n\t\t\t\t\t<a href=\"https:\/\/www.lavozdegalicia.es\/temas\/iago-aspas\/\" target=\"_blank\" class=\"mg-l\" rel=\"nofollow noopener\">Iago Aspas<\/a>&#13;<br \/>\n\t\t\t\t\t<a href=\"https:\/\/www.lavozdegalicia.es\/temas\/celta\/\" target=\"_blank\" class=\"mg-l\" rel=\"nofollow noopener\">Celta<\/a>&#13;<br \/>\n\t&#13;<\/p>\n<p>\t\t\t\t<script async src=\"https:\/\/platform.twitter.com\/widgets.js\" charset=\"utf-8\"><\/script><script async src=\"\/\/www.instagram.com\/embed.js\"><\/script><\/p>\n","protected":false},"excerpt":{"rendered":"Mar\u00eda Juncal cuenta c\u00f3mo vivi\u00f3 el r\u00e9cord y homenaje a Aspas, a quien imaginaba saltando al campo cuando&hellip;\n","protected":false},"author":2,"featured_media":199982,"comment_status":"","ping_status":"","sticky":false,"template":"","format":"standard","meta":{"footnotes":""},"categories":[268],"tags":[290,168,25,24,280,282,34195,281,23,167],"class_list":{"0":"post-199981","1":"post","2":"type-post","3":"status-publish","4":"format-standard","5":"has-post-thumbnail","7":"category-futbol","8":"tag-celta","9":"tag-deportes","10":"tag-es","11":"tag-espana","12":"tag-football","13":"tag-futbol","14":"tag-iago-aspas","15":"tag-soccer","16":"tag-spain","17":"tag-sports"},"share_on_mastodon":{"url":"https:\/\/pubeurope.com\/@es\/115434345529943887","error":""},"_links":{"self":[{"href":"https:\/\/www.europesays.com\/es\/wp-json\/wp\/v2\/posts\/199981","targetHints":{"allow":["GET"]}}],"collection":[{"href":"https:\/\/www.europesays.com\/es\/wp-json\/wp\/v2\/posts"}],"about":[{"href":"https:\/\/www.europesays.com\/es\/wp-json\/wp\/v2\/types\/post"}],"author":[{"embeddable":true,"href":"https:\/\/www.europesays.com\/es\/wp-json\/wp\/v2\/users\/2"}],"replies":[{"embeddable":true,"href":"https:\/\/www.europesays.com\/es\/wp-json\/wp\/v2\/comments?post=199981"}],"version-history":[{"count":0,"href":"https:\/\/www.europesays.com\/es\/wp-json\/wp\/v2\/posts\/199981\/revisions"}],"wp:featuredmedia":[{"embeddable":true,"href":"https:\/\/www.europesays.com\/es\/wp-json\/wp\/v2\/media\/199982"}],"wp:attachment":[{"href":"https:\/\/www.europesays.com\/es\/wp-json\/wp\/v2\/media?parent=199981"}],"wp:term":[{"taxonomy":"category","embeddable":true,"href":"https:\/\/www.europesays.com\/es\/wp-json\/wp\/v2\/categories?post=199981"},{"taxonomy":"post_tag","embeddable":true,"href":"https:\/\/www.europesays.com\/es\/wp-json\/wp\/v2\/tags?post=199981"}],"curies":[{"name":"wp","href":"https:\/\/api.w.org\/{rel}","templated":true}]}}