{"id":199985,"date":"2025-10-25T10:32:10","date_gmt":"2025-10-25T10:32:10","guid":{"rendered":"https:\/\/www.europesays.com\/es\/199985\/"},"modified":"2025-10-25T10:32:10","modified_gmt":"2025-10-25T10:32:10","slug":"el-valioso-y-hermoso-legado-fotografico-de-gerardo-quevedo-fotos","status":"publish","type":"post","link":"https:\/\/www.europesays.com\/es\/199985\/","title":{"rendered":"El valioso y hermoso legado fotogr\u00e1fico de Gerardo Quevedo (fotos)"},"content":{"rendered":"<p style=\"text-align:justify;\">El Centro de Interpretaci\u00f3n Los Caserones, de La Aldea, acoge desde este jueves, la exposici\u00f3n fotogr\u00e1fica \u201cGerardo Quevedo y sus perspectivas de La Aldea de San Nicol\u00e1s\u201d.<\/p>\n<p style=\"text-align:justify;\">\u00a0<\/p>\n<p style=\"text-align:justify;\">La exposici\u00f3n est\u00e1 conformada por treinta fotograf\u00edas seleccionadas del legado que dej\u00f3 Gerardo Quevedo, un referente imborrable en el llamado arte de escribir con la luz.<\/p>\n<p style=\"text-align:justify;\">\u00a0<\/p>\n<p style=\"text-align:justify;\">Son instant\u00e1neas tomadas en los a\u00f1os 50, 60 y 70, en las que se reflejan la vida cotidiana de La Aldea, y en las que se plasma sobre todo, la esencia del pueblo aldeano.<\/p>\n<p style=\"text-align:justify;\">\u00a0<\/p>\n<p style=\"text-align:justify;\"><img decoding=\"async\" alt=\"\" src=\"https:\/\/www.europesays.com\/es\/wp-content\/uploads\/2025\/10\/AP1GczNahLhNS2AzVVaUU6NhtqVCUFsJbOz8xLvYmziu-B7rnuu7pueRa0jW2OufBRV1U71klHsIlQIlU2ErJgAjbmw8mV3j2OKV.jpeg\" style=\"border-width:4px;border-style:solid;margin:4px;width:1000px;height:326px;\"\/><\/p>\n<p style=\"text-align:justify;\">\u00a0<\/p>\n<p style=\"text-align:justify;\">En las fotograf\u00edas no falta la imagen de la antigua f\u00e1brica de ron, a la que estuvo ligado profesionalmente, Gerardo Quevedo y su familia durante a\u00f1os.<\/p>\n<p style=\"text-align:justify;\">\u00a0<\/p>\n<p style=\"text-align:justify;\">Entra\u00f1able resulta la imagen de \u201cRafael el pistolera\u201d, y tocan el coraz\u00f3n, las fotograf\u00edas de las j\u00f3venes aldeanas, en el esplendor de la vida, posando despu\u00e9s de terminar la faena agr\u00edcola.<\/p>\n<p style=\"text-align:justify;\">\u00a0<\/p>\n<p style=\"text-align:justify;\"><img decoding=\"async\" alt=\"\" src=\"https:\/\/www.europesays.com\/es\/wp-content\/uploads\/2025\/10\/AP1GczMd4yZuVL1tNt1Bbm0vHCjm3uG5XQ_rzqyvRb1pcKq-0ChMJtvT778d4E0T9qTyecctv7vB0nLrmPbK7fU9lMwIBlXlf6S8.jpeg\" style=\"border-width:4px;border-style:solid;margin:4px;width:1000px;height:666px;\"\/><\/p>\n<p style=\"text-align:justify;\">\u00a0<\/p>\n<p style=\"text-align:justify;\">Previamente a la inauguraci\u00f3n de la exposici\u00f3n que permanecer\u00e1 abierta hasta el pr\u00f3ximo 24 de noviembre, tuvo lugar la presentaci\u00f3n del libro \u201cGerardo Quevedo, maestro de fot\u00f3grafos\u201d cuyo autor es el Cronista Oficial de Gu\u00eda, Sergio Aguiar Castellano.<\/p>\n<p style=\"text-align:justify;\">\u00a0<\/p>\n<p style=\"text-align:justify;\">En el acto se cont\u00f3 con las intervenciones del alcalde de La Aldea, Pedro Su\u00e1rez, del cronista oficial del municipio, Francisco Su\u00e1rez Moreno, del autor, Sergio Aguiar Castellano, y en representaci\u00f3n de la familia, intervino Jos\u00e9 Julio Quevedo.<\/p>\n<p style=\"text-align:justify;\">\u00a0<\/p>\n<p style=\"text-align:justify;\"><img decoding=\"async\" alt=\"\" src=\"https:\/\/www.europesays.com\/es\/wp-content\/uploads\/2025\/10\/AP1GczN3NvfO7OQSYTpO27XrIpy4cBTRLKxMl_-KYfpssAfCVIqbZYobJGqOjWCjPr_swwT9h8Qpr8MYksfGSYzBMDKB-We-NtfZ.jpeg\" style=\"border-width:4px;border-style:solid;margin:4px;width:1000px;height:666px;\"\/><\/p>\n<p style=\"text-align:justify;\">\u00a0<\/p>\n<p style=\"text-align:justify;\">Seg\u00fan explic\u00f3 el autor, la idea de publicar este estudio sobre Gerardo Quevedo Est\u00e9vez, nace cuando su hijo Jose Julio Quevedo Gonz\u00e1lez le muestra parte del archivo fotogr\u00e1fico conservado por la familia, momento en el precisamente se encontraba trabajando sobre la figura del que fuera alcalde de Gu\u00eda, Rafael Almeida Mateos, abuelo de la esposa de Gerardo Quevedo, Mar\u00eda Consuelo Gonz\u00e1lez Almeida, fruto de cuya investigaci\u00f3n es el libro \u2018Rafael Almeida. Memorias de un emprendedor incansable 1832-1922\u2019 publicado en 2023 por \u00abEdigeca\u00bb, editorial tambi\u00e9n de esta nueva obra.<br \/>\u00a0<\/p>\n<p style=\"text-align:justify;\">Sergio Aguiar se\u00f1al\u00f3 que \u00abal ver las fotograf\u00edas realizadas por Gerardo Quevedo a lo largo de su vida y conocer su trayectoria como fot\u00f3grafo, a pesar de que fue militar de profesi\u00f3n, se jubil\u00f3 de Teniente Coronel, me pareci\u00f3 que su trabajo ten\u00eda una calidad extraordinaria y el suficiente m\u00e9rito como para que su obra y su vida tuvieran una mayor difusi\u00f3n a trav\u00e9s de un estudio biogr\u00e1fico y de una selecci\u00f3n de sus fotograf\u00edas, muchas de ellas premiadas en m\u00e1s de un encuentro o concurso \u00a0fotogr\u00e1fico\u00bb.\u00a0<\/p>\n<p style=\"text-align:justify;\">\u00a0<\/p>\n<p style=\"text-align:center;\"><a href=\"https:\/\/photos.app.goo.gl\/3ZKGyE85U64mcXtt9\" target=\"_blank\" rel=\"noreferrer noopener nofollow\"><strong>M\u00e1s fotograf\u00edas en este enlace<\/strong><\/a><\/p>\n<p style=\"text-align:center;\"><strong>(Infonortedigital)<\/strong><\/p>\n","protected":false},"excerpt":{"rendered":"El Centro de Interpretaci\u00f3n Los Caserones, de La Aldea, acoge desde este jueves, la exposici\u00f3n fotogr\u00e1fica \u201cGerardo Quevedo&hellip;\n","protected":false},"author":2,"featured_media":199986,"comment_status":"","ping_status":"","sticky":false,"template":"","format":"standard","meta":{"footnotes":""},"categories":[173],"tags":[229,233,231,230,232,234,146,147,25,24,12595,23],"class_list":{"0":"post-199985","1":"post","2":"type-post","3":"status-publish","4":"format-standard","5":"has-post-thumbnail","7":"category-arte-y-diseno","8":"tag-arte","9":"tag-arte-y-diseno","10":"tag-arts","11":"tag-arts-and-design","12":"tag-design","13":"tag-diseno","14":"tag-entertainment","15":"tag-entretenimiento","16":"tag-es","17":"tag-espana","18":"tag-informacion-del-noroeste-de-gran-canaria","19":"tag-spain"},"share_on_mastodon":{"url":"https:\/\/pubeurope.com\/@es\/115434353093702026","error":""},"_links":{"self":[{"href":"https:\/\/www.europesays.com\/es\/wp-json\/wp\/v2\/posts\/199985","targetHints":{"allow":["GET"]}}],"collection":[{"href":"https:\/\/www.europesays.com\/es\/wp-json\/wp\/v2\/posts"}],"about":[{"href":"https:\/\/www.europesays.com\/es\/wp-json\/wp\/v2\/types\/post"}],"author":[{"embeddable":true,"href":"https:\/\/www.europesays.com\/es\/wp-json\/wp\/v2\/users\/2"}],"replies":[{"embeddable":true,"href":"https:\/\/www.europesays.com\/es\/wp-json\/wp\/v2\/comments?post=199985"}],"version-history":[{"count":0,"href":"https:\/\/www.europesays.com\/es\/wp-json\/wp\/v2\/posts\/199985\/revisions"}],"wp:featuredmedia":[{"embeddable":true,"href":"https:\/\/www.europesays.com\/es\/wp-json\/wp\/v2\/media\/199986"}],"wp:attachment":[{"href":"https:\/\/www.europesays.com\/es\/wp-json\/wp\/v2\/media?parent=199985"}],"wp:term":[{"taxonomy":"category","embeddable":true,"href":"https:\/\/www.europesays.com\/es\/wp-json\/wp\/v2\/categories?post=199985"},{"taxonomy":"post_tag","embeddable":true,"href":"https:\/\/www.europesays.com\/es\/wp-json\/wp\/v2\/tags?post=199985"}],"curies":[{"name":"wp","href":"https:\/\/api.w.org\/{rel}","templated":true}]}}