{"id":19999,"date":"2025-08-02T05:05:12","date_gmt":"2025-08-02T05:05:12","guid":{"rendered":"https:\/\/www.europesays.com\/es\/19999\/"},"modified":"2025-08-02T05:05:12","modified_gmt":"2025-08-02T05:05:12","slug":"francisco-ramirez-entra-en-el-gobierno-extremeno-tras-la-dimision-de-un-consejero-por-mentir-en-su-curriculum","status":"publish","type":"post","link":"https:\/\/www.europesays.com\/es\/19999\/","title":{"rendered":"Francisco Ram\u00edrez entra en el Gobierno extreme\u00f1o tras la dimisi\u00f3n de un consejero por mentir en su curr\u00edculum"},"content":{"rendered":"<p class=\"article-text\">\n        Ignacio Higuero, el exconsejero extreme\u00f1o, primero de Vox y luego del PP, que este viernes ha dimitido por <a href=\"https:\/\/www.eldiario.es\/extremadura\/politica\/consejero-extremeno-vox-gobierno-guardiola-dimite-falsear-curriculum_1_12507860.html\" data-mrf-recirculation=\"links-noticia\" class=\"link\" rel=\"nofollow noopener\" target=\"_blank\">inventarse una titulaci\u00f3n universitaria en su curr\u00edculum<\/a>, ya tiene sustituto. La presidenta de la Junta, Mar\u00eda Guardiola, ha nombre consejero de Gesti\u00f3n Forestal y Mundo Rural a Francisco Ram\u00edrez Gonz\u00e1lez, que tomar\u00e1 posesi\u00f3n de cargo el martes.\n    <\/p>\n<p class=\"article-text\">\n        Hasta ahora, Ram\u00edrez era director general de la Sociedad de Gesti\u00f3n P\u00fablica de Extremadura (GPEX), que depende de la Junta. Est\u00e1 licenciado en Derecho por la Universidad de Extremadura y su trayectoria profesional est\u00e1 dividido entre el sector privado y la pol\u00edtica.\n    <\/p>\n<p class=\"article-text\">\n        En la web de la Asamblea se indica que ha sido diputado del PP en dos legislaturas, de 2011 a 2015. Hasta 2012 ha sido abogado en ejercido del Colegio de Abogados de C\u00e1ceres y fund\u00f3 el despacho Do Ut Des, especializado en contrataci\u00f3n p\u00fablica, clasificaciones de empresas contratistas de obras del Estado y de empresas de servicios del Estado.\n    <\/p>\n<p class=\"article-text\">\n        La portavoz de la Junta de Extremadura, Elena Manzano, ha destacado su especializaci\u00f3n en \u201cderecho cineg\u00e9tico\u201d y su trabajo junto a la Federaci\u00f3n Extreme\u00f1a de Caza y la Asociaci\u00f3n de Profesionales Cineg\u00e9ticos de Extremadura. De hecho, entre sus competencias, ser\u00e1 el responsable de la caza, la pesca y los toros.\n    <\/p>\n<p class=\"article-text\">\n        La presidenta extreme\u00f1a ha decidido mantener la consejer\u00eda de Gesti\u00f3n Forestal y Mundo Rural, que se cre\u00f3 para Vox cuando el PP y la extrema derecha firmaron el pacto de gobierno al inicio de la legislatura. Voces del sector rural hab\u00edan criticado que estas competencias se quedaran fuera de la Consejer\u00eda de Agricultura, Ganader\u00eda y Desarrollo Sostenible.\n    <\/p>\n<p class=\"article-text\">\n        Francisco Ram\u00edrez se convertir\u00e1 a partir del martes en la tercera persona titular de este departamento en la legislatura. Mar\u00eda Guardiola nombr\u00f3 consejera en julio de 2023 a Camino Limia por decisi\u00f3n de Vox, pero esta dimiti\u00f3 dos meses y medio despu\u00e9s por \u201cdiscrepancias\u201d con la direcci\u00f3n nacional del partido y con los cinco diputados auton\u00f3micos de extrema derecha.\n    <\/p>\n<p class=\"article-text\">\n        Su sustituto fue Ignacio Higuero, que hab\u00eda sido director general de Gesti\u00f3n Forestal, Caza y Pesca con Limia. El d\u00eda de su toma de posesi\u00f3n, <strong>elDiario.es Extremadura<\/strong> desvel\u00f3 que <a href=\"https:\/\/www.eldiario.es\/extremadura\/politica\/nuevo-consejero-vox-extremadura-sancionado-incumplir-ley-caza-ahora-gestionara_1_10575328.html\" data-mrf-recirculation=\"links-noticia\" class=\"link\" rel=\"nofollow noopener\" target=\"_blank\">Higuero hab\u00eda sido sancionado en dos ocasiones por infringir la ley de Caza<\/a>, competencias que asumi\u00f3 en el Ejecutivo de Guardiola y que esta vincul\u00f3 a su \u201cactividad privada\u201d.\n    <\/p>\n<p>    <a href=\"https:\/\/www.eldiario.es\/extremadura\/politica\/consejero-extremeno-vox-gobierno-guardiola-dimite-falsear-curriculum_1_12507860.html\" data-mrf-recirculation=\"saber-mas-abajo\" data-dl-event=\"saber-mas-abajo\" rel=\"nofollow noopener\" target=\"_blank\"><\/p>\n<p class=\"know-more__title\">Dimite por inventarse un t\u00edtulo el consejero de Vox que se qued\u00f3 en el Gobierno del PP en Extremadura\n<\/p>\n<p>            <img decoding=\"async\" class=\"lazy\" loading=\"lazy\" data-src=\"https:\/\/static.eldiario.es\/clip\/68975c99-d90f-4d39-b7b7-73e40ff904ee_16-9-aspect-ratio_default_0.jpg\" src=\"data:image\/svg+xml,%3Csvg xmlns=\" http:=\"\" viewbox=\"0 0 880 495\" alt=\"Dimite por inventarse un t\u00edtulo el consejero de Vox que se qued\u00f3 en el Gobierno del PP en Extremadura\"\/><\/p>\n<p>                        <\/a><\/p>\n<p class=\"article-text\">\n        Francisco Ram\u00edrez abandona ahora GPEX y la nueva directora general ser\u00e1 Eva Mar\u00eda P\u00e9rez Zamora, licenciada en Derecho por la Universidad de Extremadura, que desempe\u00f1aba su trabajo en Recursos Humanos de esta entidad.\n    <\/p>\n","protected":false},"excerpt":{"rendered":"Ignacio Higuero, el exconsejero extreme\u00f1o, primero de Vox y luego del PP, que este viernes ha dimitido por&hellip;\n","protected":false},"author":2,"featured_media":20000,"comment_status":"","ping_status":"","sticky":false,"template":"","format":"standard","meta":{"footnotes":""},"categories":[8],"tags":[517,7239,7235,17,18,3975,25,24,7234,13,14,11,7238,7237,19,20,7236,9,10,15,16,952,492,23,12,21,22],"class_list":{"0":"post-19999","1":"post","2":"type-post","3":"status-publish","4":"format-standard","5":"has-post-thumbnail","7":"category-espana","8":"tag-actualidad","9":"tag-agro","10":"tag-badajoz","11":"tag-breaking-news","12":"tag-breakingnews","13":"tag-caceres","14":"tag-es","15":"tag-espana","16":"tag-extremadura","17":"tag-featured-news","18":"tag-featurednews","19":"tag-headlines","20":"tag-jesus-conde","21":"tag-jose-l-aroca","22":"tag-latest-news","23":"tag-latestnews","24":"tag-merida","25":"tag-news","26":"tag-noticias","27":"tag-noticias-destacadas","28":"tag-noticiasdestacadas","29":"tag-politica","30":"tag-sociedad","31":"tag-spain","32":"tag-titulares","33":"tag-ultimas-noticias","34":"tag-ultimasnoticias"},"share_on_mastodon":{"url":"","error":""},"_links":{"self":[{"href":"https:\/\/www.europesays.com\/es\/wp-json\/wp\/v2\/posts\/19999","targetHints":{"allow":["GET"]}}],"collection":[{"href":"https:\/\/www.europesays.com\/es\/wp-json\/wp\/v2\/posts"}],"about":[{"href":"https:\/\/www.europesays.com\/es\/wp-json\/wp\/v2\/types\/post"}],"author":[{"embeddable":true,"href":"https:\/\/www.europesays.com\/es\/wp-json\/wp\/v2\/users\/2"}],"replies":[{"embeddable":true,"href":"https:\/\/www.europesays.com\/es\/wp-json\/wp\/v2\/comments?post=19999"}],"version-history":[{"count":0,"href":"https:\/\/www.europesays.com\/es\/wp-json\/wp\/v2\/posts\/19999\/revisions"}],"wp:featuredmedia":[{"embeddable":true,"href":"https:\/\/www.europesays.com\/es\/wp-json\/wp\/v2\/media\/20000"}],"wp:attachment":[{"href":"https:\/\/www.europesays.com\/es\/wp-json\/wp\/v2\/media?parent=19999"}],"wp:term":[{"taxonomy":"category","embeddable":true,"href":"https:\/\/www.europesays.com\/es\/wp-json\/wp\/v2\/categories?post=19999"},{"taxonomy":"post_tag","embeddable":true,"href":"https:\/\/www.europesays.com\/es\/wp-json\/wp\/v2\/tags?post=19999"}],"curies":[{"name":"wp","href":"https:\/\/api.w.org\/{rel}","templated":true}]}}