{"id":199993,"date":"2025-10-25T10:37:15","date_gmt":"2025-10-25T10:37:15","guid":{"rendered":"https:\/\/www.europesays.com\/es\/199993\/"},"modified":"2025-10-25T10:37:15","modified_gmt":"2025-10-25T10:37:15","slug":"el-equipo-se-esta-entrenando-realmadrid-com","status":"publish","type":"post","link":"https:\/\/www.europesays.com\/es\/199993\/","title":{"rendered":"El equipo se est\u00e1 entrenando &#8211; realmadrid.com"},"content":{"rendered":"<ol>\n<li><a href=\"https:\/\/news.google.com\/rss\/articles\/CBMiuAFBVV95cUxNYlJrLTBSYXFwRVFiZDBCTWRDeURRQzlOLUJtMDYyWTkzenZkb0RfRVRSRHpRbTk5NEpFQWJlUE9PdGtjd1pveS1PdF9ZbkNaSENOLXNyc2VIRnBwWkRyenRtNm00TEpabzNYM2Z5cTRjMEs2WjNRTHVyZm16RjBxV2ktc0FkLWhsNlUtOWpxWTRwbnJpVHoyTUNSWENOSlJQYklBVlJDSE9ER29SamJITHN5UnBFTGNy?oc=5\" target=\"_blank\" rel=\"nofollow noopener\">El equipo se est\u00e1 entrenando<\/a>&nbsp;&nbsp;realmadrid.com<\/li>\n<li><a href=\"https:\/\/news.google.com\/rss\/articles\/CBMidEFVX3lxTE1POXVPSllsTXV6SVJBRTl5QnRDM1RZSEhsT2pCUF9XbUctalFyZ1VtT0FWalNkcHdmbzFVS0ZxNXRQU1hFREEzenMyeFAySHJtZTByOVJ1T3MwM2t6Q1hzVnJacUF2TjE4TEhySzFmZnl0TXJz0gGIAUFVX3lxTE9oUThsYlZfLTRGUEUtWnBXdWdvLXk4VTRxbU13akVkZnFud3huRDhOM1o2T0FnMXhjSERsY1FDb1gxT2FEdzBHMGxORGFRU1JGNmRhSzVsWmZQY2dOZ0xTeEU0ak5lQjFhX3c3WmNOZ3N5V0pqYnFUanVwd1hEaUUzMDRrZm9ib0I?oc=5\" target=\"_blank\" rel=\"nofollow noopener\">Dos bajas y muchos gritos<\/a>&nbsp;&nbsp;Diario AS<\/li>\n<li><a href=\"https:\/\/news.google.com\/rss\/articles\/CBMinAFBVV95cUxQMkRiazMxQmg1eUs5alpHTHBjVlVSelhJZ01uaEhEWkFPZUM4MHY5cEp0QlZIeVFSdmRSc1ZoODZrcGJuVFVlSXRCczNJb3FBSXlTWlBzWk9wWUF4RTJxZEJ6X25vaVRDODU2TEVReG1HbG52aVhxeUpjSk9mUDVRR1F5b241MXNMVGpENFFreko3MVM2WGtGdG52TGjSAZwBQVVfeXFMUHU5SHZOQklPeXBUR2k0REVPeDBPZVdKdm1KYkV4Ukt0Zm45elM2R21NSTJOWk9TWk92cXZGUzh2Q1kxdEdkazUyVEIwYXlQN242ZVRNbTJFcGxlWUFGdUJjT0RPX1dURVNyNG1rZG81eWVRVzhBb0VVc0h1bTc2U1pLNUp1aDNDTk9Ub3dpbjlIR1ByZDVzSG5NSUFx?oc=5\" target=\"_blank\" rel=\"nofollow noopener\">As\u00ed llegan al cl\u00e1sico: el Madrid vac\u00eda la enfermer\u00eda, dudas en el Barcelona y Lamine Yamal lo calienta<\/a>&nbsp;&nbsp;RTVE.es<\/li>\n<li><a href=\"https:\/\/news.google.com\/rss\/articles\/CBMingFBVV95cUxNZ2w1SUhVbmtfakZ4djE2czFWSnRqY0NoUE5wUnlYY0o3czdZMllvTHFHZmJRaHpfeXlnVlkyRGxuWi1Ia2ZROFpzazdYZXJkcVJYbV9feDF4c2N6Z1pvTzN1SnZQbmNGRnNiSGY4Q1ZrclhZMWVBZHRUbTJ1V2VjNGUzUDdjTzRfUDllMnFNM3o1Mlo4RjVsUUJvbGtuZ9IBngFBVV95cUxPSnJiaEtqYlFaYXhCbHR1SmJMSzVvNkpvMWRtTG5KUG5zbnZkXzJ2c3NqUHBmb3pnMHVOb3FpSXN4aEkwTmd2WXU1azQ4TVpzd3Z3ajRlUkJQU2FpOV8xZjdLLVlJRVZLeE5PeklER0thLTdwbnU4d29FdFJBWXAzU3VuU1I3Zl82em5HVjB5NXdESFpFdWRrcjhrT3JLZw?oc=5\" target=\"_blank\" rel=\"nofollow noopener\">Xabi recupera efectivos a dos d\u00edas del Cl\u00e1sico<\/a>&nbsp;&nbsp;MARCA<\/li>\n<li><a href=\"https:\/\/news.google.com\/rss\/articles\/CBMiwwFBVV95cUxOUFI3UWFoRVVSRTVmSDlTdVEyTjRJLTZ2amlWN3RGRk04azJJRmxZSzNlZDQyN1RlQXFqdmU5a3pKRlY0c3ZnaEt6cXY0cFROZUl1QUpLcTNidVhGWEVEeVpxdXdlRWVoMFR3WGhudWtwcnlrNXNDZXkwZFdlTXpwQlRGZlV5WlVfckkyZ08tcm5XYkFrRG9mbHY4VmdhM0ZlR1F2b1ZXUEdfcE5wTzFtTHpKenM4N0xHTFVJdTJoUWxHQknSAdABQVVfeXFMT1RxSmlDRG9neEpiSXV0NThkX2MwSlpuZFJSZkZibE9ZUHNjUlBaMUpaSXZCcnRzN2dnLVBZY2d1aU1UUU5HZFJQZjd3TDh0eGRNSzR6dnNWUk91YjZBdU00a3B3Snhudm91a1ZjcGVMc3lsamtjWlZPTm9SX1pneTZSOENFQkJJVnRRT01RY2czVXJ2dUJ5T1hGNUItTHRKamdrZVN6VEJFbnpXem1jZ291SEZxMnYzeHg4MzNoX2RPci0xckFhYVJFNkVucGdtSg?oc=5\" target=\"_blank\" rel=\"nofollow noopener\">Dos bajas en el \u00faltimo entrenamiento del Real Madrid antes del Cl\u00e1sico<\/a>&nbsp;&nbsp;Mundo Deportivo<\/li>\n<\/ol>\n","protected":false},"excerpt":{"rendered":"El equipo se est\u00e1 entrenando&nbsp;&nbsp;realmadrid.com Dos bajas y muchos gritos&nbsp;&nbsp;Diario AS As\u00ed llegan al cl\u00e1sico: el Madrid vac\u00eda&hellip;\n","protected":false},"author":2,"featured_media":171506,"comment_status":"","ping_status":"","sticky":false,"template":"","format":"standard","meta":{"footnotes":""},"categories":[93],"tags":[168,25,24,6523,3048,23,167],"class_list":{"0":"post-199993","1":"post","2":"type-post","3":"status-publish","4":"format-standard","5":"has-post-thumbnail","7":"category-deportes","8":"tag-deportes","9":"tag-es","10":"tag-espana","11":"tag-home","12":"tag-real-madrid","13":"tag-spain","14":"tag-sports"},"share_on_mastodon":{"url":"https:\/\/pubeurope.com\/@es\/115434372775234503","error":""},"_links":{"self":[{"href":"https:\/\/www.europesays.com\/es\/wp-json\/wp\/v2\/posts\/199993","targetHints":{"allow":["GET"]}}],"collection":[{"href":"https:\/\/www.europesays.com\/es\/wp-json\/wp\/v2\/posts"}],"about":[{"href":"https:\/\/www.europesays.com\/es\/wp-json\/wp\/v2\/types\/post"}],"author":[{"embeddable":true,"href":"https:\/\/www.europesays.com\/es\/wp-json\/wp\/v2\/users\/2"}],"replies":[{"embeddable":true,"href":"https:\/\/www.europesays.com\/es\/wp-json\/wp\/v2\/comments?post=199993"}],"version-history":[{"count":0,"href":"https:\/\/www.europesays.com\/es\/wp-json\/wp\/v2\/posts\/199993\/revisions"}],"wp:featuredmedia":[{"embeddable":true,"href":"https:\/\/www.europesays.com\/es\/wp-json\/wp\/v2\/media\/171506"}],"wp:attachment":[{"href":"https:\/\/www.europesays.com\/es\/wp-json\/wp\/v2\/media?parent=199993"}],"wp:term":[{"taxonomy":"category","embeddable":true,"href":"https:\/\/www.europesays.com\/es\/wp-json\/wp\/v2\/categories?post=199993"},{"taxonomy":"post_tag","embeddable":true,"href":"https:\/\/www.europesays.com\/es\/wp-json\/wp\/v2\/tags?post=199993"}],"curies":[{"name":"wp","href":"https:\/\/api.w.org\/{rel}","templated":true}]}}