{"id":199994,"date":"2025-10-25T10:38:15","date_gmt":"2025-10-25T10:38:15","guid":{"rendered":"https:\/\/www.europesays.com\/es\/199994\/"},"modified":"2025-10-25T10:38:15","modified_gmt":"2025-10-25T10:38:15","slug":"el-brote-de-sarampion-ya-suma-ocho-afectados-en-tenerife-y-la-palma","status":"publish","type":"post","link":"https:\/\/www.europesays.com\/es\/199994\/","title":{"rendered":"El brote de sarampi\u00f3n ya suma ocho afectados en Tenerife y La Palma"},"content":{"rendered":"<p><a class=\"v-mdl-ath__fig-a\" href=\"https:\/\/www.canarias7.es\/autor\/canarias7-6545.html\" title=\"CANARIAS7\" rel=\"nofollow noopener\" target=\"_blank\"><br \/>\n<img decoding=\"async\" class=\"v-mdl-ath__img\" src=\"https:\/\/www.europesays.com\/es\/wp-content\/uploads\/2025\/08\/1754689268_701_autor-6545-foto-1.png\" alt=\"CANARIAS7\"\/><br \/>\n<\/a><\/p>\n<p class=\"v-mdl-ath__p v-mdl-ath__p--6\">\nViernes, 24 de octubre 2025, 17:42<\/p>\n<p>| Actualizado 19:25h.<\/p>\n<p class=\"v-p\">Salud P\u00fablica ha confirmado ocho contagios vinculados al <strong>brote de sarampi\u00f3n<\/strong> notificado el pasado lunes en La Palma, que inicialmente contaba con tres casos.<\/p>\n<p class=\"v-p\">Los <strong>cinco nuevos contagios <\/strong>corresponden a dos menores en La Palma y tres personas en Tenerife, una de ellas el caso detectado semanas atr\u00e1s en esta isla. Los estudios de seguimiento han confirmado su v\u00ednculo epidemiol\u00f3gico con el caso \u00edndice del brote palmero.<\/p>\n<p>Afectados con s\u00edntomas leves<\/p>\n<p class=\"v-p\">Por el momento, todos los pacientes presentan s\u00edntomas leves y evolucionan sin complicaciones. Los tres primeros casos correspond\u00edan al caso \u00edndice -en edad vacunal-, a un profesional sanitario y a un menor prevacunal con el que coincidi\u00f3 en un espacio cerrado.<\/p>\n<p class=\"v-p\">Desde que se tuvo conocimiento de la sospecha inicial, Salud P\u00fablica, en coordinaci\u00f3n con la Gerencia de los Servicios Sanitarios del \u00c1rea de Salud de La Palma, activ\u00f3 los protocolos de seguimiento y control de contactos para contener la propagaci\u00f3n del virus. Los equipos contin\u00faan realizando el seguimiento de las personas que han estado en contacto con los afectados.<\/p>\n<p>Datos recientes<\/p>\n<p class=\"v-p\">Durante 2024 se notificaron <strong>siete casos <\/strong>de sarampi\u00f3n en Canarias, de los cuales cinco eran importados o relacionados con contagios externos y dos de origen desconocido.<\/p>\n<p class=\"v-p\">En lo que va de 2025, se han registrado dos casos adicionales -uno importado y otro sin origen determinado- y dos contagios vacunales leves, asociados a la administraci\u00f3n de la vacuna, sin complicaciones.<\/p>\n<p>Importancia de la vacunaci\u00f3n<\/p>\n<p class=\"v-p\">Salud P\u00fablica insiste en la importancia de mantener la vacunaci\u00f3n completa frente al sarampi\u00f3n. La vacuna triple v\u00edrica, incluida en el calendario oficial, se administra en dos dosis: a los 12 meses y a los tres a\u00f1os, y actualmente el 95% de la poblaci\u00f3n canaria cuenta con la primera dosis.<\/p>\n<p class=\"v-p\">La Consejer\u00eda recuerda que deben vacunarse tambi\u00e9n personas nacidas a partir de 1978 que no hayan pasado la enfermedad ni cuenten con registro de las dos dosis.<\/p>\n<p>Una enfermedad prevenible<\/p>\n<p class=\"v-p\">El sarampi\u00f3n es una enfermedad v\u00edrica <strong>muy contagiosa<\/strong> que provoca fiebre, tos, congesti\u00f3n nasal y un caracter\u00edstico exantema que comienza en la cara y se extiende por el cuerpo. Aunque suele ser leve, puede causar complicaciones como neumon\u00eda, otitis o diarrea, y en casos raros, encefalitis o muerte, especialmente en la infancia.<\/p>\n<p class=\"v-p\">Espa\u00f1a introdujo la vacunaci\u00f3n frente al sarampi\u00f3n en 1975, y desde 2017 la OMS la considera libre de transmisi\u00f3n end\u00e9mica. No obstante, en los \u00faltimos meses se han notificado 142 contagios en once comunidades aut\u00f3nomas, todos importados o relacionados con contagios externos, y se investigan actualmente ocho brotes activos.<\/p>\n<p>Llamamiento a la poblaci\u00f3n<\/p>\n<p class=\"v-p\">La Direcci\u00f3n General de Salud P\u00fablica hace un llamamiento a las familias para que revisen el estado vacunal de ni\u00f1os y ni\u00f1as de cuatro a\u00f1os y comprueben que han recibido las dos dosis de la vacuna triple v\u00edrica. Tambi\u00e9n se recomienda a las personas nacidas despu\u00e9s de 1978 sin historial vacunal acudir a su centro de salud.<\/p>\n<p class=\"v-p\">El departamento subraya adem\u00e1s la importancia de que el personal sanitario confirme su inmunizaci\u00f3n, dado su mayor riesgo de exposici\u00f3n y papel clave en la prevenci\u00f3n de brotes.<\/p>\n<p>Reporta un error<\/p>\n","protected":false},"excerpt":{"rendered":"Viernes, 24 de octubre 2025, 17:42 | Actualizado 19:25h. Salud P\u00fablica ha confirmado ocho contagios vinculados al brote&hellip;\n","protected":false},"author":2,"featured_media":199995,"comment_status":"","ping_status":"","sticky":false,"template":"","format":"standard","meta":{"footnotes":""},"categories":[92],"tags":[4179,11335,25,24,165,2799,2553,166,3829,23,4991,1370],"class_list":{"0":"post-199994","1":"post","2":"type-post","3":"status-publish","4":"format-standard","5":"has-post-thumbnail","7":"category-salud","8":"tag-afectados","9":"tag-brote","10":"tag-es","11":"tag-espana","12":"tag-health","13":"tag-ocho","14":"tag-palma","15":"tag-salud","16":"tag-sarampion","17":"tag-spain","18":"tag-suma","19":"tag-tenerife"},"share_on_mastodon":{"url":"https:\/\/pubeurope.com\/@es\/115434376950561778","error":""},"_links":{"self":[{"href":"https:\/\/www.europesays.com\/es\/wp-json\/wp\/v2\/posts\/199994","targetHints":{"allow":["GET"]}}],"collection":[{"href":"https:\/\/www.europesays.com\/es\/wp-json\/wp\/v2\/posts"}],"about":[{"href":"https:\/\/www.europesays.com\/es\/wp-json\/wp\/v2\/types\/post"}],"author":[{"embeddable":true,"href":"https:\/\/www.europesays.com\/es\/wp-json\/wp\/v2\/users\/2"}],"replies":[{"embeddable":true,"href":"https:\/\/www.europesays.com\/es\/wp-json\/wp\/v2\/comments?post=199994"}],"version-history":[{"count":0,"href":"https:\/\/www.europesays.com\/es\/wp-json\/wp\/v2\/posts\/199994\/revisions"}],"wp:featuredmedia":[{"embeddable":true,"href":"https:\/\/www.europesays.com\/es\/wp-json\/wp\/v2\/media\/199995"}],"wp:attachment":[{"href":"https:\/\/www.europesays.com\/es\/wp-json\/wp\/v2\/media?parent=199994"}],"wp:term":[{"taxonomy":"category","embeddable":true,"href":"https:\/\/www.europesays.com\/es\/wp-json\/wp\/v2\/categories?post=199994"},{"taxonomy":"post_tag","embeddable":true,"href":"https:\/\/www.europesays.com\/es\/wp-json\/wp\/v2\/tags?post=199994"}],"curies":[{"name":"wp","href":"https:\/\/api.w.org\/{rel}","templated":true}]}}