{"id":200111,"date":"2025-10-25T12:07:15","date_gmt":"2025-10-25T12:07:15","guid":{"rendered":"https:\/\/www.europesays.com\/es\/200111\/"},"modified":"2025-10-25T12:07:15","modified_gmt":"2025-10-25T12:07:15","slug":"el-siempre-fue-mi-ejemplo","status":"publish","type":"post","link":"https:\/\/www.europesays.com\/es\/200111\/","title":{"rendered":"\u00c9l siempre fue mi ejemplo"},"content":{"rendered":"<p class=\"ft-text\"><a class=\"ft-link ft-link--decoration\" href=\"https:\/\/www.laopinioncoruna.es\/coruna\/2025\/10\/21\/abuela-corunes-tinho-emociona-redes-122860783.html\" rel=\"nofollow noopener\" target=\"_blank\">Cuando <\/a><a class=\"ft-link ft-link--decoration\" href=\"https:\/\/www.laopinioncoruna.es\/coruna\/2025\/10\/21\/abuela-corunes-tinho-emociona-redes-122860783.html\" rel=\"nofollow noopener\" target=\"_blank\"><strong>Tinho<\/strong><\/a><a class=\"ft-link ft-link--decoration\" href=\"https:\/\/www.laopinioncoruna.es\/coruna\/2025\/10\/21\/abuela-corunes-tinho-emociona-redes-122860783.html\" rel=\"nofollow noopener\" target=\"_blank\"> todav\u00eda reclama su espacio <\/a>entre las predilecciones coru\u00f1esas en los talent show musicales, otra voz profunda, un poco rasgada y con ra\u00edz en la ciudad se col\u00f3 en el prime time de la televisi\u00f3n generalista. <a class=\"ft-link ft-link--decoration\" href=\"https:\/\/www.laopinioncoruna.es\/ocio\/2025\/10\/09\/monaguillo-interrumpio-entrevista-ana-mena-fichaje-voz-kids-122439940.html\" rel=\"nofollow noopener\" target=\"_blank\">La Voz<\/a> ya est\u00e1 en marcha y anoche puso patas arribas el concurso, que a\u00fan est\u00e1 con sus audiciones, con <strong>\u2018Way down we go\u2019 de Kaleo.<\/strong><\/p>\n<p class=\"ft-text\">Apareci\u00f3 descalzo en el escenario y con su guitarra colgada al hombro para convencer a todos los capitanes de <strong>La Voz. <\/strong><a class=\"ft-link ft-link--decoration\" href=\"https:\/\/www.laopinioncoruna.es\/ocio\/2024\/12\/21\/voz-eligio-ganador-final-empezo-malu-presentadora-112826336.html\" rel=\"nofollow noopener\" target=\"_blank\"><strong>Malu <\/strong><\/a><strong>y Pablo L\u00f3pez <\/strong>no pudieron elegirlo, pero en nada convenci\u00f3 a los otros, <a class=\"ft-link ft-link--decoration\" href=\"https:\/\/www.laopinioncoruna.es\/vida-y-estilo\/gente\/2025\/09\/14\/yatra-canta-africa-colaboracion-empresa-121563453.html\" rel=\"nofollow noopener\" target=\"_blank\"><strong>Sebasti\u00e1n Yatra <\/strong><\/a><strong>y <\/strong><a class=\"ft-link ft-link--decoration\" href=\"https:\/\/www.laopinioncoruna.es\/fotos\/a-coruna-metro\/2023\/08\/01\/concierto-mika-fiestas-maria-pita-90568246.html\" rel=\"nofollow noopener\" target=\"_blank\"><strong>Mika<\/strong><\/a><strong>, <\/strong>que pulsaron el bot\u00f3n, se dieron la vuelta y siguieron disfrutando. Estuvo contando un poco de su historia personal y finalmente se decant\u00f3 por el cantante liban\u00e9s porque ten\u00eda desde peque\u00f1o <a class=\"ft-link ft-link--decoration\" href=\"https:\/\/www.laopinioncoruna.es\/coruna\/2012\/07\/17\/cantante-mika-abrira-noroeste-pop-24987599.html\" rel=\"nofollow noopener\" target=\"_blank\">grabado \u00abun concierto suyo en la playa de Riazor\u00bb.<\/a> \u00c9l no lo dijo, pero fue en un <strong>Noroeste Pop Rock, <\/strong>cuando el aspirante ten\u00eda \u00abdoce a\u00f1os\u00bb.<\/p>\n<p>Genes de Monte Alto<\/p>\n<p class=\"ft-text\">Ya en el v\u00eddeo previo revel\u00f3 sus or\u00edgenes mientras se le ve\u00eda en <strong>A Palloza<\/strong> o jugando en equipos de f\u00fatbol como el <strong>Orillamar<\/strong>. No es extra\u00f1o que hubiese probado en el balompi\u00e9 porque su nombre le delata, <strong>Mateo Su\u00e1rez Latorre, nieto de <\/strong><a class=\"ft-link ft-link--decoration\" href=\"https:\/\/www.laopinioncoruna.es\/fotos\/deportes\/2023\/07\/09\/mejores-imagenes-carrera-luis-suarez-89661426.html\" rel=\"nofollow noopener\" target=\"_blank\"><strong>Luis Su\u00e1rez Miramontes<\/strong><\/a><strong>. <\/strong>\u00abSiempre fue un ejemplo, quer\u00eda ser como \u00e9l. Fuimos buenos mi hermano y yo, siempre sue\u00f1as con vivir de eso, pero el f\u00fatbol es mundo de muchos compromisos y tienes que cumplirlos para que pueda salir bien. A veces no tienes la madurez suficiente y es imposible\u00bb, dijo de su abuelo y de la pasi\u00f3n frustrada por el f\u00fatbol al m\u00e1ximo nivel en sus primeros a\u00f1os.<\/p>\n<p class=\"ft-text\">Quiso emular los pasos del que hasta hace unos meses era <strong>el \u00fanico Bal\u00f3n de Oro de la historia del f\u00fatbol espa\u00f1ol <\/strong>hasta que lo consigui\u00f3 <strong>Rodri (Manchester City). Luis Su\u00e1rez Miramontes,<\/strong><a class=\"ft-link ft-link--decoration\" href=\"https:\/\/www.laopinioncoruna.es\/deportivo\/2023\/07\/09\/luis-suarez-monte-alto-leyenda-89677673.html\" rel=\"nofollow noopener\" target=\"_blank\"> fallecido en 2023<\/a>, empez\u00f3 a dar patadas a un bal\u00f3n en las calles de <strong>Monte Alto <\/strong>junto a sus hermanos en la posguerra y as\u00ed lo atestigua una placa que se puede ver hoy en d\u00eda en su casa natal. Debut\u00f3 en el <strong>D\u00e9por <\/strong>siendo un ni\u00f1o en 1953 y en unos meses el club coru\u00f1\u00e9s lo traspas\u00f3 al <strong>Barcelona <\/strong>junto a <strong>Dagoberto Moll. <\/strong>En el equipo cul\u00e9 no fue del todo bien comprendido, a pesar de que gan\u00f3 el susodicho <strong>Bal\u00f3n de Oro en 1961 <\/strong>y fue traspasado al Inter de <strong>Helenio Herrera <\/strong>tras colisionar con las preferencias de la grada catalana por <strong>Kubala <\/strong>y, en parte, para sufragar la construcci\u00f3n del <strong>Camp Nou. El Arquitecto, <\/strong>precursor de la posici\u00f3n de regista en el <strong>Calcio<\/strong>, hizo historia para ser el l\u00edder de un equipo que gan\u00f3 dos copas de <strong>Europa<\/strong>.<\/p>\n<p class=\"ft-text\">Nunca olvid\u00f3 sus ra\u00edces. Mientras jugaba, siempre se pasaba cada verano por <strong>A Coru\u00f1a <\/strong>y entren\u00f3 al <strong>D\u00e9por <\/strong>en la temporada 1978-79 . Falleci\u00f3 en <strong>Milan<\/strong>, donde resid\u00eda, pero su familia estaba vinculada, en parte a la ciudad, aunque alguna resid\u00eda en <strong>Madrid<\/strong>. Entre ellos, <strong>Mateo<\/strong>, quien estuvo en <strong>A Coru\u00f1a <\/strong>hasta hace unos pocos a\u00f1os y que ahora reside en <strong>Madrid <\/strong>tras pasar alg\u00fan breve periodo en <strong>Estados Unidos. <\/strong>Ahora buscar\u00e1 ganar<strong> La Voz en el equipo de Mika. <\/strong><\/p>\n","protected":false},"excerpt":{"rendered":"Cuando Tinho todav\u00eda reclama su espacio entre las predilecciones coru\u00f1esas en los talent show musicales, otra voz profunda,&hellip;\n","protected":false},"author":2,"featured_media":200112,"comment_status":"","ping_status":"","sticky":false,"template":"","format":"standard","meta":{"footnotes":""},"categories":[171],"tags":[7879,412,146,147,25,24,282,11346,448,1684,3881,23,214],"class_list":{"0":"post-200111","1":"post","2":"type-post","3":"status-publish","4":"format-standard","5":"has-post-thumbnail","7":"category-tv","8":"tag-coruna","9":"tag-deportivo","10":"tag-entertainment","11":"tag-entretenimiento","12":"tag-es","13":"tag-espana","14":"tag-futbol","15":"tag-futbolista","16":"tag-historia","17":"tag-mejor","18":"tag-nieto","19":"tag-spain","20":"tag-tv"},"share_on_mastodon":{"url":"https:\/\/pubeurope.com\/@es\/115434726534766538","error":""},"_links":{"self":[{"href":"https:\/\/www.europesays.com\/es\/wp-json\/wp\/v2\/posts\/200111","targetHints":{"allow":["GET"]}}],"collection":[{"href":"https:\/\/www.europesays.com\/es\/wp-json\/wp\/v2\/posts"}],"about":[{"href":"https:\/\/www.europesays.com\/es\/wp-json\/wp\/v2\/types\/post"}],"author":[{"embeddable":true,"href":"https:\/\/www.europesays.com\/es\/wp-json\/wp\/v2\/users\/2"}],"replies":[{"embeddable":true,"href":"https:\/\/www.europesays.com\/es\/wp-json\/wp\/v2\/comments?post=200111"}],"version-history":[{"count":0,"href":"https:\/\/www.europesays.com\/es\/wp-json\/wp\/v2\/posts\/200111\/revisions"}],"wp:featuredmedia":[{"embeddable":true,"href":"https:\/\/www.europesays.com\/es\/wp-json\/wp\/v2\/media\/200112"}],"wp:attachment":[{"href":"https:\/\/www.europesays.com\/es\/wp-json\/wp\/v2\/media?parent=200111"}],"wp:term":[{"taxonomy":"category","embeddable":true,"href":"https:\/\/www.europesays.com\/es\/wp-json\/wp\/v2\/categories?post=200111"},{"taxonomy":"post_tag","embeddable":true,"href":"https:\/\/www.europesays.com\/es\/wp-json\/wp\/v2\/tags?post=200111"}],"curies":[{"name":"wp","href":"https:\/\/api.w.org\/{rel}","templated":true}]}}