{"id":200113,"date":"2025-10-25T12:09:10","date_gmt":"2025-10-25T12:09:10","guid":{"rendered":"https:\/\/www.europesays.com\/es\/200113\/"},"modified":"2025-10-25T12:09:10","modified_gmt":"2025-10-25T12:09:10","slug":"glenn-close-se-une-a-la-bola-negra-la-pelicula-de-javier-calvo-y-javier-ambrossi","status":"publish","type":"post","link":"https:\/\/www.europesays.com\/es\/200113\/","title":{"rendered":"Glenn Close se une a &#8216;La bola negra&#8217;, la pel\u00edcula de Javier Calvo y Javier Ambrossi"},"content":{"rendered":"<p class=\"paragraph\"><a href=\"https:\/\/www.heraldo.es\/noticias\/ocio-y-cultura\/2025\/09\/25\/tragedia-rodaje-nueva-pelicula-javis-muerte-figurante-1856823.html\" title=\"Tragedia en el rodaje de la nueva pel\u00edcula de Los Javis: muere un figurante\" target=\"_blank\" rel=\"nofollow noopener\">La actriz estadounidense Glenn Close<\/a> formar\u00e1 parte del elenco de la producci\u00f3n espa\u00f1ola &#8216;La bola negra&#8217;, <b>la pel\u00edcula escrita y dirigida por Javier Calvo y Javier Ambrossi,<\/b> que est\u00e1 inspirada en una obra inacabada del poeta espa\u00f1ol Federico Garc\u00eda Lorca.<\/p>\n<p class=\"paragraph\">Close, ganadora de tres premios Emmy, tres Globos de Oro, tres premios Tony y <b>nominada en ocho ocasiones al premio Oscar<\/b>, se une al elenco de la nueva producci\u00f3n de los conocidos como &#8216;Los Javis&#8217;, informa Movistar + en un comunicado.<\/p>\n<p class=\"paragraph\">\u00abEstamos muy felices de confirmar que Glenn Close forma parte del reparto de &#8216;La bola negra&#8217;. <b>Ser\u00e1 un honor trabajar con esta leyenda, una actriz a la que siempre hemos admirado. <\/b>Ella ley\u00f3 el guion y se enamor\u00f3 del proyecto. Nosotros estamos enamorados de ella\u00bb, se\u00f1alan Calvo y Ambrosi en el comunicado.<\/p>\n<p class=\"paragraph\">Considerada como una de las mejores actrices de su generaci\u00f3n, Close debut\u00f3 en el cine con la pel\u00edcula &#8216;<b>El mundo seg\u00fan Garp&#8217;<\/b>, que le vali\u00f3 su primera nominaci\u00f3n al Oscar en 1983.<\/p>\n<p class=\"paragraph\">En su filmograf\u00eda se encuentran pel\u00edculas como &#8216;Atracci\u00f3n fatal&#8217;, &#8216;Las amistades peligrosas&#8217;, &#8216;Mars Attacks!&#8217;, &#8216;101 d\u00e1lmatas&#8217;, &#8216;Nueve vidas&#8217;, &#8216;Albert Nobbs&#8217;, &#8216;La buena esposa&#8217; o &#8216;Hillbilly, una eleg\u00eda rural&#8217;, que la hizo merecedora en 2021 de su octava nominaci\u00f3n al Oscar.<\/p>\n<p class=\"paragraph\">En paralelo a su trayectoria cinematogr\u00e1fica, por la que ha recibido reconocimientos como el <b>Premio Donostia del Festival de San Sebasti\u00e1n,<\/b> en Espa\u00f1a, en televisi\u00f3n ha desarrollado otros tantos papeles ic\u00f3nicos, que le han valido catorce nominaciones a los premios Emmy.<\/p>\n<p class=\"paragraph\">Tiene uno por su interpretaci\u00f3n de Margarethe Cammermeyer en &#8216;Serving in Silence&#8217; y dos por convertirse en Patty Hewes en &#8216;Damages&#8217;. La actriz acaba de estrenar la pel\u00edcula independiente &#8216;The Summer Book&#8217; y protagonizar\u00e1 este oto\u00f1o la serie de Ryan Murphy &#8216;Todas las de la ley&#8217;, seguida de &#8216;<b>Pu\u00f1ales por la espalda: De entre los muertos&#8217;,<\/b> de Rian Johnson.<\/p>\n<p class=\"paragraph\">Glenn Close inici\u00f3 su carrera profesional en el teatro, debutando en Broadway en 1974 con la obra <b>&#8216;Love for Love&#8217;.<\/b> Su primera nominaci\u00f3n a los premios Tony le lleg\u00f3 por &#8216;Barnum&#8217; y posteriormente gan\u00f3 dos premios por sus actuaciones en &#8216;The Real Thing&#8217; y &#8216;Death and the Maiden&#8217;.<\/p>\n<p class=\"paragraph\">Por su retrato de Norma Desmond en el musical de Andrew Lloyd Webber &#8216;<b>Sunset Boulevard&#8217; <\/b>obtuvo en 1995 su tercer premio Tony.<\/p>\n<p class=\"paragraph\">En 2016 volvi\u00f3 a interpretar a la diva en el West End de Londres en una producci\u00f3n muy elogiada de la English National Opera por la que la nominaron al premio Olivier y con la que volvi\u00f3 a Broadway.<\/p>\n","protected":false},"excerpt":{"rendered":"La actriz estadounidense Glenn Close formar\u00e1 parte del elenco de la producci\u00f3n espa\u00f1ola &#8216;La bola negra&#8217;, la pel\u00edcula&hellip;\n","protected":false},"author":2,"featured_media":200114,"comment_status":"","ping_status":"","sticky":false,"template":"","format":"standard","meta":{"footnotes":""},"categories":[169],"tags":[55096,39128,177,146,147,25,24,176,5264,175,1257,23],"class_list":{"0":"post-200113","1":"post","2":"type-post","3":"status-publish","4":"format-standard","5":"has-post-thumbnail","7":"category-cine","8":"tag-ambrossi","9":"tag-calvo","10":"tag-cine","11":"tag-entertainment","12":"tag-entretenimiento","13":"tag-es","14":"tag-espana","15":"tag-film","16":"tag-javier","17":"tag-movies","18":"tag-pelicula","19":"tag-spain"},"share_on_mastodon":{"url":"https:\/\/pubeurope.com\/@es\/115434735044976703","error":""},"_links":{"self":[{"href":"https:\/\/www.europesays.com\/es\/wp-json\/wp\/v2\/posts\/200113","targetHints":{"allow":["GET"]}}],"collection":[{"href":"https:\/\/www.europesays.com\/es\/wp-json\/wp\/v2\/posts"}],"about":[{"href":"https:\/\/www.europesays.com\/es\/wp-json\/wp\/v2\/types\/post"}],"author":[{"embeddable":true,"href":"https:\/\/www.europesays.com\/es\/wp-json\/wp\/v2\/users\/2"}],"replies":[{"embeddable":true,"href":"https:\/\/www.europesays.com\/es\/wp-json\/wp\/v2\/comments?post=200113"}],"version-history":[{"count":0,"href":"https:\/\/www.europesays.com\/es\/wp-json\/wp\/v2\/posts\/200113\/revisions"}],"wp:featuredmedia":[{"embeddable":true,"href":"https:\/\/www.europesays.com\/es\/wp-json\/wp\/v2\/media\/200114"}],"wp:attachment":[{"href":"https:\/\/www.europesays.com\/es\/wp-json\/wp\/v2\/media?parent=200113"}],"wp:term":[{"taxonomy":"category","embeddable":true,"href":"https:\/\/www.europesays.com\/es\/wp-json\/wp\/v2\/categories?post=200113"},{"taxonomy":"post_tag","embeddable":true,"href":"https:\/\/www.europesays.com\/es\/wp-json\/wp\/v2\/tags?post=200113"}],"curies":[{"name":"wp","href":"https:\/\/api.w.org\/{rel}","templated":true}]}}