{"id":200176,"date":"2025-10-25T12:58:10","date_gmt":"2025-10-25T12:58:10","guid":{"rendered":"https:\/\/www.europesays.com\/es\/200176\/"},"modified":"2025-10-25T12:58:10","modified_gmt":"2025-10-25T12:58:10","slug":"causas-sintomas-y-posibilidad-de-epidemia","status":"publish","type":"post","link":"https:\/\/www.europesays.com\/es\/200176\/","title":{"rendered":"causas, s\u00edntomas y posibilidad de epidemia"},"content":{"rendered":"<p class=\"c-paragraph\">Por lo general, el oto\u00f1o trae consigo la temporada de gripe, pero suele tener su pico en el mes de noviembre. Sin embargo,<b> las autoridades sanitarias de Jap\u00f3n han declarado nivel de alerta<\/b> al registrar en una semana 6.013 casos con el <b>virus de la Influenza A en su cepa H3N2<\/b>. No es que sea nueva para los japoneses, como tampoco lo es para Espa\u00f1a que se encuentra en plena campa\u00f1a de vacunaci\u00f3n contra la gripe H1N1\u00a0y <a href=\"https:\/\/www.20minutos.es\/pais-vasco\/vizcaya\/gripe-se-adelanta-un-mes-bizkaia-se-triplican-los-contagiados-respecto-pasado-ano_6537462_0.html\" title=\"La gripe se adelanta un mes en Bizkaia y se triplican los contagiados respecto al pasado a\u00f1o\" rel=\"nofollow noopener\" target=\"_blank\">que ya registrado los primeros casos en Biskaia<\/a>. Sin embargo, los datos registrados hasta ahora apuntan a que las infecciones se han producido mucho antes de lo normal, lo que ha elevado la alerta.<\/p>\n<p class=\"c-paragraph\">Esta situaci\u00f3n ha obligado al pa\u00eds a <b>cerrar un centenar de colegios<\/b> y ha experimentado los primeros colapsos parciales en algunos hospitales. Y es que, <b>entre la mayor\u00eda de ingresados se encuentran, sobre todo, menores de 14 a\u00f1os<\/b>, que suelen ser uno de los grupos m\u00e1s vulnerables ante la gripe. Todo apunta a que la cepa H3N2\u00a0que ha estado presente\u00a0durante el invierno en el hemisferio sur, se podr\u00eda haber extendido ahora a Jap\u00f3n.\u00a0<\/p>\n<p>C\u00f3mo es la cepa A (H3N2) y cu\u00e1l es la diferencia con la cepa espa\u00f1ola<\/p>\n<p class=\"c-paragraph\">Cuando se habla de gripe, concretamente se est\u00e1 haciendo<b> referencia a los virus de la influenza A<\/b>, que se dividen en subtipos atendiendo a las dos prote\u00ednas en la superficie del virus: <b>la hemaglutinina (H) y la neuraminidasa (N)<\/b>. Pese a que se pueden <a href=\"https:\/\/www.20minutos.es\/salud\/actualidad\/estudio-espanol-demuestra-vacunacion-gripe-reduce-mortalidad-cuatro-veces-5683370\/\" title=\"Un estudio espa\u00f1ol demuestra que la vacunaci\u00f3n contra la gripe reduce la mortalidad hasta cuatro veces\" rel=\"nofollow noopener\" target=\"_blank\">encontrar m\u00e1s de 130 combinaciones de subtipos<\/a>, seg\u00fan recoge la CDC, <b>los que circulan a trav\u00e9s de los humanos son las cepas A(H3N2) y A(H1N1).<\/b><\/p>\n<p class=\"c-paragraph\">La primera corresponde a la que m\u00e1s frecuentemente afecta a Jap\u00f3n y Australia y que se detect\u00f3 por primera vez en Hong Kong en 1968, mientras que <b>la segunda suele ser la m\u00e1s detectada en Espa\u00f1a y fue descubierta en 1918<\/b>, cuando se produjo el peor brote de la historia y que afect\u00f3 fuertemente a nuestro pa\u00eds. Ahora bien, \u00bfse diferencian en algo?<\/p>\n<p class=\"c-paragraph\">Lo cierto es que al proceder ambos de la influenza A, <b>la sintomatolog\u00eda es id\u00e9ntica<\/b>. Sin embargo, lo que tienen de diferente, adem\u00e1s del nombre y sus prote\u00ednas, es que pueden afectar de distinta forma a los grupos de poblaci\u00f3n.<\/p>\n<p class=\"c-paragraph\">Por lo general, <b>la cepa A H3N2 es m\u00e1s severa<\/b>, por lo que tiene una mayor mortalidad y mayor n\u00famero de hospitalizaciones en personas mayores de 65 a\u00f1os y en ni\u00f1os menores de 5 a\u00f1os. Por su parte, <b>la cepa A H1N1 afecta m\u00e1s a los ni\u00f1os menores de 2 a\u00f1os<\/b>, tambi\u00e9n a los ancianos, pero sobre todo, tiene m\u00e1s disposici\u00f3n a contagiar a adultos j\u00f3venes y sanos.\u00a0<\/p>\n<p>S\u00edntomas de la &#8216;gripe japonesa&#8217; (H3N2) y gripe H1N1<\/p>\n<ul>\n<li>Fiebre alta de inicio s\u00fabito (m\u00e1s de 38\u00b0C)\u00a0<\/li>\n<li>Tos (generalmente seca)<\/li>\n<li>\u00a0Dolor de cabeza\u00a0<\/li>\n<li>Dolores musculares y articulares (malestar general)\u00a0<\/li>\n<li>Dolor de garganta\u00a0<\/li>\n<li>Fatiga intensa\u00a0<\/li>\n<li>A veces, s\u00edntomas digestivos como n\u00e1useas, v\u00f3mitos o diarrea (m\u00e1s comunes en ni\u00f1os).<\/li>\n<\/ul>\n<p class=\"c-paragraph\">Cabe destacar, que <b>el mayor m\u00e9todo de prevenci\u00f3n es la vacunaci\u00f3n<\/b>. Por lo general, la vacuna se administra en una dosis a la poblaci\u00f3n infantil de entre 6 y 59 meses, poblaci\u00f3n con condici\u00f3n de riesgo, enfermedades o embarazadas y a personas mayores de 60 a\u00f1os. Esta vacuna, tal y como apuntan desde el Ministerio de Sanidad de Espa\u00f1a<b> se componen de tres o cuatro tipos de virus de la gripe (dos de tipo A y uno o dos de tipo B)<\/b>. \u00abEstos virus se seleccionan en funci\u00f3n de la probabilidad de circular en cada temporada epid\u00e9mica, seg\u00fan estimaciones realizadas anualmente desde la Organizaci\u00f3n Mundial de la Salud\u00bb, aseguran.\u00a0<\/p>\n<p>\u00bfEs posible que llegue una nueva epidemia?<\/p>\n<p class=\"c-paragraph\">La mayor preocupaci\u00f3n es <a href=\"https:\/\/www.20minutos.es\/canarias\/las-palmas\/canarias-vacunacion-gripe-fechas-edad_6512704_0.html\" title=\"Canarias adelanta la campa\u00f1a de vacunaci\u00f3n contra la gripe: fechas y grupos de edad\" rel=\"nofollow noopener\" target=\"_blank\">la llegada de una gripe anticipada<\/a>, cuando todav\u00eda pa\u00edses del hemisferio norte, como Espa\u00f1a, se encuentran en plena campa\u00f1a de vacunaci\u00f3n. Los viajes entre continentes son los m\u00e1s se\u00f1alados en cuanto a la expansi\u00f3n de los contagios. El <b>vir\u00f3logo molecular\u00a0Vinod Balasubramaniam<\/b>, de la Universidad de Monash (Malasia), en declaraciones a la revista cient\u00edfica\u00a0Nature, asegura que la gripe temprana que afecta a Jap\u00f3n debe tomarse como una advertencia.<\/p>\n<p class=\"c-paragraph\">No obstante, <b>no se espera que la epidemia declarada en Jap\u00f3n se convierta en una epidemia global<\/b>, debido a que el hemisferio sur entra en estaciones c\u00e1lidas. Por ello, es importante que se mantenga la vigilancia, sobre todo, en el hemisferio norte, camino del invierno y con una temporada de gripe adelantada que, seg\u00fan el experto <b>\u00absumado al cambio clim\u00e1tico, dificulta la predicci\u00f3n de los patrones de infecci\u00f3n\u00bb<\/b>.<\/p>\n","protected":false},"excerpt":{"rendered":"Por lo general, el oto\u00f1o trae consigo la temporada de gripe, pero suele tener su pico en el&hellip;\n","protected":false},"author":2,"featured_media":200177,"comment_status":"","ping_status":"","sticky":false,"template":"","format":"standard","meta":{"footnotes":""},"categories":[92],"tags":[37581,25,24,700,7749,165,3564,166,1811,3215,6625,23],"class_list":{"0":"post-200176","1":"post","2":"type-post","3":"status-publish","4":"format-standard","5":"has-post-thumbnail","7":"category-salud","8":"tag-alerta-sanitaria","9":"tag-es","10":"tag-espana","11":"tag-europa","12":"tag-gripe","13":"tag-health","14":"tag-japon","15":"tag-salud","16":"tag-sanidad","17":"tag-seo20","18":"tag-sintomas","19":"tag-spain"},"share_on_mastodon":{"url":"https:\/\/pubeurope.com\/@es\/115434927211565157","error":""},"_links":{"self":[{"href":"https:\/\/www.europesays.com\/es\/wp-json\/wp\/v2\/posts\/200176","targetHints":{"allow":["GET"]}}],"collection":[{"href":"https:\/\/www.europesays.com\/es\/wp-json\/wp\/v2\/posts"}],"about":[{"href":"https:\/\/www.europesays.com\/es\/wp-json\/wp\/v2\/types\/post"}],"author":[{"embeddable":true,"href":"https:\/\/www.europesays.com\/es\/wp-json\/wp\/v2\/users\/2"}],"replies":[{"embeddable":true,"href":"https:\/\/www.europesays.com\/es\/wp-json\/wp\/v2\/comments?post=200176"}],"version-history":[{"count":0,"href":"https:\/\/www.europesays.com\/es\/wp-json\/wp\/v2\/posts\/200176\/revisions"}],"wp:featuredmedia":[{"embeddable":true,"href":"https:\/\/www.europesays.com\/es\/wp-json\/wp\/v2\/media\/200177"}],"wp:attachment":[{"href":"https:\/\/www.europesays.com\/es\/wp-json\/wp\/v2\/media?parent=200176"}],"wp:term":[{"taxonomy":"category","embeddable":true,"href":"https:\/\/www.europesays.com\/es\/wp-json\/wp\/v2\/categories?post=200176"},{"taxonomy":"post_tag","embeddable":true,"href":"https:\/\/www.europesays.com\/es\/wp-json\/wp\/v2\/tags?post=200176"}],"curies":[{"name":"wp","href":"https:\/\/api.w.org\/{rel}","templated":true}]}}