{"id":200189,"date":"2025-10-25T13:09:11","date_gmt":"2025-10-25T13:09:11","guid":{"rendered":"https:\/\/www.europesays.com\/es\/200189\/"},"modified":"2025-10-25T13:09:11","modified_gmt":"2025-10-25T13:09:11","slug":"el-tenista-ivan-lopez-da-un-paso-atras-para-preparar-su-regreso-a-la-pista-tras-su-lesion","status":"publish","type":"post","link":"https:\/\/www.europesays.com\/es\/200189\/","title":{"rendered":"El tenista Iv\u00e1n L\u00f3pez da un paso atr\u00e1s para preparar su regreso a la pista tras su lesi\u00f3n"},"content":{"rendered":"<p>La mejor versi\u00f3n del tenista menorqu\u00edn, Iv\u00e1n L\u00f3pez, todav\u00eda deber\u00e1 esperar, como \u00e9l mismo pudo comprobar y reconocer hace unas semanas durante unos torneos de ITF Futures realizados en Grecia. Despu\u00e9s de una lesi\u00f3n larga que tuvo el raqueta en el psoas y que le ha tenido algunos meses alejado de las pistas de tenis y de la competici\u00f3n, L\u00f3pez<strong> volvi\u00f3 a competir hace algunas semanas, aunque lejos de su estado m\u00e1s \u00f3ptimo.<\/strong><\/p>\n<p>\u00abHe notado que todav\u00eda no estoy al nivel que ten\u00eda antes; obviamente ten\u00eda metido en la cabeza que ser\u00eda dif\u00edcil encadenar partidos, pero cuando lo vives de dentro<strong> se hace muy duro y te hace replantearte cosas<\/strong>\u00bb, se\u00f1ala a este diario. Por eso, el deportista de Ma\u00f3 ha decidido parar un poco la competici\u00f3n y hacer una pretemporada de un mes o mes y medio junto a su entrenador de siempre, Ulises Ruz.<\/p>\n<p>\u00ab\u00c9l ha montado una asociaci\u00f3n de tenis y aprovechar\u00e9 para trabajar con \u00e9l all\u00ed y preparar bien el regreso a los torneos\u00bb, adelanta L\u00f3pez, que<strong> quiere dar un paso atr\u00e1s que luego supongan dos hacia adelante.<\/strong> \u00abDespu\u00e9s de esta pretemporada mi idea ser\u00e1 salir unas semanas fuera de Espa\u00f1a a jugar algunos torneos ITF Futures por ah\u00ed\u2013 probablemente por Turqu\u00eda o Grecia\u2013 y ver c\u00f3mo est\u00e1 de nuevo mi nivel\u00bb, detalla el tenista insular, en la b\u00fasqueda de ser el que era antes de su inoportuna lesi\u00f3n.<\/p>\n","protected":false},"excerpt":{"rendered":"La mejor versi\u00f3n del tenista menorqu\u00edn, Iv\u00e1n L\u00f3pez, todav\u00eda deber\u00e1 esperar, como \u00e9l mismo pudo comprobar y reconocer&hellip;\n","protected":false},"author":2,"featured_media":200190,"comment_status":"","ping_status":"","sticky":false,"template":"","format":"standard","meta":{"footnotes":""},"categories":[274],"tags":[168,25,24,744,23,167,327,326],"class_list":{"0":"post-200189","1":"post","2":"type-post","3":"status-publish","4":"format-standard","5":"has-post-thumbnail","7":"category-tenis","8":"tag-deportes","9":"tag-es","10":"tag-espana","11":"tag-polideportivo","12":"tag-spain","13":"tag-sports","14":"tag-tenis","15":"tag-tennis"},"share_on_mastodon":{"url":"https:\/\/pubeurope.com\/@es\/115434970719950312","error":""},"_links":{"self":[{"href":"https:\/\/www.europesays.com\/es\/wp-json\/wp\/v2\/posts\/200189","targetHints":{"allow":["GET"]}}],"collection":[{"href":"https:\/\/www.europesays.com\/es\/wp-json\/wp\/v2\/posts"}],"about":[{"href":"https:\/\/www.europesays.com\/es\/wp-json\/wp\/v2\/types\/post"}],"author":[{"embeddable":true,"href":"https:\/\/www.europesays.com\/es\/wp-json\/wp\/v2\/users\/2"}],"replies":[{"embeddable":true,"href":"https:\/\/www.europesays.com\/es\/wp-json\/wp\/v2\/comments?post=200189"}],"version-history":[{"count":0,"href":"https:\/\/www.europesays.com\/es\/wp-json\/wp\/v2\/posts\/200189\/revisions"}],"wp:featuredmedia":[{"embeddable":true,"href":"https:\/\/www.europesays.com\/es\/wp-json\/wp\/v2\/media\/200190"}],"wp:attachment":[{"href":"https:\/\/www.europesays.com\/es\/wp-json\/wp\/v2\/media?parent=200189"}],"wp:term":[{"taxonomy":"category","embeddable":true,"href":"https:\/\/www.europesays.com\/es\/wp-json\/wp\/v2\/categories?post=200189"},{"taxonomy":"post_tag","embeddable":true,"href":"https:\/\/www.europesays.com\/es\/wp-json\/wp\/v2\/tags?post=200189"}],"curies":[{"name":"wp","href":"https:\/\/api.w.org\/{rel}","templated":true}]}}