{"id":200273,"date":"2025-10-25T14:12:09","date_gmt":"2025-10-25T14:12:09","guid":{"rendered":"https:\/\/www.europesays.com\/es\/200273\/"},"modified":"2025-10-25T14:12:09","modified_gmt":"2025-10-25T14:12:09","slug":"los-familares-recuerdan-a-sus-muertos-en-la-dana-en-un-emocionante-acto-no-solo-era-mi-gran-amor-era-mi-amigo-noticias-de-la-comunidad-valenciana","status":"publish","type":"post","link":"https:\/\/www.europesays.com\/es\/200273\/","title":{"rendered":"Los familares recuerdan a sus muertos en la dana en un emocionante acto: \u201cNo solo era mi gran amor, era mi amigo\u201d | Noticias de la Comunidad Valenciana"},"content":{"rendered":"<p class=\"\">Mar\u00eda, Isabel, Fidel, Pablo, Sonia&#8230; Los nombres de<a href=\"https:\/\/elpais.com\/espana\/comunidad-valenciana\/2025-10-24\/mazon-mantuvo-su-agenda-el-dia-de-la-dana-pese-a-encargar-ya-por-la-manana-un-informe-sobre-la-gravedad-de-la-riada.html\" target=\"_self\" rel=\"nofollow noopener\" title=\"https:\/\/elpais.com\/espana\/comunidad-valenciana\/2025-10-24\/mazon-mantuvo-su-agenda-el-dia-de-la-dana-pese-a-encargar-ya-por-la-manana-un-informe-sobre-la-gravedad-de-la-riada.html\"> las 229 personas que fallecieron <\/a>el pasado 29 de octubre <a href=\"https:\/\/elpais.com\/espana\/comunidad-valenciana\/2025-10-24\/la-hora-en-que-mazon-desaparecio-que-hizo-despues-de-salir-del-ventorro.html\" target=\"_self\" rel=\"nofollow noopener\" title=\"https:\/\/elpais.com\/espana\/comunidad-valenciana\/2025-10-24\/la-hora-en-que-mazon-desaparecio-que-hizo-despues-de-salir-del-ventorro.html\">por la dana que arras\u00f3 el sur de Valencia <\/a>desfilan por la pantalla. Sube al escenario Ana para hablar de su prima Sara Carpio, de 24 a\u00f1os, que falleci\u00f3 abrazada a su padre, Miguel, de 63, en un garaje de Benet\u00fasser. Recuerda su c\u00e1racter alegre, su predisposici\u00f3n a ayudar y c\u00f3mo la apreciaban sus compa\u00f1eros del Hospital La Fe de Valencia, donde trabajaba de enfermera, como lo cororobora uno de sus jefes m\u00e9dicos a trav\u00e9s de un v\u00eddeo. A su lado, se encuentra su padre que acababa de hablar sobre su hermano Miguel: \u201cMi hermano solo ten\u00eda un defecto: era demasiado buena persona\u201d. <\/p>\n<p class=\"\">Se van pasando fotos de la familia, de viajes, de excursi\u00f3n,en casa, en la Ciutat de les Arts i les Ci\u00e9ncies de Valencia&#8230; Cualquiera podr\u00eda reconocerse. Le toca el turno a To\u00f1i Garc\u00eda, uno de lo rostros m\u00e1s conmovedores de la tragedia, la mujer que perdi\u00f3 a su marido y a su hija. \u201cMiguel no era solo mi gran amor\u201d, afirma con voz firme. Era su \u201ccompa\u00f1ero\u201d, su \u201camigo\u201d, la persona con la que compart\u00eda lecturas, aficiones, todo, comenta la mujer, mientras un denso silencio se apodera del Teatro Olympia de Valencia.<\/p>\n<p class=\"\">El teatro est\u00e1 en penumbra, pero la emoci\u00f3n es visible en las expresiones de la gente que pr\u00e1cticamente ha llenado el aforo de 900 butacas este s\u00e1bado por la ma\u00f1ana para asistir al homenaje organizado por la Associaci\u00f3 Victimes Dana 29 d\u2019octubre. Los sentimientos est\u00e1n a flor de piel un a\u00f1o despu\u00e9s, cuando se recuerda aquella terror\u00edfica tarde en que \u201cNo ens avisaren\u201d (No nos avisaron), como canta con su profundo vozarr\u00f3n quebrado Miquel Gil, en alusi\u00f3n a que la alarma de las 20.11 lleg\u00f3 demasidado tarde a la ciudadan\u00eda <\/p>\n<p class=\"\">Solo las fotograf\u00edas de la cat\u00e1strofe, de las inimaginables pilas de coches amontonados que observan dos vecinos alucinados sin poder acceder a sus casas, de la solidaridad como un haz de luz en medio del barro, de la tristeza m\u00e1s absoluta del que mira lo que fue su negocio o de los agricultores voluntarios cargando con todo el desastre que pueden en sus tractores, todas esas im\u00e1genes que inmortalizaron los fotorreporteros y que se van proyectando en la pantalla son suficientes para volver en unos segundos al estado de conmoci\u00f3n estupefacta de aquellos d\u00edas. <\/p>\n<p><img decoding=\"auto\" class=\"_re lazyload a_m-h\" height=\"277\"  width=\"414\"  src=\"https:\/\/www.europesays.com\/es\/wp-content\/uploads\/2025\/10\/2WARYHNPPRM2LJDECGZYI22MEE.jpg\" loading=\"lazy\"\/>Final del acto del Teatro Olympia, de este s\u00e1bado.Jorge Gil (Europa Press)<\/p>\n<p class=\"\">Nadie inform\u00f3 durante 24 horas a la mujer de Rub\u00e9n Lima, de 33 a\u00f1os, polic\u00eda local de Valencia, de la situaci\u00f3n de su marido, \u201cel gran amor\u201d de su vida que muri\u00f3 junto a otros seis vecinos en una garaje de La Torre, un barrio d Valencia. La tarde del 29 le envi\u00f3 un mensaje a trav\u00e9s de WhatsApp cuando sali\u00f3 del gimnasio y ya no supo nada m\u00e1s de \u00e9l. La mujer pide justicia y que paguen los responsables de la negligencia.<\/p>\n<p class=\"\">\u201cVerdad, Justicia, Reparaci\u00f3n\u201d son los lemas del acto por la memoria de los fallecidos, un acto solemne de acompa\u00f1amiento y reconocimiento del sufrimiento de las familias, pero tambi\u00e9n de denuncia. La asociaci\u00f3n acusa a la Generalitat, innstituci\u00f3n competente en la prevenir y gesti\u00f3n de la emergencia, de actuaci\u00f3n negligente y, por tanto, de ser responsable de las v\u00edctimas. Bomberos, profesores, voluntarios o agricultores, pero sobre todo, los familiares, han sido objeto de homnajes. <\/p>\n<p class=\"\">Hui ten\u00eda solo 11 a\u00f1os cuando muri\u00f3 en la plaza de Lepanto de Benet\u00e9sser. Era \u201cla luz de la plaza\u201d, la sonrisa de la plaza, el alma del popular restaurante chino de la plaza que regentaban sus padres. Lo cuenta con emoci\u00f3n contenida Tiffany, una vecina y clienta del establecimiento que, como tantas otras, vio crecer a Hui hasta que una tromba voraz de agua, barro y ca\u00f1as acab\u00f3 con todo a su paso. <\/p>\n<p class=\"\">Los recuerdos son muy dolorosos. \u00bfC\u00f3mo se puede olvidar que le pidieras a tu pareja que bajara a ayudar a un vecino, que pugna por no ahigarse en la calle y ya nunca m\u00e1s subi\u00f3, por ejemplo? Pero Tiffany quiere tambi\u00e9n arrojar luz a la memoria del espanto evocando c\u00f3mo los vecinos te ofrec\u00edan sus brazos, te cog\u00edan con sus manos, te lanzaban cuerdas para escapar de las corriente asesina, c\u00f3mo los vecinos se ayudaban unos a otros, a menudos, sin conocerse o solo de vista.<\/p>\n<p class=\"\">Tampoco olvida Rafael S\u00e1nchis Palop la muerte de sus dos hermanos en Aldaia, Xavier y Pilar. Ambos superaban los sesenta a\u00f1os y ten\u00edan dificultades de movilidad. Compart\u00eda una planta y queriendo salvar algunos enseres, ya no les dio tiempo de subir a la primera planta.<\/p>\n<p class=\"\">Los testimonios se suceden intercalados con la m\u00fasica y las canciones de Pau Alabajos, Eva Romero, Miquel Gil o Vicent Colonques en un acto que empez\u00f3 con la Muixeranga d\u2019Algemes\u00ed.<\/p>\n<p class=\"\">Entre el p\u00fablico, varios pol\u00edticos de izquierdas, como la ministra de Ciencia y secretaria general del PSPV-PSOE, Diana Morant, o la delegada del Gobierno en la Comunidad Valenciana, Pilar Bernab\u00e9. <\/p>\n<p class=\"\">El homenaje ha acabado pidiendo la dimisi\u00f3n de Carlos Maz\u00f3n, presidente de la Generalitat, y con la canci\u00f3n Lladres de sobretaula, de Pancho, el que fue el l\u00edder de Zoo, convertida en el himno a las v\u00edctimas: \u201cI ara totes alcem al veu per qui ja no pot al\u00e7ar-la\u00bb (I ara todos alcemos la voz por los que ya no pueden alczarla). <\/p>\n<p class=\"\">Sobre el escenario, un grupo de voluntarios con sus pozales y escobones exhibiendo una gran pancarta con esa letra como lema, adem\u00e1s de la presidenta de la Associaci\u00f3 de V\u00edctimes de la Dana 29 d\u2019octubre 2024, Maril\u00f3 Gradol\u00ed, la presidenta de la Associaci\u00f3 de V\u00edctimes Mortals de la Dana 29-O, Rosa \u00c1lvarez, y el presidente de la Asociaci\u00f3n de Damificados de l\u2019Horta Sud, Christian Lesaec.<\/p>\n","protected":false},"excerpt":{"rendered":"Mar\u00eda, Isabel, Fidel, Pablo, Sonia&#8230; Los nombres de las 229 personas que fallecieron el pasado 29 de octubre&hellip;\n","protected":false},"author":2,"featured_media":200274,"comment_status":"","ping_status":"","sticky":false,"template":"","format":"standard","meta":{"footnotes":""},"categories":[8],"tags":[17,18,242,25,24,13,14,11,19,20,9,10,15,16,23,12,21,22],"class_list":{"0":"post-200273","1":"post","2":"type-post","3":"status-publish","4":"format-standard","5":"has-post-thumbnail","7":"category-espana","8":"tag-breaking-news","9":"tag-breakingnews","10":"tag-comunidad-valenciana","11":"tag-es","12":"tag-espana","13":"tag-featured-news","14":"tag-featurednews","15":"tag-headlines","16":"tag-latest-news","17":"tag-latestnews","18":"tag-news","19":"tag-noticias","20":"tag-noticias-destacadas","21":"tag-noticiasdestacadas","22":"tag-spain","23":"tag-titulares","24":"tag-ultimas-noticias","25":"tag-ultimasnoticias"},"share_on_mastodon":{"url":"https:\/\/pubeurope.com\/@es\/115435218464608213","error":""},"_links":{"self":[{"href":"https:\/\/www.europesays.com\/es\/wp-json\/wp\/v2\/posts\/200273","targetHints":{"allow":["GET"]}}],"collection":[{"href":"https:\/\/www.europesays.com\/es\/wp-json\/wp\/v2\/posts"}],"about":[{"href":"https:\/\/www.europesays.com\/es\/wp-json\/wp\/v2\/types\/post"}],"author":[{"embeddable":true,"href":"https:\/\/www.europesays.com\/es\/wp-json\/wp\/v2\/users\/2"}],"replies":[{"embeddable":true,"href":"https:\/\/www.europesays.com\/es\/wp-json\/wp\/v2\/comments?post=200273"}],"version-history":[{"count":0,"href":"https:\/\/www.europesays.com\/es\/wp-json\/wp\/v2\/posts\/200273\/revisions"}],"wp:featuredmedia":[{"embeddable":true,"href":"https:\/\/www.europesays.com\/es\/wp-json\/wp\/v2\/media\/200274"}],"wp:attachment":[{"href":"https:\/\/www.europesays.com\/es\/wp-json\/wp\/v2\/media?parent=200273"}],"wp:term":[{"taxonomy":"category","embeddable":true,"href":"https:\/\/www.europesays.com\/es\/wp-json\/wp\/v2\/categories?post=200273"},{"taxonomy":"post_tag","embeddable":true,"href":"https:\/\/www.europesays.com\/es\/wp-json\/wp\/v2\/tags?post=200273"}],"curies":[{"name":"wp","href":"https:\/\/api.w.org\/{rel}","templated":true}]}}