{"id":200295,"date":"2025-10-25T14:31:11","date_gmt":"2025-10-25T14:31:11","guid":{"rendered":"https:\/\/www.europesays.com\/es\/200295\/"},"modified":"2025-10-25T14:31:11","modified_gmt":"2025-10-25T14:31:11","slug":"el-vestido-made-in-malaga-elegido-por-la-infanta-sofia-para-los-premios-princesa-de-asturias","status":"publish","type":"post","link":"https:\/\/www.europesays.com\/es\/200295\/","title":{"rendered":"El vestido &#8216;made in M\u00e1laga&#8217; elegido por la infanta Sof\u00eda para los Premios Princesa de Asturias"},"content":{"rendered":"<p>Es uno de los actos m\u00e1s simb\u00f3licos -y especiales- cada a\u00f1o para la Familia Real: los Premios Princesa de Asturias. Una fecha clave en la  &#8230; agenda tanto de los Reyes como de las infantas para la que miman cuidadosamente sus looks, conscientes de que las miradas est\u00e1n puestas, m\u00e1s que nunca, sobre sus estilismos. Y en esta ocasi\u00f3n M\u00e1laga estuvo presente en las etiquetas. Miphai, la firma de los gallegos Alicia D\u00e1vila y Miro Taboada (ambos afincados en la capital de la Costa del Sol, donde tienen su sede) fue la marca elegida esta edici\u00f3n por Sof\u00eda para tan se\u00f1alada ceremonia. \u00bfSu apuesta? Un total look en uno de los colores de tendencia de esta temporada -el burdeos- compuesto por el vestido \u00c1mbar Granate (de tirantes anchos, transparencias y bajo asim\u00e9trico) que complet\u00f3 con el &#8216;chal brisa granate&#8217; en el mismo tono. Una propuesta perfecta para las invitadas de oto\u00f1o de la que sigue habiendo tallas disponibles <a href=\"https:\/\/www.miphai.com\/\" target=\"_blank\" data-voc-vtm-id=\"in-text-traffic\" title=\"en la tienda on line\" data-mrf-link=\"www.miphai.com\" rel=\"nofollow noopener\">en la tienda on line<\/a>, donde se vende a 179,99 euros el traje y 49,99 la capa.<\/p>\n<p class=\"v-p\">La infanta Sof\u00eda complet\u00f3 su estilismo con unas bailarinas planas destalonadas de la firma Magrit en tono nude y complementos con detalles en dorado para dar un toque de luz al look final.<\/p>\n<p>Detalle del look de la Infanta Sof\u00eda e imagen de Miro Taboada y Alicia Davila Phaithayad, fundadores de la empresa con sede en M\u00e1laga.<\/p>\n<p><img decoding=\"async\" loading=\"lazy\" src=\"https:\/\/www.europesays.com\/es\/wp-content\/uploads\/2025\/10\/sofiados-kSyC--1200x841@Diario Sur.JPG\" class=\"v-mdl__img-z\" width=\"1200\" height=\"841\" alt=\"Imagen principal - Detalle del look de la Infanta Sof\u00eda e imagen de Miro Taboada y Alicia Davila Phaithayad, fundadores de la empresa con sede en M\u00e1laga.\"\/><\/p>\n<p><img decoding=\"async\" loading=\"lazy\" src=\"https:\/\/www.europesays.com\/es\/wp-content\/uploads\/2025\/10\/mipahidos-kSyC--1200x851@Diario Sur.jpg\" class=\"v-mdl__img-z\" width=\"1200\" height=\"851\" alt=\"Imagen secundaria 1 - Detalle del look de la Infanta Sof\u00eda e imagen de Miro Taboada y Alicia Davila Phaithayad, fundadores de la empresa con sede en M\u00e1laga.\"\/><\/p>\n<p><img decoding=\"async\" loading=\"lazy\" src=\"https:\/\/www.europesays.com\/es\/wp-content\/uploads\/2025\/10\/dosdofia-U2301202504839FWF--711x841@Diario Sur.JPG\" class=\"v-mdl__img-z\" width=\"711\" height=\"841\" alt=\"Imagen secundaria 2 - Detalle del look de la Infanta Sof\u00eda e imagen de Miro Taboada y Alicia Davila Phaithayad, fundadores de la empresa con sede en M\u00e1laga.\"\/><\/p>\n<p class=\"v-p\">Miphai es una marca espa\u00f1ola con sede en M\u00e1laga, donde se encuentran parte de sus talleres (repartidos entre la capital y Madrid). Creada en 2019 como marca de moda para invitadas, hoy la firma tambi\u00e9n cuenta en su cat\u00e1logo con colecciones nupciales -sector al que se abri\u00f3 durante la pandemia-, accesorios y ropa para el d\u00eda a d\u00eda. La empresa, con casi medio centenar de empleados en plantilla, cerr\u00f3 2024 con 9,5 millones de euros de facturaci\u00f3n -que prev\u00e9 casi duplicar este 2025.<\/p>\n<p><a href=\"http:\/\/www.diariosur.es\/malaga\/miphai-firma-moda-made-malaga-conquistado-mercado-20250502134039-nt.html#vtm_modulosEngag=mod-rel:gente-estilo:noticia:1:cmp:1-not\" class=\"v-a-link\" aria-label=\"Imagen\" rel=\"nofollow noopener\" target=\"_blank\"><\/p>\n<p><img decoding=\"async\" loading=\"lazy\" src=\"https:\/\/www.europesays.com\/es\/wp-content\/uploads\/2025\/10\/miphaitres-kSyC-U230349708292563C-258x180@Diario Sur.jpg\" class=\"v-a-img\" width=\"258\" height=\"180\" alt=\"\" data-voc-vtm-id=\"in-text-traffic\"\/><\/p>\n<p><\/a><\/p>\n<p class=\"v-p\">Curiosamente, el gran despegue de esta empresa textil est\u00e1 ligado a la Familia Real. Letizia eligi\u00f3 un vestido suyo en oto\u00f1o de 2022 -casualmente en la misma fecha, un 24 de octubre- <a href=\"https:\/\/www.diariosur.es\/gente-estilo\/dona-letizia-espaldarazo-20221025124013-ntrc.html\" data-voc-vtm-id=\"in-text-traffic\" title=\"para inaugurar la nueva temporada del Teatro Real.\" data-mrf-link=\"www.diariosur.es\" rel=\"nofollow noopener\" target=\"_blank\">para inaugurar la nueva temporada del Teatro Real.<\/a> En aquella ocasi\u00f3n, hace ahora tres a\u00f1os justos, la Reina deslumbr\u00f3 con el modelo Par\u00eds, de falda midi asim\u00e9trica y un pronunciado escote de espalda. Un traje azul con manga francesa confeccionado en crepe con el que acapar\u00f3 todos los flashes. \u00abNos ayud\u00f3 a escalar much\u00edsimo\u00bb, <a href=\"https:\/\/www.diariosur.es\/malaga\/miphai-firma-moda-made-malaga-conquistado-mercado-20250502134039-nt.html\" data-voc-vtm-id=\"in-text-traffic\" title=\"admitieron recientemente a SUR los due\u00f1os de Miphai\" data-mrf-link=\"www.diariosur.es\" rel=\"nofollow noopener\" target=\"_blank\">admitieron recientemente a SUR los due\u00f1os de Miphai<\/a>. <\/p>\n<p class=\"v-p\">En la actualidad, la marca cuentan con tiendas propias en Madrid, Valencia, Sevilla y Barcelona; y cuatro puntos de venta m\u00e1s en el interior de centros El Corte Ingl\u00e9s (Valencia, C\u00f3rdoba, Murcia, Zaragoza y Barcelona). M\u00e1laga, sin embargo, sigue siendo la asignatura pendiente de la empresa. Pese a nacer aqu\u00ed, no existe actualmente un espacio en el que adquirir sus prendas, aunque como confesaron a SUR, est\u00e1n buscando locales en el entorno de calle Nueva. \u00abAntes vend\u00edamos en M\u00e1laga, pero la empresa ha crecido tanto que tuvimos que aprovechar todo el espacio para oficinas\u00bb, detallaron.<\/p>\n","protected":false},"excerpt":{"rendered":"Es uno de los actos m\u00e1s simb\u00f3licos -y especiales- cada a\u00f1o para la Familia Real: los Premios Princesa&hellip;\n","protected":false},"author":2,"featured_media":200296,"comment_status":"","ping_status":"","sticky":false,"template":"","format":"standard","meta":{"footnotes":""},"categories":[91],"tags":[1770,3149,146,147,25,24,14465,31838,3855,532,1650,11647,23,13011],"class_list":{"0":"post-200295","1":"post","2":"type-post","3":"status-publish","4":"format-standard","5":"has-post-thumbnail","7":"category-entretenimiento","8":"tag-asturias","9":"tag-elegido","10":"tag-entertainment","11":"tag-entretenimiento","12":"tag-es","13":"tag-espana","14":"tag-infanta","15":"tag-made","16":"tag-malaga","17":"tag-premios","18":"tag-princesa","19":"tag-sofia","20":"tag-spain","21":"tag-vestido"},"share_on_mastodon":{"url":"https:\/\/pubeurope.com\/@es\/115435293549877164","error":""},"_links":{"self":[{"href":"https:\/\/www.europesays.com\/es\/wp-json\/wp\/v2\/posts\/200295","targetHints":{"allow":["GET"]}}],"collection":[{"href":"https:\/\/www.europesays.com\/es\/wp-json\/wp\/v2\/posts"}],"about":[{"href":"https:\/\/www.europesays.com\/es\/wp-json\/wp\/v2\/types\/post"}],"author":[{"embeddable":true,"href":"https:\/\/www.europesays.com\/es\/wp-json\/wp\/v2\/users\/2"}],"replies":[{"embeddable":true,"href":"https:\/\/www.europesays.com\/es\/wp-json\/wp\/v2\/comments?post=200295"}],"version-history":[{"count":0,"href":"https:\/\/www.europesays.com\/es\/wp-json\/wp\/v2\/posts\/200295\/revisions"}],"wp:featuredmedia":[{"embeddable":true,"href":"https:\/\/www.europesays.com\/es\/wp-json\/wp\/v2\/media\/200296"}],"wp:attachment":[{"href":"https:\/\/www.europesays.com\/es\/wp-json\/wp\/v2\/media?parent=200295"}],"wp:term":[{"taxonomy":"category","embeddable":true,"href":"https:\/\/www.europesays.com\/es\/wp-json\/wp\/v2\/categories?post=200295"},{"taxonomy":"post_tag","embeddable":true,"href":"https:\/\/www.europesays.com\/es\/wp-json\/wp\/v2\/tags?post=200295"}],"curies":[{"name":"wp","href":"https:\/\/api.w.org\/{rel}","templated":true}]}}