{"id":200350,"date":"2025-10-25T15:19:10","date_gmt":"2025-10-25T15:19:10","guid":{"rendered":"https:\/\/www.europesays.com\/es\/200350\/"},"modified":"2025-10-25T15:19:10","modified_gmt":"2025-10-25T15:19:10","slug":"bbva-sube-en-bolsa-un-754-tras-fracasar-la-opa-y-lidera-la-banca","status":"publish","type":"post","link":"https:\/\/www.europesays.com\/es\/200350\/","title":{"rendered":"BBVA sube en Bolsa un 7,54% tras fracasar la opa y lidera la banca"},"content":{"rendered":"<p class=\"ue-c-article__paragraph\">Sabadell pierde un suave 3,9% en seis sesiones y esta semana recupera la normalidad en Bolsa.<\/p>\n<p class=\"ue-c-article__paragraph\"><strong>BBVA<\/strong> y <strong>Banco Sabadell<\/strong> han seguido caminos muy divergentes en Bolsa tras el fracaso de la oferta p\u00fablica de adquisici\u00f3n (opa) del primero sobre el segundo. Seis sesiones despu\u00e9s de que se comunicara que la entidad que preside <strong>Carlos Torres<\/strong> s\u00f3lo consigui\u00f3 el 25,47% de los derechos de voto de Sabadell, <strong>BBVA acumula una subida en Bolsa del 7,54%<\/strong>.<\/p>\n<p class=\"ue-c-article__paragraph paywall\">Este avance es el mayor entre los seis bancos cotizados espa\u00f1oles y contrasta con la suave ganancia del 0,63% del \u00edndice Ibex 35 Bancos en el mismo per\u00edodo.<\/p>\n<p class=\"ue-c-article__paragraph paywall\">BBVA cerr\u00f3 el viernes sobre el nivel de los <strong>16,9 euros<\/strong>, y se mantiene muy cerca del m\u00e1ximo hist\u00f3rico de 17,29 euros firmado este mismo mes.<\/p>\n<p><img loading=\"lazy\" decoding=\"async\" width=\"660\" height=\"440\" class=\"ue-c-article__media--image\" alt=\"\" src=\"https:\/\/www.europesays.com\/es\/wp-content\/uploads\/2025\/10\/17613364529579.jpg\"\/><\/p>\n<p class=\"ue-c-article__paragraph paywall\">Tras el resultado negativo de la opa sobre Sabadell, el banco ha vuelto a poner el foco en el crecimiento org\u00e1nico y en los pagos al accionista, con los <strong>36.000 millones de remuneraci\u00f3n<\/strong> previstos para el plan 2025-2028 como gran cifra de referencia.<\/p>\n<p class=\"ue-c-article__paragraph paywall\">La entidad retomar\u00e1 el pr\u00f3ximo 31 de octubre el plan de recompra de acciones que ten\u00eda suspendido por valor de 1.000 millones de euros. Adem\u00e1s, los analistas de Morgan Stanley se\u00f1alan en un reciente informe que el segundo banco espa\u00f1ol por capitalizaci\u00f3n burs\u00e1til estar\u00eda preparando un nuevo programa de recompra de t\u00edtulos que se elevar\u00eda hasta los 3.000 millones de euros.<\/p>\n<p class=\"ue-c-article__paragraph paywall\">Seg\u00fan los c\u00e1lculos de los analistas del banco de inversi\u00f3n estadounidense, este importe permitir\u00e1 a BBVA conservar una ratio de capital de m\u00e1xima calidad en el entorno del 13%, lo que lo mantendr\u00e1 \u00abalineado con sus pares\u00bb, se\u00f1ala el informe.<\/p>\n<p class=\"ue-c-article__paragraph paywall\">Liberado del peso de una posible segunda opa por Sabadell a un precio mayor que la primera que hubiera puesto en peligro sus ratios, y con la retribuci\u00f3n al accionista como gran reclamo, BBVA ve como los analistas le dan un precio objetivo medio de 17,4 euros, que supondr\u00eda un nuevo r\u00e9cord y un potencial alcista del 3%. El consenso de Bloomberg otorga a BBVA la mejor valoraci\u00f3n de siempre.<\/p>\n<p class=\"ue-c-article__paragraph paywall\">Desde que fracas\u00f3 la opa, s\u00f3lo dos bancos, BBVA y Unicaja, escapan a la correcci\u00f3n en Bolsa. La peor parte se la lleva Bankinter, que pierde un 5% en las seis \u00faltimas sesiones. La ca\u00edda se ha gestado tras la presentaci\u00f3n, el jueves, de los resultados de los nueve primeros meses del a\u00f1o.<\/p>\n<p class=\"ue-c-article__paragraph paywall\">A continuaci\u00f3n se sit\u00faa Sabadell, que cede un 3,90%. Tras la fuerte ca\u00edda del 6,78% del viernes de la semana pasada como respuesta al desenlace de la opa, la entidad ha recuperado la normalidad muy r\u00e1pidamente en Bolsa en las \u00faltimas sesiones. De hecho, s\u00f3lo en la \u00faltima semana ha sido el mejor banco del Ibex 35 con una subida del 3%, frente a la del 1,17% del \u00edndice sectorial.<\/p>\n<p>Normalidad<\/p>\n<p class=\"ue-c-article__paragraph paywall\">La reducci\u00f3n del parte de da\u00f1os en Bolsa hasta niveles muy discretos tiene que ver con la r\u00e1pida absorci\u00f3n del grueso de las ventas procedentes de los fondos de arbitraje y cazaopas.<\/p>\n<p class=\"ue-c-article__paragraph paywall\">Estas firmas hab\u00edan entrado en el capital de Sabadell al calor de la opa y de una posible segunda oferta a un precio mejorado si BBVA consegu\u00eda en primera instancia entre el 30% y el 50% del capital de Sabadell. Su salida tras el fin de la oferta ha sido muy ordenada, sobre todo porque su presencia no era excesiva, ya que el pago de la operaci\u00f3n estaba planteado como un canje de acciones y no en efectivo, la f\u00f3rmula m\u00e1s atractiva para estos fondos.<\/p>\n<p class=\"ue-c-article__paragraph paywall\">Tras la suave correcci\u00f3n posterior al fin de la opa, los analistas dan a Sabadell un potencial alcista medio del 11% hasta los 3,44 euros, lo que supondr\u00eda un nuevo r\u00e9cord hist\u00f3rico.<\/p>\n","protected":false},"excerpt":{"rendered":"Sabadell pierde un suave 3,9% en seis sesiones y esta semana recupera la normalidad en Bolsa. BBVA y&hellip;\n","protected":false},"author":2,"featured_media":200351,"comment_status":"","ping_status":"","sticky":false,"template":"","format":"standard","meta":{"footnotes":""},"categories":[80],"tags":[82,95,94,25,24,114,23],"class_list":{"0":"post-200350","1":"post","2":"type-post","3":"status-publish","4":"format-standard","5":"has-post-thumbnail","7":"category-economia","8":"tag-business","9":"tag-economia","10":"tag-economy","11":"tag-es","12":"tag-espana","13":"tag-mercados","14":"tag-spain"},"share_on_mastodon":{"url":"https:\/\/pubeurope.com\/@es\/115435481779939466","error":""},"_links":{"self":[{"href":"https:\/\/www.europesays.com\/es\/wp-json\/wp\/v2\/posts\/200350","targetHints":{"allow":["GET"]}}],"collection":[{"href":"https:\/\/www.europesays.com\/es\/wp-json\/wp\/v2\/posts"}],"about":[{"href":"https:\/\/www.europesays.com\/es\/wp-json\/wp\/v2\/types\/post"}],"author":[{"embeddable":true,"href":"https:\/\/www.europesays.com\/es\/wp-json\/wp\/v2\/users\/2"}],"replies":[{"embeddable":true,"href":"https:\/\/www.europesays.com\/es\/wp-json\/wp\/v2\/comments?post=200350"}],"version-history":[{"count":0,"href":"https:\/\/www.europesays.com\/es\/wp-json\/wp\/v2\/posts\/200350\/revisions"}],"wp:featuredmedia":[{"embeddable":true,"href":"https:\/\/www.europesays.com\/es\/wp-json\/wp\/v2\/media\/200351"}],"wp:attachment":[{"href":"https:\/\/www.europesays.com\/es\/wp-json\/wp\/v2\/media?parent=200350"}],"wp:term":[{"taxonomy":"category","embeddable":true,"href":"https:\/\/www.europesays.com\/es\/wp-json\/wp\/v2\/categories?post=200350"},{"taxonomy":"post_tag","embeddable":true,"href":"https:\/\/www.europesays.com\/es\/wp-json\/wp\/v2\/tags?post=200350"}],"curies":[{"name":"wp","href":"https:\/\/api.w.org\/{rel}","templated":true}]}}