{"id":200387,"date":"2025-10-25T15:53:09","date_gmt":"2025-10-25T15:53:09","guid":{"rendered":"https:\/\/www.europesays.com\/es\/200387\/"},"modified":"2025-10-25T15:53:09","modified_gmt":"2025-10-25T15:53:09","slug":"el-redebut-de-splitter-en-la-nba-arrolla-a-los-warriors-de-curry","status":"publish","type":"post","link":"https:\/\/www.europesays.com\/es\/200387\/","title":{"rendered":"El redebut de Splitter en la NBA arrolla a los Warriors de Curry"},"content":{"rendered":"<p>La <a href=\"https:\/\/www.elcorreo.com\/temas\/entidades\/nba.html\" title=\"www.elcorreo.com\" data-voc-vtm-id=\"in-text-traffic\" data-mrf-link=\"www.elcorreo.com\" rel=\"nofollow noopener\" target=\"_blank\">NBA<\/a> se dispone a descubrir de lo que es capaz Tiago Splitter como entrenador. Ganador del t\u00edtulo como jugador en 2014 cuando militaba  &#8230; en los Spurs, esta noche ha hecho su redebut en la Liga Norteamericana. El exbaskonista afrontaba su estreno como t\u00e9cnico principal de un equipo y su balance no ha podido ser mejor. Sus Portland Trail Blazers, repletos de bajas y golpeados por el esc\u00e1ndalo de las partidas de p\u00f3quer clandestinas y apuestas ilegales, han arrollado a los Warriors.<\/p>\n<p class=\"v-p\">El brasile\u00f1o fue recibido en el vestuario con todos los honores, ba\u00f1ado en agua por sus jugadores. \u00abEstoy feliz de ver a mis chicos sonre\u00edr. M\u00e1s que pensar en m\u00ed, pensaba en ellos\u00bb, expres\u00f3 el t\u00e9cnico en rueda de prensa. Splitter revel\u00f3 que no hab\u00eda podido hablar con Chauncey Billups desde que este fuera arrestado por el FBI por su presunta participaci\u00f3n en partidas de p\u00f3quer ilegales que reportaban millones de d\u00f3lares de ganancias. Su detenci\u00f3n propici\u00f3 el salto de la leyenda del Baskonia, que hab\u00eda recalado este verano en Portland como asistente.<\/p>\n<p><a href=\"http:\/\/www.elcorreo.com\/deportes\/baloncesto\/nba\/lesiones-fingidas-chivatazos-camaras-ocultas-rayos-x-escandalo-nba-poquer-apuestas-20251025213611-nt.html#vtm_modulosEngag=mod-rel:baskonia:noticia:1:cmp:1-not\" class=\"v-a-link\" aria-label=\"Imagen\" rel=\"nofollow noopener\" target=\"_blank\"><\/p>\n<p><img decoding=\"async\" loading=\"lazy\" src=\"https:\/\/www.europesays.com\/es\/wp-content\/uploads\/2025\/10\/terry rozier-kMIC--366x256@El Correo.jpg\" class=\"v-a-img\" width=\"258\" height=\"180\" alt=\"\" data-voc-vtm-id=\"in-text-traffic\"\/><\/p>\n<p><\/a><\/p>\n<p class=\"v-p\">\u00abSinceramente, fue un momento dif\u00edcil. Pero tengo que hacer mi trabajo. He estado en esta posici\u00f3n en un nivel diferente. Pero tambi\u00e9n, en cierto modo, con ganas de demostrar mis habilidades y liderar un equipo\u00bb, expuso tras la victoria. Sin poder contar con la gran estrella de los Blazers, Damian Lillard, y dos jugadores importantes como Scoot Henderson, n\u00ba 3 del Draft de 2023, y Robert Williams III, Portland maniat\u00f3 a los Warriors de Curry, autor de 35 puntos, Butler y Draymon Green.<\/p>\n<p class=\"v-p\">Splitter ya dej\u00f3 muestras del baloncesto r\u00e1pido y din\u00e1mico que abander\u00f3 el a\u00f1o pasado en Par\u00eds en su debut al m\u00e1ximo nivel en los banquillos. \u00abSiendo honesto, ya implement\u00e9 algunas cosas al llegar aqu\u00ed hace como dos meses. Como el ritmo al que jugamos. Hicimos lo mismo el a\u00f1o pasado con Par\u00eds. La rotaci\u00f3n es similar. As\u00ed que intentamos jugar de esa manera, agresivos\u00bb, explic\u00f3 a la prensa. Un estilo por el que empieza a recibir tambi\u00e9n muchos elogios al otro lado del Atl\u00e1ntico.<\/p>\n<p class=\"v-p\">El brasile\u00f1o ech\u00f3 ra\u00edces all\u00ed tras salir del Baskonia en 2010. Como jugador, se retir\u00f3 de forma prematura en 2018 debido a una permanente lesi\u00f3n de cadera, pero se qued\u00f3 en Estados Unidos para labrarse un camino como entrenador. De inicio, se desempe\u00f1\u00f3 como asistente de los Brooklyn Nets (2019-2023) y Houston Rockets (2023-24), para despu\u00e9s dar el salto a la Euroliga y ser el entrenador del Par\u00eds. El desaf\u00edo termin\u00f3 de forma extraordinaria, con doblete en Francia y la etiqueta de revelaci\u00f3n continental. Pese a recibir muchas propuestas en Europa, opt\u00f3 por volver a la NBA en busca de la oportunidad de la que ahora dispone. Aunque por ahora sea de forma interina, triunfos as\u00ed refuerzan su candidatura a afianzarse en el cargo y asumir las riendas del equipo. En sus filas cuenta con el exbaskonista Sidy Cissoko, sin minutos en el inicio de su tercera campa\u00f1a en la Liga Norteamericana.<\/p>\n","protected":false},"excerpt":{"rendered":"La NBA se dispone a descubrir de lo que es capaz Tiago Splitter como entrenador. Ganador del t\u00edtulo&hellip;\n","protected":false},"author":2,"featured_media":200388,"comment_status":"","ping_status":"","sticky":false,"template":"","format":"standard","meta":{"footnotes":""},"categories":[269],"tags":[18515,299,298,18466,168,25,24,1725,55128,23,55129,167,18273],"class_list":{"0":"post-200387","1":"post","2":"type-post","3":"status-publish","4":"format-standard","5":"has-post-thumbnail","7":"category-baloncesto","8":"tag-arrolla","9":"tag-baloncesto","10":"tag-basketball","11":"tag-curry","12":"tag-deportes","13":"tag-es","14":"tag-espana","15":"tag-nba","16":"tag-redebut","17":"tag-spain","18":"tag-splitter","19":"tag-sports","20":"tag-warriors"},"share_on_mastodon":{"url":"https:\/\/pubeurope.com\/@es\/115435615622386321","error":""},"_links":{"self":[{"href":"https:\/\/www.europesays.com\/es\/wp-json\/wp\/v2\/posts\/200387","targetHints":{"allow":["GET"]}}],"collection":[{"href":"https:\/\/www.europesays.com\/es\/wp-json\/wp\/v2\/posts"}],"about":[{"href":"https:\/\/www.europesays.com\/es\/wp-json\/wp\/v2\/types\/post"}],"author":[{"embeddable":true,"href":"https:\/\/www.europesays.com\/es\/wp-json\/wp\/v2\/users\/2"}],"replies":[{"embeddable":true,"href":"https:\/\/www.europesays.com\/es\/wp-json\/wp\/v2\/comments?post=200387"}],"version-history":[{"count":0,"href":"https:\/\/www.europesays.com\/es\/wp-json\/wp\/v2\/posts\/200387\/revisions"}],"wp:featuredmedia":[{"embeddable":true,"href":"https:\/\/www.europesays.com\/es\/wp-json\/wp\/v2\/media\/200388"}],"wp:attachment":[{"href":"https:\/\/www.europesays.com\/es\/wp-json\/wp\/v2\/media?parent=200387"}],"wp:term":[{"taxonomy":"category","embeddable":true,"href":"https:\/\/www.europesays.com\/es\/wp-json\/wp\/v2\/categories?post=200387"},{"taxonomy":"post_tag","embeddable":true,"href":"https:\/\/www.europesays.com\/es\/wp-json\/wp\/v2\/tags?post=200387"}],"curies":[{"name":"wp","href":"https:\/\/api.w.org\/{rel}","templated":true}]}}