{"id":200444,"date":"2025-10-25T16:31:22","date_gmt":"2025-10-25T16:31:22","guid":{"rendered":"https:\/\/www.europesays.com\/es\/200444\/"},"modified":"2025-10-25T16:31:22","modified_gmt":"2025-10-25T16:31:22","slug":"turull-pide-a-los-cargos-de-junts-estar-preparados-antes-de-decidir-sobre-el-apoyo-a-sanchez","status":"publish","type":"post","link":"https:\/\/www.europesays.com\/es\/200444\/","title":{"rendered":"Turull pide a los cargos de Junts estar \u00abpreparados\u00bb antes de decidir sobre el apoyo a S\u00e1nchez"},"content":{"rendered":"<p class=\"article-text\">\n        El secretario general de Junts, Jordi Turull, ha emplazado este s\u00e1bado a sus alcaldes a estar \u201cpreparados\u201d y dar su \u201cmejor versi\u00f3n\u201d ante \u201clos momentos complicados\u201d que vendr\u00e1n, pero sin hacer alusi\u00f3n expresa a <a href=\"https:\/\/www.eldiario.es\/catalunya\/cinco-interrogantes-junts-debe-despejar_129_12713111.html\" target=\"_blank\" data-mrf-recirculation=\"links-noticia\" class=\"link\" rel=\"nofollow noopener\">la posibilidad de que su partido deje caer al Gobierno de Pedro S\u00e1nchez.<\/a>\n    <\/p>\n<p>    <a href=\"https:\/\/www.eldiario.es\/politica\/alemania-acepta-abrir-dialogo-oficialidad-catalan-euskera-gallego-ue-plena-presion-junts-sanchez_1_12711821.html\" data-mrf-recirculation=\"saber-mas\" data-dl-event=\"saber-mas\" rel=\"nofollow noopener\" target=\"_blank\"><\/p>\n<p class=\"know-more__title\">Alemania acepta \u00ababrir un di\u00e1logo\u00bb sobre la oficialidad del catal\u00e1n, el euskera y el gallego en la UE en plena presi\u00f3n de Junts a S\u00e1nchez<\/p>\n<p>            <img decoding=\"async\" class=\"lazy\" loading=\"lazy\" data-src=\"https:\/\/static.eldiario.es\/clip\/c709e743-99ea-42e3-9de8-758ebdc8212c_16-9-aspect-ratio_default_0.jpg\" src=\"data:image\/svg+xml,%3Csvg xmlns=\" http:=\"\" viewbox=\"0 0 880 495\" alt=\"Alemania acepta &quot;abrir un di\u00e1logo&quot; sobre la oficialidad del catal\u00e1n, el euskera y el gallego en la UE en plena presi\u00f3n de Junts a S\u00e1nchez\"\/><\/p>\n<p>                        <\/a><\/p>\n<p class=\"article-text\">\n        Junts ha celebrado este s\u00e1bado una convenci\u00f3n municipalista en Barcelona a 48 horas de que la direcci\u00f3n del partido decida si rompe con el bloque de la investidura y somete su decisi\u00f3n a la militancia, mientras <a href=\"https:\/\/www.eldiario.es\/politica\/alemania-acepta-abrir-dialogo-oficialidad-catalan-euskera-gallego-ue-plena-presion-junts-sanchez_1_12711821.html\" target=\"_blank\" data-mrf-recirculation=\"links-noticia\" class=\"link\" rel=\"nofollow noopener\">el Gobierno hace esfuerzos de \u00faltima hora, como la reactivaci\u00f3n del reconocimiento del catal\u00e1n en la UE, para evitar la ruptura.<\/a>\n    <\/p>\n<p class=\"article-text\">\n        M\u00e1s all\u00e1 de la oficialidad del catal\u00e1n en la Uni\u00f3n Europea, otros asuntos pendientes con Junts son la aplicaci\u00f3n de la amnist\u00eda a Puigdemont, a la espera de la decisi\u00f3n del Tribunal Constitucional, y la delegaci\u00f3n de las competencias de\u00a0inmigraci\u00f3n\u00a0a Catalunya, que fue tumbada en el Congreso con el rechazo entre otros de Podemos.\n    <\/p>\n<p class=\"article-text\">\n        El \u201cbloqueo\u201d en el Congreso de los Diputados de la iniciativa legislativa para frenar la multirreincidencia es uno de los \u201cincumplimientos\u201d que figuran en la lista de Junts, al que este s\u00e1bado Turull ha hecho referencia, poniendo el valor el papel de los alcaldes a la hora de situar el tema, as\u00ed como en las \u201cocupaciones delincuenciales\u201d o el \u201cfraude\u201d en el padr\u00f3n municipal.\n    <\/p>\n<p class=\"article-text\">\n        \u201cSon temas que JxCat ha puesto en la agenda a nivel nacional y estatal. Se ha hecho con valent\u00eda, rigor y sin t\u00f3picos. Ahora hay muchos alcaldes de otras formaciones, de estas que nos pusieron tantas etiquetas, que os vienen a dar la raz\u00f3n\u201d, ha se\u00f1alado Turull, informa EFE.\n    <\/p>\n<p class=\"article-text\">\n        Aunque todav\u00eda falta m\u00e1s de un a\u00f1o para las elecciones municipales, Turull ha reivindicado a Junts como el partido de la \u201ccentralidad\u201d ante los que quieren \u201canestesiar\u201d o \u201cincendiar\u201d Catalunya, en una alusi\u00f3n velada al PSC y a Alian\u00e7a Catalana.\n    <\/p>\n<p>    <a href=\"https:\/\/www.eldiario.es\/catalunya\/cinco-interrogantes-junts-debe-despejar_129_12713111.html\" data-mrf-recirculation=\"saber-mas-abajo\" data-dl-event=\"saber-mas-abajo\" rel=\"nofollow noopener\" target=\"_blank\"><\/p>\n<p class=\"know-more__title\">Los cinco interrogantes que Junts debe despejar\n<\/p>\n<p>            <img decoding=\"async\" class=\"lazy\" loading=\"lazy\" data-src=\"https:\/\/static.eldiario.es\/clip\/60c36b95-2467-4953-873b-c7bcb9460cb3_16-9-aspect-ratio_default_0.jpg\" src=\"data:image\/svg+xml,%3Csvg xmlns=\" http:=\"\" viewbox=\"0 0 880 495\" alt=\"Los cinco interrogantes que Junts debe despejar\"\/><\/p>\n<p>                        <\/a><\/p>\n<p class=\"article-text\">\n        Por ello, ha antepuesto las \u201cacciones\u201d y las \u201csoluciones\u201d ante tanto \u201cgriter\u00edo\u201d. \u201cVienen momentos complicados y habr\u00e1 que dar lo mejor de nosotros. Pero estoy seguro de que estaremos a la altura, como siempre, a la altura de estar al servicio de lo que el pa\u00eds se merece\u201d, ha resuelto.\n    <\/p>\n","protected":false},"excerpt":{"rendered":"El secretario general de Junts, Jordi Turull, ha emplazado este s\u00e1bado a sus alcaldes a estar \u201cpreparados\u201d y&hellip;\n","protected":false},"author":2,"featured_media":200445,"comment_status":"","ping_status":"","sticky":false,"template":"","format":"standard","meta":{"footnotes":""},"categories":[5],"tags":[517,210,17,18,1980,95,25,24,13,14,11,1982,19,20,9,10,15,16,1981,952,23,12,21,22],"class_list":{"0":"post-200444","1":"post","2":"type-post","3":"status-publish","4":"format-standard","5":"has-post-thumbnail","7":"category-titulares","8":"tag-actualidad","9":"tag-barcelona","10":"tag-breaking-news","11":"tag-breakingnews","12":"tag-cataluna","13":"tag-economia","14":"tag-es","15":"tag-espana","16":"tag-featured-news","17":"tag-featurednews","18":"tag-headlines","19":"tag-ignacio-escolar","20":"tag-latest-news","21":"tag-latestnews","22":"tag-news","23":"tag-noticias","24":"tag-noticias-destacadas","25":"tag-noticiasdestacadas","26":"tag-periodismo-independiente","27":"tag-politica","28":"tag-spain","29":"tag-titulares","30":"tag-ultimas-noticias","31":"tag-ultimasnoticias"},"share_on_mastodon":{"url":"https:\/\/pubeurope.com\/@es\/115435764649446340","error":""},"_links":{"self":[{"href":"https:\/\/www.europesays.com\/es\/wp-json\/wp\/v2\/posts\/200444","targetHints":{"allow":["GET"]}}],"collection":[{"href":"https:\/\/www.europesays.com\/es\/wp-json\/wp\/v2\/posts"}],"about":[{"href":"https:\/\/www.europesays.com\/es\/wp-json\/wp\/v2\/types\/post"}],"author":[{"embeddable":true,"href":"https:\/\/www.europesays.com\/es\/wp-json\/wp\/v2\/users\/2"}],"replies":[{"embeddable":true,"href":"https:\/\/www.europesays.com\/es\/wp-json\/wp\/v2\/comments?post=200444"}],"version-history":[{"count":0,"href":"https:\/\/www.europesays.com\/es\/wp-json\/wp\/v2\/posts\/200444\/revisions"}],"wp:featuredmedia":[{"embeddable":true,"href":"https:\/\/www.europesays.com\/es\/wp-json\/wp\/v2\/media\/200445"}],"wp:attachment":[{"href":"https:\/\/www.europesays.com\/es\/wp-json\/wp\/v2\/media?parent=200444"}],"wp:term":[{"taxonomy":"category","embeddable":true,"href":"https:\/\/www.europesays.com\/es\/wp-json\/wp\/v2\/categories?post=200444"},{"taxonomy":"post_tag","embeddable":true,"href":"https:\/\/www.europesays.com\/es\/wp-json\/wp\/v2\/tags?post=200444"}],"curies":[{"name":"wp","href":"https:\/\/api.w.org\/{rel}","templated":true}]}}