{"id":200454,"date":"2025-10-25T16:41:09","date_gmt":"2025-10-25T16:41:09","guid":{"rendered":"https:\/\/www.europesays.com\/es\/200454\/"},"modified":"2025-10-25T16:41:09","modified_gmt":"2025-10-25T16:41:09","slug":"ha-sido-la-unica-en-pronunciar-el-discurso","status":"publish","type":"post","link":"https:\/\/www.europesays.com\/es\/200454\/","title":{"rendered":"ha sido la \u00fanica en pronunciar el discurso"},"content":{"rendered":"<p>            Las claves<\/p>\n<p>\n                nuevo<br \/>\n                Generado con IA\n            <\/p>\n<p>        <a class=\"key__news__heading--closed-content\" href=\"http:\/\/www.elespanol.com\/suscripciones\/#utm_source=internal&amp;utm_medium=claves\" rel=\"nofollow noopener\" target=\"_blank\"><\/p>\n<p class=\"item--text\">\n                            La princesa Leonor pronunci\u00f3 el \u00fanico discurso en el Premio al Pueblo Ejemplar de Asturias 2025, destacando su protagonismo en el evento.\n                        <\/p>\n<p class=\"item--text\">\n                            El premio de este a\u00f1o fue otorgado a Valdesoto por su uni\u00f3n vecinal y la defensa del patrimonio cultural.\n                        <\/p>\n<p class=\"item--text\">\n                            La Familia Real visit\u00f3 Valdesoto, participando en actividades tradicionales como la foliada de ma\u00edz y el juego de bolos.\n                        <\/p>\n<p class=\"item--text\">\n                            Leonor destac\u00f3 las tradiciones de Valdesoto, incluyendo las \u00abcomedies\u00bb y recreaciones costumbristas, y su discurso valor\u00f3 el esfuerzo comunitario y la transmisi\u00f3n cultural.\n                        <\/p>\n<p class=\"paragraph\" id=\"paragraph_1\">La <a href=\"https:\/\/www.elespanol.com\/temas\/familia_real\/?utm_cmp_rs=linksinline\" rel=\"nofollow noopener\" target=\"_blank\">princesa Leonor<\/a> ha sido la gran protagonista durante el acto de entrega del <strong>Premio al Pueblo Ejemplar de Asturias 2025<\/strong>\u00a0que este a\u00f1o ha reca\u00eddo en\u00a0<a href=\"https:\/\/www.elespanol.com\/lugares\/asturias\/?utm_cmp_rs=linksinline\" rel=\"nofollow noopener\" target=\"_blank\">Valdesoto<\/a>, al ser la \u00fanica integrante de la Familia Real en pronunciar el discurso en honor a esta localidad.\u00a0<\/p>\n<p class=\"paragraph\" id=\"paragraph_2\">De esta forma, el rey <strong>Felipe VI<\/strong> ha querido dejar todo el peso y <strong>protagonismo a su hija<\/strong>, un giro importante en la trayectoria de Leonor, ya que tradicionalmente el monarca tambi\u00e9n le\u00eda algunas l\u00edneas dirigidas al municipio asturiano galardonado, algo que ha cambiado en esta edici\u00f3n.\u00a0<\/p>\n<p class=\"paragraph\" id=\"paragraph_3\">El Premio al Pueblo Ejemplar de Asturias 2025 es otorgado por la <strong>Fundaci\u00f3n Princesa de Asturias<\/strong> y este a\u00f1o ha sido para la localidad de Valdesoto por su\u00a0uni\u00f3n vecinal, la defensa del patrimonio y el esfuerzo constante por mantener vivas las tradiciones.<\/p>\n<p><img decoding=\"async\" alt=\"La princesa Leonor dando su discurso en Valdesoto.\" data-imgm=\"true\" height=\"180\" loading=\"lazy\"  src=\"https:\/\/www.europesays.com\/es\/wp-content\/uploads\/2025\/10\/1003743985967_259578195_1024x576.jpg\"  width=\"320\"\/><\/p>\n<p>                                                            La princesa Leonor dando su discurso en Valdesoto.<\/p>\n<p>                    Europa Press<\/p>\n<p class=\"paragraph\" id=\"paragraph_4\">Para hacer la entrega del premio, se han trasladado hasta <strong>Valdesoto<\/strong> el rey Felipe VI acompa\u00f1ado de la <strong>reina Letizia<\/strong>, la princesa de Asturias y la infanta Sof\u00eda. Tras varios d\u00edas seguidos de eventos, la <strong>Familia Real<\/strong> ha acudido al acto con una vestimenta m\u00e1s reposada despu\u00e9s de 48 horas intensas de protocolo.<\/p>\n<p class=\"paragraph\" id=\"paragraph_5\">El <strong>ambiente era festivo<\/strong>, con cientos de vecinos volcados con la visita de los monarcas. Muchos de ellos han podido hablar con los reyes y tambi\u00e9n con la <strong>princesa de Asturias y la infanta Sof\u00eda, <\/strong>quienes mostraron una gran complicidad a lo largo de esta ma\u00f1ana.\u00a0<\/p>\n<p class=\"paragraph\" id=\"paragraph_6\">Despu\u00e9s de la visita de la Familia Real por el pueblo, la princesa Leonor ha dado un discurso para cerrar el acto. Durante su intervenci\u00f3n ha recordado que la primera vez que Valdesoto present\u00f3 su candidatura a este premio ella \u00abno hab\u00eda nacido\u00bb, y que cree que \u00abla espera ha merecido la pena para\u00a0ver ahora todo lo que hab\u00e9is logrado con el esfuerzo colectivo y el modo en que los vecinos os <strong>un\u00eds para poner en valor vuestras tradiciones<\/strong> y vuestra cultura\u00bb, ha detallado.\u00a0<\/p>\n<p><img decoding=\"async\" alt=\"La Familia Real durante su visita a Valdesoto.\" data-imgm=\"true\" height=\"180\" loading=\"lazy\"  src=\"https:\/\/www.europesays.com\/es\/wp-content\/uploads\/2025\/10\/1003743985918_259577706_1024x576.jpg\"  width=\"320\"\/><\/p>\n<p>                                                            La Familia Real durante su visita a Valdesoto.<\/p>\n<p class=\"paragraph\" id=\"paragraph_7\">Precisamente, la princesa de Asturias ha reivindicado <strong>todas las actividades tradicionales de Valdesoto<\/strong> y ha puesto en valor \u00ables comedies\u00bb, las obras teatrales de humor propias de esta regi\u00f3n. La <strong>Familia Real<\/strong> ha podido acudir a estas representaciones debido a que los vecinos montaron un escenario en el pueblo para llevarlas a cabo. Leonor ha destacado sobre ellas el gran \u00abingenio\u00bb de los escritores que crean los textos de estas obras.<\/p>\n<p class=\"paragraph\" id=\"paragraph_8\">La princesa Leonor ha continuado poniendo en valor a las \u00abmujeres haciendo de sidros, pegando saltos con las varas de avellano y los cencerros\u00bb y a toda una serie de <strong>recreaciones costumbristas<\/strong>\u00a0que la Familia Real ha podido ver en su paso por Valdesoto. \u00abEs muy bonito comprobar c\u00f3mo hab\u00e9is conseguido transmitir a los m\u00e1s peque\u00f1os los valores y el mejor esp\u00edritu asturiano\u00bb, ha detallado.<\/p>\n<p class=\"paragraph\" id=\"paragraph_9\">Para terminar, la primog\u00e9nita de los reyes ha remarcado el fomento del automovilismo, la m\u00fasica y la gastronom\u00eda de la poblaci\u00f3n de Valdesoto, as\u00ed como su esfuerzo por \u00abconservar el <strong>patrimonio arquitect\u00f3nico<\/strong>\u00ab.\u00a0<\/p>\n<p>Una visita relajada<\/p>\n<p class=\"paragraph\" id=\"paragraph_10\">La <strong>Familia Real<\/strong>\u00a0se ha mostrado relajada y tranquila durante su visita a este pueblo asturiano tras varios d\u00edas seguidos de actos. A ello ha favorecido la participaci\u00f3n de los monarcas en algunas actividades como la <strong>foliada de ma\u00edz o la elaboraci\u00f3n de embutido casero<\/strong>. En este \u00faltimo trabajo, la princesa de Asturias ha ayudado a los vecinos mediante la acci\u00f3n de una manivela para picar la carne.\u00a0<\/p>\n<p class=\"paragraph\" id=\"paragraph_11\">Por su parte, el rey Felipe VI se ha unido a varios vecinos de Valdesoto durante un <strong>juego tradicional de bolos<\/strong>, en el que ha acertado con la bola desde varios metros, sorprendiendo as\u00ed a varios asistentes.\u00a0<\/p>\n<p class=\"paragraph\" id=\"paragraph_12\">Adem\u00e1s de hablar con los reyes, los vecinos tambi\u00e9n han aprovechado la ocasi\u00f3n para <strong>darles obsequios<\/strong>, como los cuadernos en los que se escribieron las obras teatrales que los actores protagonizaron durante este s\u00e1bado.\u00a0<\/p>\n","protected":false},"excerpt":{"rendered":"Las claves nuevo Generado con IA La princesa Leonor pronunci\u00f3 el \u00fanico discurso en el Premio al Pueblo&hellip;\n","protected":false},"author":2,"featured_media":200455,"comment_status":"","ping_status":"","sticky":false,"template":"","format":"standard","meta":{"footnotes":""},"categories":[174],"tags":[6042,255,146,147,25,24,256,11439,2461,23],"class_list":{"0":"post-200454","1":"post","2":"type-post","3":"status-publish","4":"format-standard","5":"has-post-thumbnail","7":"category-famosos","8":"tag-casa-real","9":"tag-celebrities","10":"tag-entertainment","11":"tag-entretenimiento","12":"tag-es","13":"tag-espana","14":"tag-famosos","15":"tag-felipe-vi","16":"tag-mujer","17":"tag-spain"},"share_on_mastodon":{"url":"https:\/\/pubeurope.com\/@es\/115435804105438488","error":""},"_links":{"self":[{"href":"https:\/\/www.europesays.com\/es\/wp-json\/wp\/v2\/posts\/200454","targetHints":{"allow":["GET"]}}],"collection":[{"href":"https:\/\/www.europesays.com\/es\/wp-json\/wp\/v2\/posts"}],"about":[{"href":"https:\/\/www.europesays.com\/es\/wp-json\/wp\/v2\/types\/post"}],"author":[{"embeddable":true,"href":"https:\/\/www.europesays.com\/es\/wp-json\/wp\/v2\/users\/2"}],"replies":[{"embeddable":true,"href":"https:\/\/www.europesays.com\/es\/wp-json\/wp\/v2\/comments?post=200454"}],"version-history":[{"count":0,"href":"https:\/\/www.europesays.com\/es\/wp-json\/wp\/v2\/posts\/200454\/revisions"}],"wp:featuredmedia":[{"embeddable":true,"href":"https:\/\/www.europesays.com\/es\/wp-json\/wp\/v2\/media\/200455"}],"wp:attachment":[{"href":"https:\/\/www.europesays.com\/es\/wp-json\/wp\/v2\/media?parent=200454"}],"wp:term":[{"taxonomy":"category","embeddable":true,"href":"https:\/\/www.europesays.com\/es\/wp-json\/wp\/v2\/categories?post=200454"},{"taxonomy":"post_tag","embeddable":true,"href":"https:\/\/www.europesays.com\/es\/wp-json\/wp\/v2\/tags?post=200454"}],"curies":[{"name":"wp","href":"https:\/\/api.w.org\/{rel}","templated":true}]}}