{"id":200483,"date":"2025-10-25T17:02:11","date_gmt":"2025-10-25T17:02:11","guid":{"rendered":"https:\/\/www.europesays.com\/es\/200483\/"},"modified":"2025-10-25T17:02:11","modified_gmt":"2025-10-25T17:02:11","slug":"el-madridista-amosov-con-42-puntos-no-dio-opcion-al-valencia-basket-en-la-fonteta","status":"publish","type":"post","link":"https:\/\/www.europesays.com\/es\/200483\/","title":{"rendered":"El madridista Amosov, \u00a1con 42 puntos! no dio opci\u00f3n al Valencia Basket en la Fonteta"},"content":{"rendered":"<p class=\"ft-text\"><strong>El<\/strong><a class=\"ft-link ft-link--decoration\" href=\"https:\/\/www.superdeporte.es\/tags\/valencia-basket\/\" rel=\"nofollow noopener\" target=\"_blank\"><strong> Valencia Basket <\/strong><\/a><strong>sufri\u00f3 este s\u00e1bado 25 de octubre una contundente derrota ante el Real Madrid en la tercera jornada de la Liga U<\/strong>. <strong>Los taronja cayeron por 85-107 <\/strong>en la <a class=\"ft-link ft-link--decoration\" href=\"https:\/\/www.superdeporte.es\/valencia-basket\/2025\/10\/24\/valencia-basket-real-madrid-fonteta-liga-u-filiales-entrada-gratuita-122992048.html\" rel=\"nofollow noopener\" target=\"_blank\"><strong>tercera jornada en partido disputado en La Fonteta<\/strong><\/a><strong>.<\/strong> La Liga U creada por la <strong>Federaci\u00f3n Espa\u00f1ola de Baloncesto, la ACB y el CSD<\/strong>, es una de las grandes novedades de esta temporada y pretende ser un trampol\u00edn para que los jugadores sub&#8217;22 contin\u00faen su crecimiento y adquieran experiencias antes de dar el salto a la elite. Liderado por un estratosf\u00e9rico<strong> Egor Amosov<\/strong>, autor nada menos que de<strong> 42 puntos<\/strong>, el Real Madrid no dio opci\u00f3n al Valencia Basket.<strong> Amosov, alero ruso de tan s\u00f3lo 17 a\u00f1os,<\/strong> dio toda una exhibici\u00f3n <strong>en los 27 minutos en los que estuvo en la cancha<\/strong> y acab\u00f3 el partido con <strong>46 de valoraci\u00f3n personal.<\/strong><\/p>\n<p>Segunda derrota taronja<\/p>\n<p class=\"ft-text\"><strong>Los taronja, tras caer ante el Real Madrid acumulan dos derrotas y una victoria<\/strong> en este tramo incial de la temporada tras\u00a0<a href=\"https:\/\/www.superdeporte.es\/lalqueria-del-basket\/2025\/10\/11\/valencia-basket-estrena-derrota-fonteta-liga-u-122520769.html\" class=\"ft-link ft-link--decoration\" rel=\"nofollow noopener\" target=\"_blank\"><strong>haber perdido el primer partido contra el CB Canarias por 74-93<\/strong><\/a>\u00a0y de haber ganado el segundo a domicilio contra el Unicaja Alhaur\u00edn de la Torre (<a href=\"https:\/\/baloncestoenvivo.feb.es\/partido\/2494049\" class=\"ft-link ft-link--decoration\" rel=\"nofollow noopener\" target=\"_blank\">82-85<\/a>).<\/p>\n<p class=\"ft-text\"><strong>Noyan Tolan, con 13 puntos y 7 rebotes y 20 de valoraci\u00f3n personal <\/strong>fue el jugador m\u00e1s destacado del Valencia Basket.<a class=\"ft-link ft-link--decoration\" href=\"https:\/\/www.superdeporte.es\/valencia-basket\/2025\/08\/04\/alex-blanco-junior-oro-valencia-basket-eurobasket-sub18-120341996.html\" rel=\"nofollow noopener\" target=\"_blank\"> En la faceta anotadora tambi\u00e9n destaco el &#8216;j\u00fanior de oro&#8217; \u00c1lex Blanco,<\/a> con 14 puntos aunque su bajo porcentaje de acierto en el tiro (6\/14) le penaliz\u00f3 para finalizar el partido con s\u00f3lo 5 puntos de valoraci\u00f3n. Por su parte, el tambi\u00e9n internacional taronja <strong>Javier Viger<\/strong> anot\u00f3 15 puntos.<\/p>\n<p class=\"ft-text\"><strong>El Real Madrid no cont\u00f3 al final con la presencia de su joven figura, Almansa<\/strong> pero tuvo en<strong> Amosov<\/strong> su principal arma junto a<strong> Flolov<\/strong>, autor de 21 puntos y 29 de valoraci\u00f3n.<\/p>\n<p><img decoding=\"async\" src=\"https:\/\/www.europesays.com\/es\/wp-content\/uploads\/2025\/10\/01675cc4-dce9-4abe-8b56-f7498538ca03_alta-libre-aspect-ratio_default_0.jpg\" width=\"1200\" height=\"337\" alt=\"Estad\u00edsticas Valencia Basket\" class=\"ft-helper-img-rd\" loading=\"lazy\" hasdataaida=\"true\"\/><\/p>\n<p class=\"ft-helper-fontColor-quaternary ft-helper-fontSize-body-S ft-helper-spacer-t-xxs\">Estad\u00edsticas Valencia Basket  \/ FEB<\/p>\n<p><img decoding=\"async\" src=\"https:\/\/www.europesays.com\/es\/wp-content\/uploads\/2025\/10\/de646a2b-802e-4e6a-9a95-50a1676bcc78_alta-libre-aspect-ratio_default_0.jpg\" width=\"1200\" height=\"336\" alt=\"Estad\u00edsticas Real Madrid\" class=\"ft-helper-img-rd\" loading=\"lazy\" hasdataaida=\"true\"\/><\/p>\n<p class=\"ft-helper-fontColor-quaternary ft-helper-fontSize-body-S ft-helper-spacer-t-xxs\">Estad\u00edsticas Real Madrid  \/ FEB<\/p>\n<p>Sobre la Liga U<\/p>\n<p class=\"ft-text ft-helper-align-justify\"><strong>La competici\u00f3n cuenta con la participaci\u00f3n de 15 equipos Sub22<\/strong> (jugadores nacidos en 2004 o posterior) de los clubes acb: Bar\u00e7a Atl\u00e8tic, BAXI Manresa, Casademont Zaragoza, Fundaci\u00f3n CB Canarias, Joventut Badalona, Real Madrid, Unicaja Alhaur\u00edn de la Torre y <a class=\"ft-link ft-link--decoration\" href=\"https:\/\/www.valenciabasket.com\/\" rel=\"nofollow noopener\" target=\"_blank\">Valencia Basket (Grupo A)<\/a>, y B\u00e0squet Girona, Bilbao Basket, Burgos Grupo de Santiago, For\u00e7a Lleida, Gran Canaria, Stellantis &amp; You Granada y UCAM Murcia (Grupo B).<\/p>\n<p><img decoding=\"async\" src=\"https:\/\/www.europesays.com\/es\/wp-content\/uploads\/2025\/10\/8097498e-03cb-42dd-afb3-7e2c32febf75_alta-libre-aspect-ratio_default_0.jpg\" width=\"1200\" height=\"800\" alt=\"Derrota en La Fonteta\" class=\"ft-helper-img-rd\" loading=\"lazy\" hasdataaida=\"true\"\/><\/p>\n<p class=\"ft-helper-fontColor-quaternary ft-helper-fontSize-body-S ft-helper-spacer-t-xxs\">Amosov (n\u00famero 17), fue la estrella  \/ Germ\u00e1n Caballero<\/p>\n<p class=\"ft-text ft-helper-align-justify\"><strong>En el A est\u00e1n los ocho equipos que han obtenido los mejores resultados en el Campeonato de Espa\u00f1a j<\/strong>unior en el acumulado de los \u00faltimos cinco a\u00f1os, y el B con los otros siete conjuntos. En una primera fase, entre el 10 de octubre y el 4 de enero, los equipos de cada grupo jugar\u00e1n entre s\u00ed (14 jornadas).<\/p>\n<p class=\"ft-text ft-helper-align-justify\"><strong>Al t\u00e9rmino de esta ronda inicial,<\/strong> el primer clasificado del Grupo B subir\u00e1 al A, de donde bajar\u00e1 el 8\u00ba, y se disputar\u00e1 una repesca a un solo partido entre el 2\u00b0 y 3\u00b0 del B contra el 7\u00b0 y el 6\u00ba del A, respectivamente. Los ganadores de los partidos de repesca completar\u00e1n el Grupo A en una segunda fase entre el 16 de enero y el 19 de abril, en la que los equipos de cada grupo jugar\u00e1n otras 14 jornadas.<\/p>\n<p class=\"ft-text ft-helper-align-justify\">Los cuatro primeros del Grupo A avanzar\u00e1n a la Final a 6, y las \u00faltimas dos plazas saldr\u00e1n de un Play-In decisivo a un solo partido con 5\u00ba y 6\u00ba del Grupo A contra 2\u00ba y 1\u00ba del Grupo B, respectivamente.<\/p>\n<p class=\"ft-text ft-helper-align-justify\"><strong>La Final a 6 se disputar\u00e1 entre el 15 y 17 de mayo<\/strong> en una sede a determinar, con tres eliminatorias para decidir el primer campe\u00f3n. El primero y el segundo del Grupo A esperar\u00e1n en semifinales a los ganadores de los cuartos de final, con partidos el viernes 15 entre el 3\u00ba y el 4\u00ba y los dos ganadores del Play-In. Tras los duelos de semifinales del s\u00e1bado, la gran final del domingo 17 decidir\u00e1 qui\u00e9n levanta el primer trofeo.<\/p>\n<p class=\"ft-text ft-helper-align-justify\"><a class=\"ft-link ft-link--decoration\" href=\"https:\/\/www.superdeporte.es\/baloncesto\/2025\/07\/31\/liga-u-conoce-sus-fechas-de-competicion-120230126.html\" rel=\"nofollow noopener\" target=\"_blank\"><strong>En total, los 15 equipos participantes disputar\u00e1n un m\u00ednimo de 24 partidos y un m\u00e1ximo de 33<\/strong><\/a><strong> e<\/strong>n ocho meses de competici\u00f3n, siempre cuidando la compatibilidad con la formaci\u00f3n acad\u00e9mica.<\/p>\n","protected":false},"excerpt":{"rendered":"El Valencia Basket sufri\u00f3 este s\u00e1bado 25 de octubre una contundente derrota ante el Real Madrid en la&hellip;\n","protected":false},"author":2,"featured_media":200484,"comment_status":"","ping_status":"","sticky":false,"template":"","format":"standard","meta":{"footnotes":""},"categories":[269],"tags":[19599,55140,299,298,168,25,24,28466,23832,28467,43600,6417,3048,23,167,2916],"class_list":{"0":"post-200483","1":"post","2":"type-post","3":"status-publish","4":"format-standard","5":"has-post-thumbnail","7":"category-baloncesto","8":"tag-19599","9":"tag-amosov","10":"tag-baloncesto","11":"tag-basketball","12":"tag-deportes","13":"tag-es","14":"tag-espana","15":"tag-fonteta","16":"tag-l","17":"tag-la-fonteta","18":"tag-liga-u","19":"tag-puntos","20":"tag-real-madrid","21":"tag-spain","22":"tag-sports","23":"tag-valencia-basket"},"share_on_mastodon":{"url":"https:\/\/pubeurope.com\/@es\/115435887118221406","error":""},"_links":{"self":[{"href":"https:\/\/www.europesays.com\/es\/wp-json\/wp\/v2\/posts\/200483","targetHints":{"allow":["GET"]}}],"collection":[{"href":"https:\/\/www.europesays.com\/es\/wp-json\/wp\/v2\/posts"}],"about":[{"href":"https:\/\/www.europesays.com\/es\/wp-json\/wp\/v2\/types\/post"}],"author":[{"embeddable":true,"href":"https:\/\/www.europesays.com\/es\/wp-json\/wp\/v2\/users\/2"}],"replies":[{"embeddable":true,"href":"https:\/\/www.europesays.com\/es\/wp-json\/wp\/v2\/comments?post=200483"}],"version-history":[{"count":0,"href":"https:\/\/www.europesays.com\/es\/wp-json\/wp\/v2\/posts\/200483\/revisions"}],"wp:featuredmedia":[{"embeddable":true,"href":"https:\/\/www.europesays.com\/es\/wp-json\/wp\/v2\/media\/200484"}],"wp:attachment":[{"href":"https:\/\/www.europesays.com\/es\/wp-json\/wp\/v2\/media?parent=200483"}],"wp:term":[{"taxonomy":"category","embeddable":true,"href":"https:\/\/www.europesays.com\/es\/wp-json\/wp\/v2\/categories?post=200483"},{"taxonomy":"post_tag","embeddable":true,"href":"https:\/\/www.europesays.com\/es\/wp-json\/wp\/v2\/tags?post=200483"}],"curies":[{"name":"wp","href":"https:\/\/api.w.org\/{rel}","templated":true}]}}