{"id":200493,"date":"2025-10-25T17:08:18","date_gmt":"2025-10-25T17:08:18","guid":{"rendered":"https:\/\/www.europesays.com\/es\/200493\/"},"modified":"2025-10-25T17:08:18","modified_gmt":"2025-10-25T17:08:18","slug":"foo-fighters-presento-asking-for-a-friend-y-se-prepara-para-una-gira","status":"publish","type":"post","link":"https:\/\/www.europesays.com\/es\/200493\/","title":{"rendered":"Foo Fighters present\u00f3 \u201cAsking for a Friend\u201d y se prepara para una gira"},"content":{"rendered":"<p class=\"left paragraph font__body-regular\"><a href=\"https:\/\/tn.com.ar\/musica\/noticias\/2025\/05\/15\/foo-fighters-vuelve-a-los-escenarios-asi-anunciaron-su-show-en-el-gran-premio-de-formula-1-de-singapur\/\" target=\"_self\" rel=\"nofollow noopener\" title=\"https:\/\/tn.com.ar\/musica\/noticias\/2025\/05\/15\/foo-fighters-vuelve-a-los-escenarios-asi-anunciaron-su-show-en-el-gran-premio-de-formula-1-de-singapur\/\">Foo Fighters <\/a>present\u00f3 su nuevo tema <b>\u201cAsking for a Friend\u201d<\/b> y anunci\u00f3 una importante gira por estadios para el a\u00f1o que viene. Dave Grohl escribi\u00f3 extensamente sobre la inspiraci\u00f3n para la nueva m\u00fasica: \u201cDesde nuestro regreso al escenario en San Luis Obispo hace cinco semanas, <b>se nos ha recordado por qu\u00e9 amamos y estamos dedicados<\/b> para siempre a hacer Foo Fighter\u201d.<\/p>\n<p class=\"left paragraph font__body-regular\"><b>Le\u00e9 tambi\u00e9n<\/b>: <a href=\"https:\/\/tn.com.ar\/musica\/noticias\/2025\/05\/15\/foo-fighters-vuelve-a-los-escenarios-asi-anunciaron-su-show-en-el-gran-premio-de-formula-1-de-singapur\/\" target=\"_self\" rel=\"nofollow noopener\" title=\"https:\/\/tn.com.ar\/musica\/noticias\/2025\/05\/15\/foo-fighters-vuelve-a-los-escenarios-asi-anunciaron-su-show-en-el-gran-premio-de-formula-1-de-singapur\/\">Foo Fighters vuelve a los escenarios: as\u00ed anunciaron su show en el Gran Premio de F\u00f3rmula 1 de Singapur<\/a><\/p>\n<p class=\"left paragraph font__body-regular\">\u201cDesde reunirnos como banda y mirar una lista de 30 a\u00f1os de canciones para ignorar, hasta reimaginar versiones con la incre\u00edble bendici\u00f3n del \u00fanico e inigualable Ilan Rubin detr\u00e1s de la bater\u00eda, <b>volver a conectarnos con nuestros incre\u00edbles fan\u00e1ticos <\/b>y bombardearlos con todo lo que tenemos (sin importar el tama\u00f1o del lugar) porque no estar\u00edamos aqu\u00ed sin ellos, tenemos el n\u00facleo m\u00e1s s\u00f3lido. Y el sol finalmente se eleva por el horizonte \u00bfQu\u00e9 mejor manera de compartir la vista que con amigos cercanos?\u201d, sum\u00f3 el cantante y guitarrista.<\/p>\n<p class=\"left paragraph font__body-regular\">Foo Fighters confirma su primera gira por estadios desde el tour masiva de 2023-2024 <b>Everything or Nothing at All <\/b>que agot\u00f3 las entradas en los campos de f\u00fatbol y b\u00e9isbol de todo el mundo. <\/p>\n<p class=\"paragraph font__body-regular\">Arrancar\u00e1 el 4 de agosto en el Rogers Stadium de Toronto, donde la banda llevar\u00e1 toda su energ\u00eda luego de los recientes conciertos sorpresa en clubes de los Estados Unidos. Un total de 12 ciudades de Am\u00e9rica del Norte, concluyendo (por ahora) el 26 de septiembre en el Allegiant Stadium de Las Vegas. Queens of the Stone Age ser\u00e1 telonero directo en todas las fechas excepto el 12 de septiembre en Fargo.<\/p>\n<p>FOO FIGHTERS 2026 Tour de Estadios:<\/p>\n<p class=\"paragraph font__body-regular\">Agosto 4 \u2014 Toronto ON \u2014 Rogers Stadium<\/p>\n<p class=\"paragraph font__body-regular\">Agosto 6 \u2014 Detroit MI \u2014 Ford Field<\/p>\n<p class=\"paragraph font__body-regular\">Agosto 8 \u2014 Chicago IL \u2014 Soldier Field<\/p>\n<p class=\"paragraph font__body-regular\">Agosto 10 \u2014 Cleveland OH \u2014 Huntington Bank Field<\/p>\n<p class=\"paragraph font__body-regular\">Agosto 13 \u2014 Philadelphia PA \u2014 Lincoln Financial Field<\/p>\n<p class=\"paragraph font__body-regular\">Agosto 15 \u2014 Nashville TN \u2014 Nissan Stadium<\/p>\n<p class=\"paragraph font__body-regular\">Agosto 17 \u2014 Washington DC \u2014 Nationals Park<\/p>\n<p class=\"paragraph font__body-regular\">Septiembre 12 \u2014 Fargo ND \u2014 Fargodome<\/p>\n<p class=\"paragraph font__body-regular\">Septiembre 15 \u2014 Regina SK \u2014 Mosaic Stadium at Taylor Field<\/p>\n<p class=\"paragraph font__body-regular\">Septiembre 17 \u2014 Edmonton AB \u2014 Commonwealth Stadium<\/p>\n<p class=\"paragraph font__body-regular\">Septiembre 20 \u2014 Vancouver BC \u2014 BC Place<\/p>\n<p class=\"paragraph font__body-regular\">Septiembre r 26 \u2014 Las Vegas NV \u2014 Allegiant Stadium<\/p>\n","protected":false},"excerpt":{"rendered":"Foo Fighters present\u00f3 su nuevo tema \u201cAsking for a Friend\u201d y anunci\u00f3 una importante gira por estadios para&hellip;\n","protected":false},"author":2,"featured_media":200494,"comment_status":"","ping_status":"","sticky":false,"template":"","format":"standard","meta":{"footnotes":""},"categories":[170],"tags":[146,147,25,24,10133,184,185,23],"class_list":{"0":"post-200493","1":"post","2":"type-post","3":"status-publish","4":"format-standard","5":"has-post-thumbnail","7":"category-musica","8":"tag-entertainment","9":"tag-entretenimiento","10":"tag-es","11":"tag-espana","12":"tag-foo-fighters","13":"tag-music","14":"tag-musica","15":"tag-spain"},"share_on_mastodon":{"url":"https:\/\/pubeurope.com\/@es\/115435910317837375","error":""},"_links":{"self":[{"href":"https:\/\/www.europesays.com\/es\/wp-json\/wp\/v2\/posts\/200493","targetHints":{"allow":["GET"]}}],"collection":[{"href":"https:\/\/www.europesays.com\/es\/wp-json\/wp\/v2\/posts"}],"about":[{"href":"https:\/\/www.europesays.com\/es\/wp-json\/wp\/v2\/types\/post"}],"author":[{"embeddable":true,"href":"https:\/\/www.europesays.com\/es\/wp-json\/wp\/v2\/users\/2"}],"replies":[{"embeddable":true,"href":"https:\/\/www.europesays.com\/es\/wp-json\/wp\/v2\/comments?post=200493"}],"version-history":[{"count":0,"href":"https:\/\/www.europesays.com\/es\/wp-json\/wp\/v2\/posts\/200493\/revisions"}],"wp:featuredmedia":[{"embeddable":true,"href":"https:\/\/www.europesays.com\/es\/wp-json\/wp\/v2\/media\/200494"}],"wp:attachment":[{"href":"https:\/\/www.europesays.com\/es\/wp-json\/wp\/v2\/media?parent=200493"}],"wp:term":[{"taxonomy":"category","embeddable":true,"href":"https:\/\/www.europesays.com\/es\/wp-json\/wp\/v2\/categories?post=200493"},{"taxonomy":"post_tag","embeddable":true,"href":"https:\/\/www.europesays.com\/es\/wp-json\/wp\/v2\/tags?post=200493"}],"curies":[{"name":"wp","href":"https:\/\/api.w.org\/{rel}","templated":true}]}}