{"id":200505,"date":"2025-10-25T17:15:09","date_gmt":"2025-10-25T17:15:09","guid":{"rendered":"https:\/\/www.europesays.com\/es\/200505\/"},"modified":"2025-10-25T17:15:09","modified_gmt":"2025-10-25T17:15:09","slug":"el-louvre-decide-trasladar-las-joyas-restantes-al-banco-de-francia-tras-el-robo","status":"publish","type":"post","link":"https:\/\/www.europesays.com\/es\/200505\/","title":{"rendered":"El Louvre decide trasladar las joyas restantes al Banco de Francia tras el robo"},"content":{"rendered":"<p>\n         Publicado<br \/>\n            25\/10\/2025 &#8211; 18:24 CEST\n            <\/p>\n<p>Tras el robo que <a href=\"https:\/\/es.euronews.com\/video\/2025\/10\/20\/el-louvre-sigue-cerrado-tras-un-audaz-robo-a-plena-luz-del-dia-que-conmociona-paris\" rel=\"nofollow noopener\" target=\"_blank\">caus\u00f3 gran consternaci\u00f3n en Francia<\/a>, parte de las colecciones de joyas del museo del Louvre fueron trasladadas bajo escolta, en la ma\u00f1ana del viernes 24 de octubre, a las <strong>c\u00e1maras acorazadas del Banco de Francia<\/strong> por motivos de seguridad. As\u00ed lo inform\u00f3 la emisora de radio &#8216;RTL&#8217;.<\/p>\n<p>Seg\u00fan se ha podido saber, <strong>el traslado se llev\u00f3 a cabo el viernes por la ma\u00f1ana<\/strong> de forma discreta y con medidas de seguridad muy estrictas. Las joyas, escoltadas por veh\u00edculos motorizados de la Prefectura de Polic\u00eda de Par\u00eds, recorrieron los 300 metros que separan las vitrinas del museo m\u00e1s grande del mundo de las c\u00e1maras acorazadas del Banco de Francia.<\/p>\n<p>\u00bfD\u00f3nde llevaron las joyas?<\/p>\n<p>&#8216;RTL&#8217; informa de que el Gobierno y la direcci\u00f3n del museo han optado por el riesgo cero a la espera de una evaluaci\u00f3n de las posibles fallas en el sistema de seguridad, <a href=\"https:\/\/es.euronews.com\/cultura\/2025\/10\/19\/roban-9-joyas-historicas-de-napoleon-en-un-audaz-atraco-al-louvre\" rel=\"nofollow noopener\" target=\"_blank\">tras el robo en la Galer\u00eda de Apolo<\/a>.<\/p>\n<p>Se desconocen los detalles de las colecciones que se trasladaron, pero seg\u00fan las fuentes se trasladaron tanto las \u00abjoyas de la corona\u00bb, que tambi\u00e9n se exhib\u00edan en la Galer\u00eda de Apolo, como otras joyas que se pod\u00edan ver en otras partes del museo.<\/p>\n<p>Desde el Louvre y el Banco de Francia <strong>no se habr\u00eda recibido confirmaci\u00f3n alguna sobre la operaci\u00f3n.<\/strong><\/p>\n<p>&#8216;RTL&#8217; informa adem\u00e1s de que todas las joyas se almacenaron en la c\u00e1mara acorazada principal del banco nacional, una gigantesca <strong>c\u00e1mara acorazada situada a 26 metros de profundidad<\/strong>, donde se conserva el 90 % de las reservas de oro francesas.<\/p>\n<p>Seg\u00fan fuentes cercanas al expediente, <strong>este traslado es excepcional<\/strong>. Las c\u00e1maras acorazadas del Banco de Francia ya albergan desde hace algunos a\u00f1os los valiosos cuadernos de Leonardo da Vinci, cuyo valor estimado supera los 600 millones de euros.<\/p>\n<p>Mientras tanto, <strong>contin\u00faan las investigaciones sobre el robo del pasado 19 de octubre<\/strong>. Por el momento, los cuatro responsables a\u00fan no han sido identificados, pero se han recogido m\u00e1s de 150 pruebas (huellas, ADN) que est\u00e1n siendo analizadas, seg\u00fan el fiscal de Par\u00eds.<\/p>\n","protected":false},"excerpt":{"rendered":"Publicado 25\/10\/2025 &#8211; 18:24 CEST Tras el robo que caus\u00f3 gran consternaci\u00f3n en Francia, parte de las colecciones&hellip;\n","protected":false},"author":2,"featured_media":200506,"comment_status":"","ping_status":"","sticky":false,"template":"","format":"standard","meta":{"footnotes":""},"categories":[42],"tags":[17,18,13,14,317,11,61,62,63,64,19,20,470,52573,9,10,15,16,12,21,22,65,66,67],"class_list":{"0":"post-200505","1":"post","2":"type-post","3":"status-publish","4":"format-standard","5":"has-post-thumbnail","7":"category-internacional","8":"tag-breaking-news","9":"tag-breakingnews","10":"tag-featured-news","11":"tag-featurednews","12":"tag-francia","13":"tag-headlines","14":"tag-internacional","15":"tag-international","16":"tag-international-news","17":"tag-internationalnews","18":"tag-latest-news","19":"tag-latestnews","20":"tag-museo","21":"tag-museo-louvre","22":"tag-news","23":"tag-noticias","24":"tag-noticias-destacadas","25":"tag-noticiasdestacadas","26":"tag-titulares","27":"tag-ultimas-noticias","28":"tag-ultimasnoticias","29":"tag-world","30":"tag-world-news","31":"tag-worldnews"},"share_on_mastodon":{"url":"https:\/\/pubeurope.com\/@es\/115435937750862099","error":""},"_links":{"self":[{"href":"https:\/\/www.europesays.com\/es\/wp-json\/wp\/v2\/posts\/200505","targetHints":{"allow":["GET"]}}],"collection":[{"href":"https:\/\/www.europesays.com\/es\/wp-json\/wp\/v2\/posts"}],"about":[{"href":"https:\/\/www.europesays.com\/es\/wp-json\/wp\/v2\/types\/post"}],"author":[{"embeddable":true,"href":"https:\/\/www.europesays.com\/es\/wp-json\/wp\/v2\/users\/2"}],"replies":[{"embeddable":true,"href":"https:\/\/www.europesays.com\/es\/wp-json\/wp\/v2\/comments?post=200505"}],"version-history":[{"count":0,"href":"https:\/\/www.europesays.com\/es\/wp-json\/wp\/v2\/posts\/200505\/revisions"}],"wp:featuredmedia":[{"embeddable":true,"href":"https:\/\/www.europesays.com\/es\/wp-json\/wp\/v2\/media\/200506"}],"wp:attachment":[{"href":"https:\/\/www.europesays.com\/es\/wp-json\/wp\/v2\/media?parent=200505"}],"wp:term":[{"taxonomy":"category","embeddable":true,"href":"https:\/\/www.europesays.com\/es\/wp-json\/wp\/v2\/categories?post=200505"},{"taxonomy":"post_tag","embeddable":true,"href":"https:\/\/www.europesays.com\/es\/wp-json\/wp\/v2\/tags?post=200505"}],"curies":[{"name":"wp","href":"https:\/\/api.w.org\/{rel}","templated":true}]}}