{"id":200603,"date":"2025-10-25T18:32:20","date_gmt":"2025-10-25T18:32:20","guid":{"rendered":"https:\/\/www.europesays.com\/es\/200603\/"},"modified":"2025-10-25T18:32:20","modified_gmt":"2025-10-25T18:32:20","slug":"rafa-nadal-y-kia-21-anos-de-union-y-una-nueva-etapa-mas-alla-del-tenis-marca","status":"publish","type":"post","link":"https:\/\/www.europesays.com\/es\/200603\/","title":{"rendered":"Rafa Nadal y Kia: 21 a\u00f1os de uni\u00f3n y una nueva etapa m\u00e1s all\u00e1 del tenis &#8211; MARCA"},"content":{"rendered":"<ol>\n<li><a href=\"https:\/\/news.google.com\/rss\/articles\/CBMijAFBVV95cUxQandOWS1qOUpLc19qSGZSQ1JqeFhWS0w0T1RpT3JMd2FEV0l6UC1jczNEam9uMzVQRno4ak4ya2RjRTRkLVd0UlNHR18zekp6eE1OUElORmdybWpESHV0RnYxMVhKVE9nZTBwdEV2M0FVUkpDUWEwb2xtZTNpU2pnb1RNRUxKWnh2MWhpTNIBjAFBVV95cUxQRUh2MVZnLUlaQnBpTS1YS2lhRER0Q2RPUzZZbEdGLVVYUENONEpXR2dlZDRpMENZanZjZjBsX2VITllxVk16VlpjRk4wX3FVQmt4ZUxPS1hTdktKVVNYMzIxNzc3UUdCNEw5bGt4V29DYWZRN1BSUGRQOWhFQ0E5M2s3M2RQLXQyS3hIcg?oc=5\" target=\"_blank\" rel=\"nofollow noopener\">Rafa Nadal y Kia: 21 a\u00f1os de uni\u00f3n y una nueva etapa m\u00e1s all\u00e1 del tenis<\/a>&nbsp;&nbsp;MARCA<\/li>\n<li><a href=\"https:\/\/news.google.com\/rss\/articles\/CBMiowFBVV95cUxOdDlaTDhfd1pObUstLWFXUk5VN1duN3RZZnJ0enhHTVVvRDRKb2RhTXhKWmFvSmF6YkhEYm1UcWVJdFFoa01IcGdRQzZZaFRxR3dFMW9xVVlidHFWV3JSakJxWmZYN1FHQ29TMXR3U3RNRGl0QmFPX1lFNjVibkhTaV9iWkdDSzFtSlBCSXA5b1AwNUktajJ5V1E3aU9Oc2V5RTlr?oc=5\" target=\"_blank\" rel=\"nofollow noopener\">Rafa Nadal y Kia renuevan tras 21 a\u00f1os de historia compartida<\/a>&nbsp;&nbsp;ABC<\/li>\n<li><a href=\"https:\/\/news.google.com\/rss\/articles\/CBMizwFBVV95cUxNR29UYzJaa0MtTnpYLTBmMDk0NDVhNnByN3ExVFdpbHBEY2dyM0J3NGdoS3BIYlN5bU4wYW93WFhuWmtGRHFtWTNJYzFZZUc0S0VoZWFWT3lEU2VhMTRmYWZvTEVZcDFEWDh6NzFONVRJMnF5YS1ZZjZJNmVxclNLYUs0dXVIWVdoOUI4dVoyelVIZUlPUTFyMks5Q01JcUdmUkxZak12ZlB4alZXd3VGSkZRbEY2OGktcElyNnUwN1NEaGNhVkJZQ0NWbVFaTDQ?oc=5\" target=\"_blank\" rel=\"nofollow noopener\">El matrimonio perfecto entre Kia y Rafa Nadal: m\u00e1s de dos d\u00e9cadas juntos y lo que les queda<\/a>&nbsp;&nbsp;20Minutos<\/li>\n<li><a href=\"https:\/\/news.google.com\/rss\/articles\/CBMivwJBVV95cUxNenE4eXhUcFpYWTltcVNTR2VYbndGbld2OXd5X254aVpUYXRsNjlINDJxRFBCWV9mVUNNaFdfTFR3elJaMWNuZ0RZVzNVRmlpWERTY1d6SGo0X2I5eUU1U0xJZjdVWVhZNzFaZ2JUeHY1eVZCbXUzN0VxQ3pyM0k5MnFOaWs2TEZJXzdpVXZBMndndEVqSGQ5Wk85X0JZdW9aaERpWlVndHlabnZnNDFMVXRsMGhQSkwyTFE5SFE4TmdObEFMREhWYUFmdXJsN3RzQVVNSWlnTVMtVjJROXM5bVlTcjhROXFUeS0tT0VKdnZnNzZyUnRlYWFVNl90enhHVHBmcWg3YU42MEo2RWVhbXZ2MHhUTlB0Y19YanJXR0dpTEpBa0doelR6cVlVQ1k0M0VTY0p1SnlkSlIxZzBB0gGqAkFVX3lxTE9iRjNncVdDcW5SbHFCZ0RyckRGbVlkS2JpRmxpNFQzLTE0Xy05ak1YYWVzcldidmRhUFhFZGdNcENZMGVnaG9hRmF6bzVZaVdGTEt0cFpJNXBIRkkySS1nTDBxbURwdnFiMEttZFFPSDgzSDk2eVJIYjhPLU10MjZaWkVDNmxlSHQxYUV0b2ZfYlNtRkxkaWgzWnRZTEhJdVhpWW1IcUlmUFVUdC1RR3ZLZXhPbW14SkdxLWtZbU1yTnNaQTJ3N0E2dzdqX01GamxMMU5obmV3X1Bad1dpS0o3b3owRTNfdkhtOEx5THJFQ0pzN3oxU3dCT2V5OTg2V1hEei1GVnFVbWZKa2hZUTVibEZveW9DY25XME4wcUpoTTBrdF9GWFF4MWc?oc=5\" target=\"_blank\" rel=\"nofollow noopener\">Rafa Nadal habla sobre su colaboraci\u00f3n con Kia: \u00abEl futuro nos espera a ambos y trabajaremos para la pr\u00f3xima generaci\u00f3n, tanto dentro como fuera de las pistas\u00bb<\/a>&nbsp;&nbsp;El Economista<\/li>\n<li><a href=\"https:\/\/news.google.com\/rss\/articles\/CBMixgFBVV95cUxNczYtdWZ0WC1Yc2JxYlhHUzdZSGJ0QXZfMUE0WWgyVUZvSUw4TzBBMmVkMk1mbjU4LXFWOHVFUzllc0oyNHlSZWxwVlRuV1lhd2lteENHUUowa19EazFGSGV2MHcxRmRMNkxIeU1LMndQMEZ6NGU2TEhkcU1lWkpPNW1wWmhONUIycW5FdDNFRGJXMERyMmNOSTRTRUh3Y08td1lZSjdMR2NoeURWOEtYUGhzaUNKRG40TTl3U0hNLTEwa1pxcGc?oc=5\" target=\"_blank\" rel=\"nofollow noopener\">Rafael Nadal y Kia renuevan su alianza: 21 a\u00f1os de inspiraci\u00f3n dentro y fuera de las pistas<\/a>&nbsp;&nbsp;Motor EL PA\u00cdS<\/li>\n<\/ol>\n","protected":false},"excerpt":{"rendered":"Rafa Nadal y Kia: 21 a\u00f1os de uni\u00f3n y una nueva etapa m\u00e1s all\u00e1 del tenis&nbsp;&nbsp;MARCA Rafa Nadal&hellip;\n","protected":false},"author":2,"featured_media":200604,"comment_status":"","ping_status":"","sticky":false,"template":"","format":"standard","meta":{"footnotes":""},"categories":[274],"tags":[1558,41501,168,25,24,55160,6894,23,167,327,326],"class_list":{"0":"post-200603","1":"post","2":"type-post","3":"status-publish","4":"format-standard","5":"has-post-thumbnail","7":"category-tenis","8":"tag-coches","9":"tag-coches-y-motos","10":"tag-deportes","11":"tag-es","12":"tag-espana","13":"tag-kia","14":"tag-rafa-nadal","15":"tag-spain","16":"tag-sports","17":"tag-tenis","18":"tag-tennis"},"share_on_mastodon":{"url":"https:\/\/pubeurope.com\/@es\/115436240462347727","error":""},"_links":{"self":[{"href":"https:\/\/www.europesays.com\/es\/wp-json\/wp\/v2\/posts\/200603","targetHints":{"allow":["GET"]}}],"collection":[{"href":"https:\/\/www.europesays.com\/es\/wp-json\/wp\/v2\/posts"}],"about":[{"href":"https:\/\/www.europesays.com\/es\/wp-json\/wp\/v2\/types\/post"}],"author":[{"embeddable":true,"href":"https:\/\/www.europesays.com\/es\/wp-json\/wp\/v2\/users\/2"}],"replies":[{"embeddable":true,"href":"https:\/\/www.europesays.com\/es\/wp-json\/wp\/v2\/comments?post=200603"}],"version-history":[{"count":0,"href":"https:\/\/www.europesays.com\/es\/wp-json\/wp\/v2\/posts\/200603\/revisions"}],"wp:featuredmedia":[{"embeddable":true,"href":"https:\/\/www.europesays.com\/es\/wp-json\/wp\/v2\/media\/200604"}],"wp:attachment":[{"href":"https:\/\/www.europesays.com\/es\/wp-json\/wp\/v2\/media?parent=200603"}],"wp:term":[{"taxonomy":"category","embeddable":true,"href":"https:\/\/www.europesays.com\/es\/wp-json\/wp\/v2\/categories?post=200603"},{"taxonomy":"post_tag","embeddable":true,"href":"https:\/\/www.europesays.com\/es\/wp-json\/wp\/v2\/tags?post=200603"}],"curies":[{"name":"wp","href":"https:\/\/api.w.org\/{rel}","templated":true}]}}