{"id":200617,"date":"2025-10-25T18:42:23","date_gmt":"2025-10-25T18:42:23","guid":{"rendered":"https:\/\/www.europesays.com\/es\/200617\/"},"modified":"2025-10-25T18:42:23","modified_gmt":"2025-10-25T18:42:23","slug":"el-sotano-despues-de-quemarlo-todo","status":"publish","type":"post","link":"https:\/\/www.europesays.com\/es\/200617\/","title":{"rendered":"El s\u00f3tano &#8211; Despu\u00e9s de quemarlo todo"},"content":{"rendered":"<p>Observador, pensador y creador. Jos\u00e9 Lanot lleva muchos a\u00f1os movi\u00e9ndose en las sombras de las noches madrile\u00f1as. Estaba all\u00ed con los Sex Museum en sus primeros d\u00edas. Antes hab\u00eda pasado por el proyecto experimental Teatro Negro de Praga. A finales de los a\u00f1os 80 le dio al power pop con Los Potros y despu\u00e9s al punk rock con The Wonderboys. Muchos le conocer\u00e1n como t\u00e9cnico de sonido en la sala El Sol o por los textos que ha ido desperdigando en sus redes sociales a lo largo de la \u00faltima d\u00e9cada. Los recoge en el libro-disco \u201cDespu\u00e9s de quemarlo todo; escritos y canciones de Jos\u00e9 Lanot\u201d (Silex Ediciones) junto a un \u00e1lbum a su nombre de mayest\u00e1tico sonido pop.<\/p>\n<p>Playlist;<\/p>\n<p>JOS\u00c9 LANOT \u201cThe maze\u201d<\/p>\n<p>JOS\u00c9 LANOT \u201cDespu\u00e9s de quemarlo todo\u201d<\/p>\n<p>JOS\u00c9 LANOT \u201cLa puerta\u201d<\/p>\n<p>LOS IMPOSIBLES \u201cPhobophobia #3\u201d<\/p>\n<p>THE WINNERYS \u201cBig times\u201d<\/p>\n<p>LOS RETROVISORES \u201cMiradas\u201d<\/p>\n<p>LOS MEJILLONES TIGRE \u201cTiene que ser\u201d<\/p>\n<p>J\u2019AIME \u201c(Strictly not) thinking of you\u201d<\/p>\n<p>THE DIESEL DOGS \u201cThe land of rain and blood\u201d<\/p>\n<p>GUILLE WHEEL and THE WAVES \u201cSummer breeze\u201d<\/p>\n<p>THE RIPPLES \u201cBe careful\u201d<\/p>\n<p>MONTEFURADO \u201cFool\u2019s moon\u201d<\/p>\n<p>MAR\u00cdA GUADA\u00d1A feat P\u00c1JARO \u201cConsentido\u201d<\/p>\n<p>P\u00c1JARO \u201cColegios abandonados\u201d<\/p>\n<p>ILEGALES \u201cLuminoso viento nocturno\u201d<\/p>\n","protected":false},"excerpt":{"rendered":"Observador, pensador y creador. Jos\u00e9 Lanot lleva muchos a\u00f1os movi\u00e9ndose en las sombras de las noches madrile\u00f1as. Estaba&hellip;\n","protected":false},"author":2,"featured_media":200618,"comment_status":"","ping_status":"","sticky":false,"template":"","format":"standard","meta":{"footnotes":""},"categories":[170],"tags":[55161,10860,146,147,25,24,184,185,133,1448,1986,1987,23],"class_list":{"0":"post-200617","1":"post","2":"type-post","3":"status-publish","4":"format-standard","5":"has-post-thumbnail","7":"category-musica","8":"tag-despues-de-quemarlo-todo","9":"tag-el-sotano","10":"tag-entertainment","11":"tag-entretenimiento","12":"tag-es","13":"tag-espana","14":"tag-music","15":"tag-musica","16":"tag-online","17":"tag-radio","18":"tag-rne","19":"tag-rtve-play","20":"tag-spain"},"share_on_mastodon":{"url":"https:\/\/pubeurope.com\/@es\/115436279958327249","error":""},"_links":{"self":[{"href":"https:\/\/www.europesays.com\/es\/wp-json\/wp\/v2\/posts\/200617","targetHints":{"allow":["GET"]}}],"collection":[{"href":"https:\/\/www.europesays.com\/es\/wp-json\/wp\/v2\/posts"}],"about":[{"href":"https:\/\/www.europesays.com\/es\/wp-json\/wp\/v2\/types\/post"}],"author":[{"embeddable":true,"href":"https:\/\/www.europesays.com\/es\/wp-json\/wp\/v2\/users\/2"}],"replies":[{"embeddable":true,"href":"https:\/\/www.europesays.com\/es\/wp-json\/wp\/v2\/comments?post=200617"}],"version-history":[{"count":0,"href":"https:\/\/www.europesays.com\/es\/wp-json\/wp\/v2\/posts\/200617\/revisions"}],"wp:featuredmedia":[{"embeddable":true,"href":"https:\/\/www.europesays.com\/es\/wp-json\/wp\/v2\/media\/200618"}],"wp:attachment":[{"href":"https:\/\/www.europesays.com\/es\/wp-json\/wp\/v2\/media?parent=200617"}],"wp:term":[{"taxonomy":"category","embeddable":true,"href":"https:\/\/www.europesays.com\/es\/wp-json\/wp\/v2\/categories?post=200617"},{"taxonomy":"post_tag","embeddable":true,"href":"https:\/\/www.europesays.com\/es\/wp-json\/wp\/v2\/tags?post=200617"}],"curies":[{"name":"wp","href":"https:\/\/api.w.org\/{rel}","templated":true}]}}