{"id":200623,"date":"2025-10-25T18:45:09","date_gmt":"2025-10-25T18:45:09","guid":{"rendered":"https:\/\/www.europesays.com\/es\/200623\/"},"modified":"2025-10-25T18:45:09","modified_gmt":"2025-10-25T18:45:09","slug":"la-vacuna-covid-no-cura-el-cancer-pero-mejora-estos-dos-tumores","status":"publish","type":"post","link":"https:\/\/www.europesays.com\/es\/200623\/","title":{"rendered":"La vacuna covid no cura el c\u00e1ncer, pero mejora estos dos tumores"},"content":{"rendered":"<p>No existe una vacuna universal para el c\u00e1ncer. Ni siquiera son vacunas profil\u00e1cticas aquellas que se est\u00e1n probando para combatir ciertos tumores. Pero acaban de descubrir que las personas que luchan contra al menos dos tipos de c\u00e1ncer y se ponen la <strong>vacuna contra la covid<\/strong> tienen <strong>m\u00e1s probabilidades de sobrevivir.<\/strong><\/p>\n<p>Las vacunas de ARN mensajero (ARNm) comercializadas mejoran la supervivencia de pacientes sometidos a inmunoterapia. No curan el c\u00e1ncer, sino que parecen <strong>potenciar la capacidad del sistema inmunitario <\/strong>para liquidar c\u00e9lulas malignas. As\u00ed se desprende de un estudio publicado en <a href=\"https:\/\/www.nature.com\/articles\/s41586-025-09655-y\" target=\"_blank\" rel=\"noreferrer noopener nofollow\">Nature<\/a> y presentado en el congreso ESMO esta semana.<\/p>\n<ul class=\"wp-block-list\">\n<li><strong>S\u00f3lo para melanoma y pulm\u00f3n. <\/strong>Por el momento, \u00fanicamente ha mostrado efectividad en el melanoma con met\u00e1stasis, donde pacientes con la vacuna de la covid han mostrado una tasa de supervivencia nunca antes registrada. El otro c\u00e1ncer donde se ha observado este beneficio es el de pulm\u00f3n. La media de supervivencia pas\u00f3 de los 20,6 meses a los 37,3.<\/li>\n<li><strong>S\u00f3lo pacientes con inmunoterapia<\/strong>. Las personas con uno de estos dos tipos de c\u00e1ncer se suelen someter a tratamientos por los que se estimula a sus propias defensas para luchar contra el tumor. La vacuna parece ayudar a esa estimulaci\u00f3n.<\/li>\n<\/ul>\n<p>\u201cEl sistema inmunol\u00f3gico ha evolucionado para proteger contra virus y otros pat\u00f3genos, y los medicamentos contra el c\u00e1ncer aprovechan estas respuestas antivirales conservadas\u201d, explic\u00f3 <a href=\"https:\/\/www.oncology.ox.ac.uk\/team\/benjamin-fairfax\" target=\"_blank\" rel=\"noreferrer noopener nofollow\">Benjamin Fairfax<\/a>, de la Universidad de Oxford, en la presentaci\u00f3n del estudio.<\/p>\n<p>\u201cLa vacuna de ARNm contra la COVID-19 act\u00faa como <strong>una sirena y activa el sistema inmunitario <\/strong>en todo el cuerpo\u201d, incluso dentro del tumor, donde \u201ccomienza a programar una respuesta para eliminar el c\u00e1ncer\u201d, compara Adam Grippin, onc\u00f3logo radioterapeuta del MD Anderson en Houston, coautor del informe. \u201cNos sorprendieron los resultados en nuestros pacientes\u201d. <\/p>\n<p>Sorprendente\u2026 pero no tanto.<\/p>\n<blockquote class=\"wp-block-quote is-layout-flow wp-block-quote-is-layout-flow\">\n<p style=\"font-size:17px;font-style:normal;font-weight:300\"><strong>No tan sorprendente.<\/strong> El ARN mensajero ya era prometedor contra el c\u00e1ncer, antes de la covid. Los primeros desarrollos de esta tecnolog\u00eda, en que fue clave la Nobel Katalin Karik\u00f3, estaban enfocados a la oncolog\u00eda. En 2022, otro equipo hab\u00eda mostrado la eficacia del ARN mensajero para transportar informaci\u00f3n de un gen que facilita la <a href=\"https:\/\/www.newtral.es\/mecanismo-cancer-de-mama-agresivo-no-pase-desapercibido-defensas-inmunoterapia\/20220317\/\" target=\"_blank\" rel=\"noreferrer noopener nofollow\">lucha contra los tumores de mama<\/a>. BioNTech, creadora de la llamada vacuna anticovid de Pfizer, <strong><a href=\"https:\/\/www.newtral.es\/comienza-probarse-primera-vacuna-cancer-pulmon\/20240827\/\" rel=\"nofollow noopener\" target=\"_blank\">e<\/a><\/strong><a href=\"https:\/\/www.newtral.es\/comienza-probarse-primera-vacuna-cancer-pulmon\/20240827\/\" target=\"_blank\" rel=\"noreferrer noopener nofollow\">nsaya con \u00e9xito otra contra el c\u00e1ncer de pulm\u00f3n.<\/a><\/p>\n<\/blockquote>\n<p>Quitar el freno a la polic\u00eda del organismo y dar aviso para activarla<\/p>\n<p>Como explicaba en el p\u00f3dcast de Newtral <a href=\"https:\/\/www.newtral.es\/inmunoterapia-coenzima-q-defensas-contra-el-cancer\/20231005\/\" target=\"_blank\" rel=\"noreferrer noopener nofollow\">Tampoco es el fin del mundo el investigador en c\u00e1ncer\u00a0Miguel Reina-Campos<\/a>, hay muchos tipos de inmunoterapia. Pero la base de todas es estimular a las defensas naturales del organismo para que detecten c\u00e9lulas tumorales que, muchas veces,<strong> pasan desapercibidas,<\/strong> ya que tienen sus estrategias para enga\u00f1ar al sistema inmunitario.<\/p>\n<p>Metaf\u00f3ricamente, ser\u00eda como si a la polic\u00eda del organismo (linfocitos, por ejemplo) les hackearan las c\u00e1maras de vigilancia, por un lado. Y por otro, <strong>les pusieran frenos o cepos a los coches patrulla.<\/strong> Las inmunoterapias tratan de quitar ese bloqueo de las patrullas, de modo que pueden volver a circular. Pero eso, a veces, no es suficiente. Si la c\u00e9lula cancerosa se camufla bien o ciega a las patrullas, puede salirse con la suya.<\/p>\n<p>Parece que las vacunas ARNm act\u00faan <strong>espabilando a esas patrullas<\/strong>, impidiendo ese hackeo para cegar a los linfocitos y haciendo una llamada de alerta para que act\u00faen en el vecindario del tumor. Da igual que esas vacunas est\u00e9n dise\u00f1adas para luchar contra la covid, que no tiene nada que ver con el c\u00e1ncer. La clave es su capacidad para despertar a las c\u00e9lulas de las defensas cuando se combinan con la inmunoterapia dirigida a<strong> inhibidores de puntos de control inmunitario (PD-L1)<\/strong>, es decir, los frenos de las defensas.<\/p>\n<blockquote class=\"wp-block-quote has-background is-layout-flow wp-block-quote-is-layout-flow\" style=\"background-color:#dbf3ed\">\n<p>La d\u00e9cada prodigiosa de la inmunoterapia<\/p>\n<p><video autoplay=\"\" controls=\"\" loop=\"\" muted=\"\" src=\"https:\/\/player.vimeo.com\/progressive_redirect\/playback\/1053046491\/rendition\/540p\/file.mp4?loc=external&amp;signature=dfeaaf8599fbc05bc35de3a3794a0e7cfa51e74a3e39480d09644688835afc58\" playsinline=\"\"\/><\/p>\n<p>Desde hace algo m\u00e1s de una d\u00e9cada, la inmunoterapia se considera el terreno m\u00e1s prometedor en el campo de la lucha contra el c\u00e1ncer. La t\u00e9cnica consiste en estimular al propio sistema inmunitario del paciente (su polic\u00eda-patrulla particular para que cace y liquide al tumor). Como <a href=\"https:\/\/www.newtral.es\/inmunoterapia-coenzima-q-defensas-contra-el-cancer\/20231005\/\" rel=\"nofollow noopener\" target=\"_blank\">explicaba a Newtral.es el investigador Miguel Reina Campos<\/a> (La Jolla Institute for Immunology, EE.UU.), hoy se emplea con \u00e9xito en algunos tumores, pero con bastantes limitaciones en otros, y siempre combinada con otros abordajes, como la cirug\u00eda, la radioterapia o la quimioterapia.<\/p>\n<p>La \u00faltima d\u00e9cada ha visto nacer una inmunoterapia muy concreta y que ha tra\u00eddo \u201cmuchas satisfacciones\u201d \u2013se\u00f1ala S\u00e1nchez\u2013 en los avances contra el c\u00e1ncer en la infancia: la t\u00e9cnica CAR-T. Las c\u00e9lulas tumorales se esconden muy bien de esas patrullas de polic\u00eda del organismo, llamadas c\u00e9lulas T. As\u00ed que hay terapias por las que se extraen c\u00e9lulas T del paciente y se las modifica gen\u00e9ticamente para equiparlas con una herramienta extra para cazar a las malignas. Ser\u00eda como dotar a una patrulla de una c\u00e1mara infrarroja y un gancho que atrapa criminales.<\/p>\n<p>La inmunoterapia \u201cha cambiado la manera de tratar muchos tumores, como de pulm\u00f3n, melanoma, vejiga y ri\u00f1\u00f3n. Ha supuesto una aut\u00e9ntica revoluci\u00f3n, especialmente en pacientes con enfermedad extendida. Sin embargo, no es una panacea. No todos responden y todav\u00eda no entendemos bien por qu\u00e9\u201d. La inmunoterapia est\u00e1 \u201cen plena adolescencia, no ha llegado a la madurez. Hay mucha investigaci\u00f3n en curso para entender a qu\u00e9 pacientes les va a beneficiar y c\u00f3mo mejorar su eficacia\u201d. Y ah\u00ed es donde entran los big data gen\u00e9ticos y una combinaci\u00f3n de inteligencia artificial y humana.<\/p>\n<\/blockquote>\n<p>\u201cLo realmente emocionante es que vacunas ampliamente <strong>disponibles y de bajo coste<\/strong> tienen el potencial de mejorar dr\u00e1sticamente la eficacia de ciertas terapias inmunitarias\u201d, ha destacado Grippin.<\/p>\n<p>El hallazgo es especialmente relevante para pacientes con \u201ctumores fr\u00edos\u201d, es decir, aquellos con baja expresi\u00f3n de PD-L1 y que normalmente responden menos a la inmunoterapia enfocada a ese problema de los frenos. En estos casos, la vacuna multiplic\u00f3 por cinco la supervivencia a tres a\u00f1os. Por ahora, esto se ha probado en<strong> un millar de pacientes.<\/strong> Queda por ver el efecto en grupos m\u00e1s grandes y a largo plazo.<\/p>\n","protected":false},"excerpt":{"rendered":"No existe una vacuna universal para el c\u00e1ncer. Ni siquiera son vacunas profil\u00e1cticas aquellas que se est\u00e1n probando&hellip;\n","protected":false},"author":2,"featured_media":200624,"comment_status":"","ping_status":"","sticky":false,"template":"","format":"standard","meta":{"footnotes":""},"categories":[92],"tags":[1066,119,2272,25,24,165,166,23,1454],"class_list":{"0":"post-200623","1":"post","2":"type-post","3":"status-publish","4":"format-standard","5":"has-post-thumbnail","7":"category-salud","8":"tag-cancer","9":"tag-ciencia","10":"tag-covid-19","11":"tag-es","12":"tag-espana","13":"tag-health","14":"tag-salud","15":"tag-spain","16":"tag-vacunas"},"share_on_mastodon":{"url":"https:\/\/pubeurope.com\/@es\/115436291599824016","error":""},"_links":{"self":[{"href":"https:\/\/www.europesays.com\/es\/wp-json\/wp\/v2\/posts\/200623","targetHints":{"allow":["GET"]}}],"collection":[{"href":"https:\/\/www.europesays.com\/es\/wp-json\/wp\/v2\/posts"}],"about":[{"href":"https:\/\/www.europesays.com\/es\/wp-json\/wp\/v2\/types\/post"}],"author":[{"embeddable":true,"href":"https:\/\/www.europesays.com\/es\/wp-json\/wp\/v2\/users\/2"}],"replies":[{"embeddable":true,"href":"https:\/\/www.europesays.com\/es\/wp-json\/wp\/v2\/comments?post=200623"}],"version-history":[{"count":0,"href":"https:\/\/www.europesays.com\/es\/wp-json\/wp\/v2\/posts\/200623\/revisions"}],"wp:featuredmedia":[{"embeddable":true,"href":"https:\/\/www.europesays.com\/es\/wp-json\/wp\/v2\/media\/200624"}],"wp:attachment":[{"href":"https:\/\/www.europesays.com\/es\/wp-json\/wp\/v2\/media?parent=200623"}],"wp:term":[{"taxonomy":"category","embeddable":true,"href":"https:\/\/www.europesays.com\/es\/wp-json\/wp\/v2\/categories?post=200623"},{"taxonomy":"post_tag","embeddable":true,"href":"https:\/\/www.europesays.com\/es\/wp-json\/wp\/v2\/tags?post=200623"}],"curies":[{"name":"wp","href":"https:\/\/api.w.org\/{rel}","templated":true}]}}