{"id":200695,"date":"2025-10-25T19:32:10","date_gmt":"2025-10-25T19:32:10","guid":{"rendered":"https:\/\/www.europesays.com\/es\/200695\/"},"modified":"2025-10-25T19:32:10","modified_gmt":"2025-10-25T19:32:10","slug":"a-la-princesa-leonor-le-sale-pretendiente-astur-y-el-rey-bebe-un-culin-de-sidra-en-el-prau-la-visita-de-la-familia-real-a-valdesoto-pueblo-ejemplar-de-asturias","status":"publish","type":"post","link":"https:\/\/www.europesays.com\/es\/200695\/","title":{"rendered":"A la princesa Leonor le sale pretendiente astur y el rey bebe un cul\u00edn de sidra en el prau: la visita de la Familia Real a Valdesoto, Pueblo Ejemplar de Asturias"},"content":{"rendered":"<p>La princesa dijo sentirse impresionada por la recuperaci\u00f3n que el pueblo ha conseguido consolidar de tradiciones ancestrales con especial participaci\u00f3n de los j\u00f3venes. Como les comedies, como los sidros (unos personajes prohibidos durante el franquismo y restituidos en los a\u00f1os 2000 que van por el pueblo dando saltos y sirviendo de guardias a los actores de las mascaradas y que saltaron ante ellos) o como les carroces, exhibidas en el prau.<\/p>\n<p><img decoding=\"async\" alt=\"Los reyes Felipe y Letizia durante su recorrido por Valdesoto\" loading=\"lazy\" class=\"ResponsiveImageContainer-eNxvmU cfBbTk responsive-image__image\"   src=\"https:\/\/www.europesays.com\/es\/wp-content\/uploads\/2025\/10\/GettyImages-2243193586.jpg\"\/><\/p>\n<p>Los reyes Felipe y Letizia durante su recorrido por Valdesoto<\/p>\n<p>Europa Press News\/Getty Images<\/p>\n<p>\u201cEs muy bonito comprobar c\u00f3mo hab\u00e9is conseguido transmitir a los m\u00e1s peque\u00f1os los valores y el mejor esp\u00edritu asturiano, acabamos de verlo con los guajes de Los Escolinos\u201d, dijo la princesa, quien adem\u00e1s agradeci\u00f3 la acogida de los vecinos al t\u00e9rmino del paseo por el pueblo, descubri\u00f3 una placa en reconocimiento y tuvo oportunidad de saludar a centenares de lugare\u00f1os.<\/p>\n<p>En los d\u00edas anteriores alg\u00fan integrante de las asociaciones vecinales fantase\u00f3 en declaraciones a la prensa local con lo \u201cincre\u00edble\u201d que ser\u00eda, en apoyo a la cultura de la zona, que la reina Letizia pudiera abandonar por un segundo su estilismo perfecto versi\u00f3n turismo rural de fin de semana por el look tribal de <strong>los sidros<\/strong>, compuesto por una melena de pellejos de oveja coronada por una cola de raposo (zorro), unas cintas de colores y una cara cubierta por una m\u00e1scara color sangre. Podemos confirmar que lo incre\u00edble no sucedi\u00f3.<\/p>\n<p><img decoding=\"async\" alt=\"Uno de los sidros de Valdesoto\" loading=\"lazy\" class=\"ResponsiveImageContainer-eNxvmU cfBbTk responsive-image__image\"   src=\"https:\/\/www.europesays.com\/es\/wp-content\/uploads\/2025\/10\/GettyImages-2243192500.jpg\"\/><\/p>\n<p>Uno de los sidros de Valdesoto<\/p>\n<p>Carlos Alvarez\/Getty Images<\/p>\n<p>Tras una ma\u00f1ana colorida que acab\u00f3 en orbayu, los reyes, acompa\u00f1ados por el ministro de Agricultura, Luis Planas, y el presidente de Asturias, Adri\u00e1n Barb\u00f3n, se reunieron con los alcaldes de municipios afectados por los incendios en esta comunidad aut\u00f3noma en verano: Cabrales, Cangas de Narcea, Caso, Ibias, Ponga, Dega\u00f1a y Somiedo.<\/p>\n<p>Marta Su\u00e1rez es la Corresponsal de Casa Real para Vanity Fair Espa\u00f1a. <a href=\"https:\/\/www.revistavanityfair.es\/autor\/MARTA-SU-REZ\" rel=\"nofollow noopener\" target=\"_blank\">Sigue aqu\u00ed sus coberturas.<\/a><\/p>\n","protected":false},"excerpt":{"rendered":"La princesa dijo sentirse impresionada por la recuperaci\u00f3n que el pueblo ha conseguido consolidar de tradiciones ancestrales con&hellip;\n","protected":false},"author":2,"featured_media":200696,"comment_status":"","ping_status":"","sticky":false,"template":"","format":"standard","meta":{"footnotes":""},"categories":[91],"tags":[146,147,25,24,1887,14587,1026,11440,811,23],"class_list":{"0":"post-200695","1":"post","2":"type-post","3":"status-publish","4":"format-standard","5":"has-post-thumbnail","7":"category-entretenimiento","8":"tag-entertainment","9":"tag-entretenimiento","10":"tag-es","11":"tag-espana","12":"tag-familia-real-espanola","13":"tag-felipe-de-borbon","14":"tag-infanta-sofia","15":"tag-letizia-ortiz","16":"tag-princesa-leonor","17":"tag-spain"},"share_on_mastodon":{"url":"https:\/\/pubeurope.com\/@es\/115436476625293752","error":""},"_links":{"self":[{"href":"https:\/\/www.europesays.com\/es\/wp-json\/wp\/v2\/posts\/200695","targetHints":{"allow":["GET"]}}],"collection":[{"href":"https:\/\/www.europesays.com\/es\/wp-json\/wp\/v2\/posts"}],"about":[{"href":"https:\/\/www.europesays.com\/es\/wp-json\/wp\/v2\/types\/post"}],"author":[{"embeddable":true,"href":"https:\/\/www.europesays.com\/es\/wp-json\/wp\/v2\/users\/2"}],"replies":[{"embeddable":true,"href":"https:\/\/www.europesays.com\/es\/wp-json\/wp\/v2\/comments?post=200695"}],"version-history":[{"count":0,"href":"https:\/\/www.europesays.com\/es\/wp-json\/wp\/v2\/posts\/200695\/revisions"}],"wp:featuredmedia":[{"embeddable":true,"href":"https:\/\/www.europesays.com\/es\/wp-json\/wp\/v2\/media\/200696"}],"wp:attachment":[{"href":"https:\/\/www.europesays.com\/es\/wp-json\/wp\/v2\/media?parent=200695"}],"wp:term":[{"taxonomy":"category","embeddable":true,"href":"https:\/\/www.europesays.com\/es\/wp-json\/wp\/v2\/categories?post=200695"},{"taxonomy":"post_tag","embeddable":true,"href":"https:\/\/www.europesays.com\/es\/wp-json\/wp\/v2\/tags?post=200695"}],"curies":[{"name":"wp","href":"https:\/\/api.w.org\/{rel}","templated":true}]}}