{"id":200707,"date":"2025-10-25T19:43:08","date_gmt":"2025-10-25T19:43:08","guid":{"rendered":"https:\/\/www.europesays.com\/es\/200707\/"},"modified":"2025-10-25T19:43:08","modified_gmt":"2025-10-25T19:43:08","slug":"mundial-de-pista-van-de-wouw-bate-su-record-de-contrarreloj-y-va-por-su-tercer-oro-ciclismo","status":"publish","type":"post","link":"https:\/\/www.europesays.com\/es\/200707\/","title":{"rendered":"Mundial de Pista: Van de Wouw bate su r\u00e9cord de contrarreloj y va por su tercer oro &#8211; Ciclismo"},"content":{"rendered":"<ol>\n<li><a href=\"https:\/\/news.google.com\/rss\/articles\/CBMiZEFVX3lxTE5ObnRTYWl0N0NQTDFnSFFMMk1icHphblF5SHpLVUl0eldXVHB6a3ZneUc5aEpNUTNYREhiTTY2M3NLM25ZTUFYWUx4ZWxPY0FJYzZ0Z25WSVA0ZnRRUEh4R0lkeTA?oc=5\" target=\"_blank\" rel=\"nofollow noopener\">Mundial de Pista: Van de Wouw bate su r\u00e9cord de contrarreloj y va por su tercer oro<\/a>&nbsp;&nbsp;Ciclismo<\/li>\n<li><a href=\"https:\/\/news.google.com\/rss\/articles\/CBMi6gFBVV95cUxNTUVNYlFjSjRuUWpvQ2RVOTNubFk4LXB6bHhLeXlKejh4VnJJSDhORFhHQUFDMlBoazdOMkFCVF9jT0hiQ2VyXzRjS1Fwd1h1ekFXdVY2UFdRc2txN2lzV3Iybl9qc19YamhlcU4waUl2UU9IUUhTcVBnQkl3el9aclkwUjE2Rm1XdnBQWVVGQ25fbWJTU1dfNXc0S2M5NWVhbkUtbnczWW5OQ2FWVmVWRHBtTjY0aEt3OVpMaURMbTZsR2NuU2k2aklMeUNETVJBT1A5d0g3M0YxQ002RWJGemRiN3M0Wmhtc1E?oc=5\" target=\"_blank\" rel=\"nofollow noopener\">Paola Mu\u00f1oz remat\u00f3 en el top 20 de contrarreloj en el Mundial de Ciclismo de Pista<\/a>&nbsp;&nbsp;Cooperativa.cl<\/li>\n<li><a href=\"https:\/\/news.google.com\/rss\/articles\/CBMisAFBVV95cUxPbkN6bVpwczR2SGNaek9nTmFqNUpDVWNWa0ZvejhWR2I0c1poZk5wQnM0eEJkT3JsYlh6T0s4NFVDQWNRQzM5cGc0VV9IUFJueUlWdFd3TWQwakU4bndQeTFST3Z6aDJGc0Rxak0yeHZzVTFIMmpqVlp6WW9KNFY1Y2hsTUUzMTZIVFpGS2VBclo0WWNJSWZDSW1zRmw3ZGxVZmR5VUU3aTNuWmphSUhuQ9IBvgFBVV95cUxPaW9FamVrWGlFV3Qybkh6UC13ZnI3T3lYU3B6N2JHU2RMXy1rYkQ5bnBLLURXNWFwM2NnSk9UYjJ0NXJFVVZlbmVmM0NMdHhXUjVFVHJFNnZfb3RHR2NTbExkODdZUTF2YTdhdm9WNkp5TGF1SW5rRWExVm1La2hZM1VKSGlsaFVsTVFvajZmaEk5czdGNDBISUxyUElKLWFVWEs1bE1IVXppdTliRlVCOG9uNkduNHdOTUJtUlZB?oc=5\" target=\"_blank\" rel=\"nofollow noopener\">Van de Wouw bate el r\u00e9cord del mundo de contrarreloj y va por su tercer oro<\/a>&nbsp;&nbsp;Mundo Deportivo<\/li>\n<li><a href=\"https:\/\/news.google.com\/rss\/articles\/CBMiZEFVX3lxTE1UX3pVUURWakRhNWhGZFR0bEM4azhGLUc1RTlndk9IUTAzNGg2UU1IcGtGSHJnTF9OdnBvc1loY3lYVHNvTlBZN2lXWFhtd0tjR0xuSTgyQU9CYWlGU2EyRjl6RHA?oc=5\" target=\"_blank\" rel=\"nofollow noopener\">Mundial de Pista: Morris apunta al oro en persecuci\u00f3n femenina y Augenstein gu\u00eda el \u00d3mnium<\/a>&nbsp;&nbsp;Ciclismo<\/li>\n<li><a href=\"https:\/\/news.google.com\/rss\/articles\/CBMihAJBVV95cUxNMWppcUE2S0Z1SFoyUE50bmpIcWZ4Zm0yQ0hWaXM3MUplWjRrdjVfUHh4QnFCMDBnRngzZlFITnM1ZTVMOGQ3WmhneVNCbWNHUE44TFdkRDk1eWxwN2hNMVozVUZYTF9HQ1NBZlUzcEZJUU1rSWktRzNNVndubXM2WmJoTlMwVVJmVFplR1NrWUdhdnkzT25QNHVYVlJkRUlSUUdlb1VoanJ4Umg3aXB2Mm5UNFRkZG5iNm5rN3hJYlNkR2Zzbnd0NllHbGpIVUtnS1puWlNxcmQzWk1zU0F4cGI4eDFYWGFfX0ZNUVZIRlNZOG5IVGcyRU54TnBPcjBYQ08tddIBigJBVV95cUxPUTkzMXlDVEZuX2RPeFpTSmxwcXNHNS1Vd1Z4TjFnUEVWZndUSkR5RzVDM3ZCMXBxano1UWwzWTNWYVF1M00wYlBwSUswYlhWZGZRWmdLWm11ODVZQ2FiLXR1MzZJcnlISkxoV25ZTUVabVJFTklURDJJM25Xc1JkU1VJYjFZWE55cGhJSGt0MC1XbnBNUWhJZkkwNDBJc3ZXOGEtV0ZOZmNUNmtmU1d6MllMa3dpTUlaTk5BQmNfVjVUNTZqSERqVURxQTZQWWZGNkxTS2tGSllOMDRiZUJRaThseTBJdWxBZFFtVEJGR0dGc3lSaFdHbFJGN0d5eUFTb2hvY3JuQ2ZuUQ?oc=5\" target=\"_blank\" rel=\"nofollow noopener\">Mundial de Pista en Chile vive su primer r\u00e9cord planetario: ciclista neerlandesa logr\u00f3 notable marca<\/a>&nbsp;&nbsp;BioBioChile<\/li>\n<\/ol>\n","protected":false},"excerpt":{"rendered":"Mundial de Pista: Van de Wouw bate su r\u00e9cord de contrarreloj y va por su tercer oro&nbsp;&nbsp;Ciclismo Paola&hellip;\n","protected":false},"author":2,"featured_media":200708,"comment_status":"","ping_status":"","sticky":false,"template":"","format":"standard","meta":{"footnotes":""},"categories":[273],"tags":[15288,50429,2047,313,1757,54617,11218,10099,312,168,4169,25,24,55174,21237,1783,1179,14499,1070,7362,524,5839,2761,3560,4722,32885,3397,23,167,159,11214,6174,55175],"class_list":["post-200707","post","type-post","status-publish","format-standard","has-post-thumbnail","category-ciclismo","tag-campeonato","tag-centesimas","tag-chile","tag-ciclismo","tag-ciclista","tag-clasificatorias","tag-contrarreloj","tag-crono","tag-cycling","tag-deportes","tag-durante","tag-es","tag-espana","tag-hetty","tag-holandesa","tag-la","tag-mas","tag-minuto","tag-mundial","tag-neerlandesa","tag-nuevo","tag-pista","tag-prueba","tag-rapida","tag-record","tag-registro","tag-sabado","tag-spain","tag-sports","tag-tiempo","tag-uci","tag-van","tag-wouw"],"share_on_mastodon":{"url":"https:\/\/pubeurope.com\/@es\/115436519624249477","error":""},"_links":{"self":[{"href":"https:\/\/www.europesays.com\/es\/wp-json\/wp\/v2\/posts\/200707","targetHints":{"allow":["GET"]}}],"collection":[{"href":"https:\/\/www.europesays.com\/es\/wp-json\/wp\/v2\/posts"}],"about":[{"href":"https:\/\/www.europesays.com\/es\/wp-json\/wp\/v2\/types\/post"}],"author":[{"embeddable":true,"href":"https:\/\/www.europesays.com\/es\/wp-json\/wp\/v2\/users\/2"}],"replies":[{"embeddable":true,"href":"https:\/\/www.europesays.com\/es\/wp-json\/wp\/v2\/comments?post=200707"}],"version-history":[{"count":0,"href":"https:\/\/www.europesays.com\/es\/wp-json\/wp\/v2\/posts\/200707\/revisions"}],"wp:featuredmedia":[{"embeddable":true,"href":"https:\/\/www.europesays.com\/es\/wp-json\/wp\/v2\/media\/200708"}],"wp:attachment":[{"href":"https:\/\/www.europesays.com\/es\/wp-json\/wp\/v2\/media?parent=200707"}],"wp:term":[{"taxonomy":"category","embeddable":true,"href":"https:\/\/www.europesays.com\/es\/wp-json\/wp\/v2\/categories?post=200707"},{"taxonomy":"post_tag","embeddable":true,"href":"https:\/\/www.europesays.com\/es\/wp-json\/wp\/v2\/tags?post=200707"}],"curies":[{"name":"wp","href":"https:\/\/api.w.org\/{rel}","templated":true}]}}