{"id":200837,"date":"2025-10-25T21:41:09","date_gmt":"2025-10-25T21:41:09","guid":{"rendered":"https:\/\/www.europesays.com\/es\/200837\/"},"modified":"2025-10-25T21:41:09","modified_gmt":"2025-10-25T21:41:09","slug":"dos-decenas-de-ciclistas-participan-en-la-vuelta-a-siero-para-disfrutar-del-deporte-y-el-entorno-natural-del-concejo","status":"publish","type":"post","link":"https:\/\/www.europesays.com\/es\/200837\/","title":{"rendered":"Dos decenas de ciclistas participan en la Vuelta a Siero para disfrutar del deporte y el entorno natural del concejo"},"content":{"rendered":"<p class=\"ft-text\">Una veintena de corredores participaron este s\u00e1bado en la cuarta edici\u00f3n de la Vuelta Ciclista a Siero. La salida se produjo sobre las diez y cuarto de la ma\u00f1ana desde el polideportivo de La Fresneda.<\/p>\n<p class=\"ft-text\">La prueba consisti\u00f3 en una ruta en bicicleta de carretera de 45 kil\u00f3metros, con participaci\u00f3n limitada de ciclistas con el objetivo de garantizar la seguridad y el correcto desarrollo del evento.<\/p>\n<p class=\"ft-text\">El objetivo de esta iniciativa es fomentar el deporte, la participaci\u00f3n y el disfrute del entorno natural del concejo.<\/p>\n","protected":false},"excerpt":{"rendered":"Una veintena de corredores participaron este s\u00e1bado en la cuarta edici\u00f3n de la Vuelta Ciclista a Siero. La&hellip;\n","protected":false},"author":2,"featured_media":200838,"comment_status":"","ping_status":"","sticky":false,"template":"","format":"standard","meta":{"footnotes":""},"categories":[273],"tags":[313,2838,312,19878,168,25,24,2599,22885,585,19973,23,167,1357],"class_list":["post-200837","post","type-post","status-publish","format-standard","has-post-thumbnail","category-ciclismo","tag-ciclismo","tag-ciclistas","tag-cycling","tag-decenas","tag-deportes","tag-es","tag-espana","tag-participacion","tag-participan","tag-seguridad","tag-siero","tag-spain","tag-sports","tag-vuelta"],"share_on_mastodon":{"url":"https:\/\/pubeurope.com\/@es\/115436983627611282","error":""},"_links":{"self":[{"href":"https:\/\/www.europesays.com\/es\/wp-json\/wp\/v2\/posts\/200837","targetHints":{"allow":["GET"]}}],"collection":[{"href":"https:\/\/www.europesays.com\/es\/wp-json\/wp\/v2\/posts"}],"about":[{"href":"https:\/\/www.europesays.com\/es\/wp-json\/wp\/v2\/types\/post"}],"author":[{"embeddable":true,"href":"https:\/\/www.europesays.com\/es\/wp-json\/wp\/v2\/users\/2"}],"replies":[{"embeddable":true,"href":"https:\/\/www.europesays.com\/es\/wp-json\/wp\/v2\/comments?post=200837"}],"version-history":[{"count":0,"href":"https:\/\/www.europesays.com\/es\/wp-json\/wp\/v2\/posts\/200837\/revisions"}],"wp:featuredmedia":[{"embeddable":true,"href":"https:\/\/www.europesays.com\/es\/wp-json\/wp\/v2\/media\/200838"}],"wp:attachment":[{"href":"https:\/\/www.europesays.com\/es\/wp-json\/wp\/v2\/media?parent=200837"}],"wp:term":[{"taxonomy":"category","embeddable":true,"href":"https:\/\/www.europesays.com\/es\/wp-json\/wp\/v2\/categories?post=200837"},{"taxonomy":"post_tag","embeddable":true,"href":"https:\/\/www.europesays.com\/es\/wp-json\/wp\/v2\/tags?post=200837"}],"curies":[{"name":"wp","href":"https:\/\/api.w.org\/{rel}","templated":true}]}}