{"id":200861,"date":"2025-10-25T21:57:11","date_gmt":"2025-10-25T21:57:11","guid":{"rendered":"https:\/\/www.europesays.com\/es\/200861\/"},"modified":"2025-10-25T21:57:11","modified_gmt":"2025-10-25T21:57:11","slug":"xisca-perello-impacta-con-un-vestido-de-invitada-boho-posando-junto-a-rafa-nadal","status":"publish","type":"post","link":"https:\/\/www.europesays.com\/es\/200861\/","title":{"rendered":"Xisca Perell\u00f3 impacta con un vestido de invitada boho posando junto a Rafa Nadal"},"content":{"rendered":"<p data-journey-content=\"true\" data-node-id=\"2\" class=\"css-6wxqfj emevuu60\"><strong data-node-id=\"2.0\">Rafa Nadal y Xisca Perell\u00f3<\/strong> son una de las parejas m\u00e1s discretas del panorama internacional, por eso, cada una de sus apariciones generan todo el inter\u00e9s, como ha ocurrido hoy. <strong data-node-id=\"2.2\">El t\u00e1ndem viaj\u00f3 hasta Hong Kong para asistir a una gala ben\u00e9fica<\/strong> y, aunque el tenista derroch\u00f3 naturalidad con su traje de esmoquin cl\u00e1sico, fue <strong data-node-id=\"2.4\">Xisca quien acapar\u00f3 todas las miradas con un sencillo pero precioso vestido boho<\/strong>, la tendencia que arrasa entre las invitadas esta temporada.<\/p>\n<p data-journey-content=\"true\" data-node-id=\"3\" class=\"css-6wxqfj emevuu60\">La directora de la Fundaci\u00f3n Rafa Nadal apost\u00f3 por <strong data-node-id=\"3.1\">un vestido largo en tono nude, con los hombros al descubierto y volante en el pecho,<\/strong> una combinaci\u00f3n ideal para aquellass que buscan una elegancia relajada. <strong data-node-id=\"3.3\">Cerr\u00f3 el estilismo con unas sandalias doradas,<\/strong> que aportaban un toque de luz, un brillo perfecto para hacerse notar sin robar protagonismo al conjunto.<\/p>\n<p>Xisca Perell\u00f3 impacta con un vestido de invitada boho posando junto a Rafa Nadal<\/p>\n<p data-journey-content=\"true\" data-node-id=\"5\" class=\"css-6wxqfj emevuu60\">Fiel a su estilo natural, <strong data-node-id=\"5.1\">Xisca luci\u00f3 su melena rizada, en este caso lisa, pero recogida en una coleta baja <\/strong>y complement\u00f3 con pendientes peque\u00f1os y un reloj minimalista, confirmando que casi siempre, menos es m\u00e1s.<\/p>\n<p data-journey-content=\"true\" data-node-id=\"7\" class=\"css-6wxqfj emevuu60\">Podemos decir que este &#8216;look&#8217; de la celebridad de est\u00e9tica boho es ideal para aquellas que quieran sumarse a la tendencia bohemia, pero sin renunciar al minimalismo. Un vestido genial para eventos de noche o celebraciones al aire libre, que vuelve a recordarnos por qu\u00e9<strong data-node-id=\"7.1\"> Xisca Perell\u00f3 se ha convertido, sin propon\u00e9rselo, en una de las m\u00e1s ideales invitadas de la noche.<\/strong><\/p>\n<p><img draggable=\"true\" alt=\"three people posing for a photo against a blue background\" title=\"three people posing for a photo against a blue background\" loading=\"lazy\" width=\"611\" height=\"748\" decoding=\"async\" data-nimg=\"1\" style=\"color:transparent;width:100%;height:auto;\"   src=\"https:\/\/www.europesays.com\/es\/wp-content\/uploads\/2025\/10\/captura-de-pantalla-2025-10-25-213359-68fd26c1c8825.png\" class=\"css-0 e1g79fud0\"\/><a target=\"_blank\" rel=\"noopener nofollow\" data-theme-key=\"base-link\" href=\"https:\/\/pinterest.com\/pin\/create\/button\/?url=https:\/\/www.elle.com\/es\/star-style\/el-estilo-de\/a69155267\/xisca-perello-vestido-de-invitada-boho-junto-a-rafa-nadal\/&amp;description=- ElleSpain&amp;media=https:\/\/hips.hearstapps.com\/hmg-prod\/images\/captura-de-pantalla-2025-10-25-213359-68fd26c1c8825.png?resize=1600:*\" class=\"pinterest css-on9hn5 e1c1bym14\"><img decoding=\"async\" data-dynamic-svg=\"true\" src=\"https:\/\/www.elle.com\/_assets\/design-tokens\/fre\/static\/icons\/social\/pinterest.e8cf655.svg?primary=%2523ffffff\" loading=\"lazy\" data-testid=\"dynamic-svg-base\" height=\"auto\" width=\"auto\" alt=\"pinterest\" class=\"css-4lml0h e1mlxuuw1\"\/><\/a><\/p>\n<p>instagram<\/p>\n","protected":false},"excerpt":{"rendered":"Rafa Nadal y Xisca Perell\u00f3 son una de las parejas m\u00e1s discretas del panorama internacional, por eso, cada&hellip;\n","protected":false},"author":2,"featured_media":200862,"comment_status":"","ping_status":"","sticky":false,"template":"","format":"standard","meta":{"footnotes":""},"categories":[8],"tags":[17,18,253,25,24,13,14,11,19,20,9,10,15,16,23,12,21,22],"class_list":{"0":"post-200861","1":"post","2":"type-post","3":"status-publish","4":"format-standard","5":"has-post-thumbnail","7":"category-espana","8":"tag-breaking-news","9":"tag-breakingnews","10":"tag-discover","11":"tag-es","12":"tag-espana","13":"tag-featured-news","14":"tag-featurednews","15":"tag-headlines","16":"tag-latest-news","17":"tag-latestnews","18":"tag-news","19":"tag-noticias","20":"tag-noticias-destacadas","21":"tag-noticiasdestacadas","22":"tag-spain","23":"tag-titulares","24":"tag-ultimas-noticias","25":"tag-ultimasnoticias"},"share_on_mastodon":{"url":"https:\/\/pubeurope.com\/@es\/115437046864645229","error":""},"_links":{"self":[{"href":"https:\/\/www.europesays.com\/es\/wp-json\/wp\/v2\/posts\/200861","targetHints":{"allow":["GET"]}}],"collection":[{"href":"https:\/\/www.europesays.com\/es\/wp-json\/wp\/v2\/posts"}],"about":[{"href":"https:\/\/www.europesays.com\/es\/wp-json\/wp\/v2\/types\/post"}],"author":[{"embeddable":true,"href":"https:\/\/www.europesays.com\/es\/wp-json\/wp\/v2\/users\/2"}],"replies":[{"embeddable":true,"href":"https:\/\/www.europesays.com\/es\/wp-json\/wp\/v2\/comments?post=200861"}],"version-history":[{"count":0,"href":"https:\/\/www.europesays.com\/es\/wp-json\/wp\/v2\/posts\/200861\/revisions"}],"wp:featuredmedia":[{"embeddable":true,"href":"https:\/\/www.europesays.com\/es\/wp-json\/wp\/v2\/media\/200862"}],"wp:attachment":[{"href":"https:\/\/www.europesays.com\/es\/wp-json\/wp\/v2\/media?parent=200861"}],"wp:term":[{"taxonomy":"category","embeddable":true,"href":"https:\/\/www.europesays.com\/es\/wp-json\/wp\/v2\/categories?post=200861"},{"taxonomy":"post_tag","embeddable":true,"href":"https:\/\/www.europesays.com\/es\/wp-json\/wp\/v2\/tags?post=200861"}],"curies":[{"name":"wp","href":"https:\/\/api.w.org\/{rel}","templated":true}]}}