{"id":200885,"date":"2025-10-25T22:20:08","date_gmt":"2025-10-25T22:20:08","guid":{"rendered":"https:\/\/www.europesays.com\/es\/200885\/"},"modified":"2025-10-25T22:20:08","modified_gmt":"2025-10-25T22:20:08","slug":"petro-entre-la-huida-hacia-adelante-y-el-ataque-total-de-trump","status":"publish","type":"post","link":"https:\/\/www.europesays.com\/es\/200885\/","title":{"rendered":"Petro, entre la huida hacia adelante y el ataque total de Trump"},"content":{"rendered":"<p class=\"\">\u201cMe volver\u00e9 inolvidable, \u00bfcierto? Muchos hombres queremos serlo\u201d, dijo esta semana ante las c\u00e1maras el presidente de Colombia, Gustavo Petro, en una declaraci\u00f3n que expres\u00f3 su profundo deseo de dejar una marca en la historia del pa\u00eds. Lo manifest\u00f3 cuando apenas arrancaba la semana, el lunes, frente al periodista <a href=\"https:\/\/elpais.com\/america-colombia\/2025-10-20\/petro-anuncia-un-encuentro-con-el-encargado-de-negocios-de-estados-unidos-para-desescalar-la-crisis-diplomatica.html\" target=\"_self\" rel=\"nofollow noopener\" title=\"https:\/\/elpais.com\/america-colombia\/2025-10-20\/petro-anuncia-un-encuentro-con-el-encargado-de-negocios-de-estados-unidos-para-desescalar-la-crisis-diplomatica.html\">Daniel Coronell<\/a>, y cuando ya estaba empezando una de sus peores crisis diplom\u00e1ticas. Solo horas antes, el presidente de Estados Unidos, Donald Trump, lo hab\u00eda tildado de <a href=\"https:\/\/elpais.com\/internacional\/2025-10-19\/trump-acusa-a-petro-de-ser-un-lider-narcotraficante.html\" target=\"_self\" rel=\"nofollow noopener\" title=\"https:\/\/elpais.com\/internacional\/2025-10-19\/trump-acusa-a-petro-de-ser-un-lider-narcotraficante.html\">\u201dl\u00edder del narcotr\u00e1fico\u201d<\/a>. Petro se mostr\u00f3 despreocupado. \u201c\u00bfEst\u00e1 usted m\u00e1s preocupado por su imagen?\u201c, pregunt\u00f3 el veterano periodista colombiano ante la actitud desafiante del jefe de Estado. \u201cPor mi herencia\u201d, respondi\u00f3 el pol\u00edtico de izquierdas. <\/p>\n<p class=\"\">Cuando faltan nueve meses para que deje el poder, el 7 de agosto de 2026, se agota su tiempo para pasar a la historia. En medio de la tempestad, el mandatario ha redoblado las apuestas y plantea un camino para mantenerse vigente incluso tras su salida de la Presidencia. Ese camino tiene un nombre: Asamblea Constituyente. <\/p>\n<p class=\"\">El presidente no se nota abatido, a pesar de la p\u00e9sima semana para \u00e9l, para su familia, para su Gobierno y para la izquierda colombiana. Por un lado, <a href=\"https:\/\/elpais.com\/america-colombia\/2025-10-24\/el-tesoro-de-estados-unidos-sanciona-a-petro-por-vinculos-con-el-narcotrafico.html\" target=\"_self\" rel=\"nofollow noopener\" title=\"https:\/\/elpais.com\/america-colombia\/2025-10-24\/el-tesoro-de-estados-unidos-sanciona-a-petro-por-vinculos-con-el-narcotrafico.html\">el Departamento del Tesoro de Estados Unidos lo ha incluido en la lista OFAC o Clinton<\/a>, al igual que a su esposa, a su hijo mayor y a su ministro del Interior, Armando Benedetti, alegando que tienen v\u00ednculos con el narcotr\u00e1fico. Washington, adem\u00e1s, ha congelado todas las ayudas a Colombia, lo que pone en entredicho una cercana alianza militar de d\u00e9cadas. <\/p>\n<p class=\"\">En el terreno del trabajo legislativo, sus grandes reformas se tambalean: la Corte Constitucional discute una ponencia para tumbar la de las pensiones, el Consejo de Estado <a href=\"https:\/\/elpais.com\/america-colombia\/2025-10-24\/el-consejo-de-estado-frena-la-intencion-de-petro-de-sacar-la-reforma-a-la-salud-por-decreto.html\" target=\"_self\" rel=\"nofollow noopener\" title=\"https:\/\/elpais.com\/america-colombia\/2025-10-24\/el-consejo-de-estado-frena-la-intencion-de-petro-de-sacar-la-reforma-a-la-salud-por-decreto.html\">frena su reforma de la salud por decreto<\/a>. En el flanco partidista, su principal enemigo pol\u00edtico, el expresidente conservador \u00c1lvaro Uribe V\u00e9lez, vuelve al ruedo electoral <a href=\"https:\/\/elpais.com\/america-colombia\/2025-10-22\/las-mil-vidas-politicas-de-alvaro-uribe.html\" target=\"_self\" rel=\"nofollow noopener\" title=\"https:\/\/elpais.com\/america-colombia\/2025-10-22\/las-mil-vidas-politicas-de-alvaro-uribe.html\">tras haber sido absuelto<\/a> por un tribunal de apelaci\u00f3n, en segunda instancia, de todos los cargos en un sonado proceso penal por manipulaci\u00f3n de testigos. Al mismo tiempo, su movimiento pol\u00edtico elige este domingo su precandidato presidencial en una consulta abierta, sin saber a\u00fan si se presentar\u00e1 a las elecciones de 2026 como un partido o una coalici\u00f3n de fuerzas.<\/p>\n<p>Tono de combate<\/p>\n<p class=\"\">Ante las crisis, Petro suele sacar su tono de combate, y esta semana retom\u00f3 el micr\u00f3fono. Volvi\u00f3 a hablar en redes sociales de una Constituyente, su Gobierno present\u00f3 un texto para convocarla y espera que la ciudadan\u00eda lo debata, adem\u00e1s convoc\u00f3 a una multitud en el centro de Bogot\u00e1 para mostrar que la iniciativa puede tener apoyo popular. \u201cNo ser\u00e1 para m\u00ed el poder constituyente, ser\u00e1 para ustedes\u201d, prometi\u00f3 el viernes en la plaza de Bol\u00edvar, a la que lleg\u00f3 vestido con una camiseta roja con la frase \u201cEl pueblo es soberano\u201d, tomada del himno nacional. <\/p>\n<p class=\"\">Mientras manten\u00eda la tensi\u00f3n al fustigar a su oposici\u00f3n al asociarla con la mafia, guardaba la prudencia en el flanco internacional. Se cuidaba de criticar a Trump e incluso prometi\u00f3 no hablar de \u00e9l mientras sea presidente, una forma de evitar una mayor escalada diplom\u00e1tica.<\/p>\n<p class=\"\">Con la Constituyente, en cambio, pon\u00eda el foco en lo local. No se trata de un anuncio menor para los colombianos, que en <a href=\"https:\/\/elpais.com\/america-colombia\/2024-06-13\/el-61-de-los-colombianos-no-apoya-la-constituyente-de-gustavo-petro.html\" target=\"_self\" rel=\"nofollow noopener\" title=\"https:\/\/elpais.com\/america-colombia\/2024-06-13\/el-61-de-los-colombianos-no-apoya-la-constituyente-de-gustavo-petro.html\">su mayor\u00eda ya han dicho que no apoyar\u00edan una<\/a> reforma a la Constituci\u00f3n de 1991. En 2018, cuando buscaba ganar votos para la segunda vuelta presidencial, Petro firm\u00f3 en m\u00e1rmol que nunca convocar\u00eda a una Constituyente ante el temor de que buscara eliminar la prohibici\u00f3n de una reelecci\u00f3n, que en Colombia est\u00e1 prohibida. La izquierda tradicionalmente ha criticado la posibilidad de mantenerse en el poder y Petro asegura ahora que su propuesta \u201cno es para hacer articulitos a favor\u201d, en referencia al cambio que logr\u00f3 Uribe V\u00e9lez en 2006 para reelegirse y que luego fue eliminado bajo el mandato de Juan Manuel Santos. Ha dicho que se trata, m\u00e1s bien, de \u201cprofundizar\u201d la Constituci\u00f3n que ya existe para sacar por esa v\u00eda las reformas que tambalean. <\/p>\n<p class=\"\">Petro sabe que no tiene tiempo. El camino es largo para reformar la Constituci\u00f3n en una Asamblea Constituyente. Primero el Congreso debe aprobar un proyecto de ley que la convoque, luego la Corte Constitucional debe avalarla, y despu\u00e9s al menos 13 millones de personas deben participar en una votaci\u00f3n \u2015Petro fue elegido en 2022 con 11 millones de votos en la segunda vuelta\u2015 en la que la mayor\u00eda debe aprobar la propuesta. Luego, adem\u00e1s, habr\u00eda que hacer otra votaci\u00f3n para elegir a los delegatarios. Todo eso tomar\u00eda dos o tres a\u00f1os.<\/p>\n<p class=\"\">En el plan que anuncia Petro, ese proceso ser\u00eda una forma de mantener movilizadas a bases. \u201cQueremos que se instale ya un comit\u00e9 social, no de pol\u00edticos, no del Gobierno, sino de fuerzas sociales de la ciudadan\u00eda, que haga el proyecto de ley que se presentar\u00e1 al Congreso el 20 de julio\u201d, afirm\u00f3 ante la Plaza de Bol\u00edvar. \u201cLo que queremos es que sea el mandato popular el que ya le diga a ese nuevo presidente o presidenta, y al nuevo Congreso, que la decisi\u00f3n del pueblo es acudir a las urnas para elegir sus constituyentes que se dediquen exclusivamente a aprobar las reformas del pueblo\u201d. Luego, aclar\u00f3 este viernes, como ciudadano del com\u00fan desear\u00eda ser uno de esos elegidos.<\/p>\n<p class=\"\">El camino para que Petro pase de ser presidente a miembro de una poco probable Asamblea Constituyente es tan largo, como es corto para que esa propuesta concentre la atenci\u00f3n durante la campa\u00f1a electoral que despunta. El presidente ha dicho que espera que se recojan 10 millones de firmas en apoyo de la iniciativa, en una campa\u00f1a paralela y simult\u00e1nea a la de los candidatos al legislativo y presidencia. <\/p>\n<p class=\"\">Sin saber si lograr\u00e1 esos apoyos, el presidente sabe ganar la atenci\u00f3n. Hace dos semanas el Consejo de Estado puso l\u00edmite a sus alocuciones largas y reiteradas, y desde entonces ha aumentado su exposici\u00f3n en los medios. La semana pasada la dio a RTVC, el sistema de medios estatales que dirige su amigo Hollman Morris, y en ella se declar\u00f3 v\u00edctima de censura. Cuatro d\u00edas despu\u00e9s fue la de Coronell, que gir\u00f3 alrededor de Trump. Tres d\u00edas m\u00e1s tarde convoc\u00f3 a los medios internacionales para hablar de Trump, de nuevo cuid\u00e1ndose de criticarlo directamente. Al d\u00eda siguiente hizo la movilizaci\u00f3n en la plaza de Bol\u00edvar. Todo el tiempo mantuvo un ritmo fren\u00e9tico en su cuenta de X. Los candidatos, de derecha o de izquierda, no se alcanzan a escuchar en medio de las crisis y los micr\u00f3fonos de Petro. Nadie resuena tanto como el presidente, especialmente cuando rompe su promesa y busca una asamblea constituyente.<\/p>\n","protected":false},"excerpt":{"rendered":"\u201cMe volver\u00e9 inolvidable, \u00bfcierto? Muchos hombres queremos serlo\u201d, dijo esta semana ante las c\u00e1maras el presidente de Colombia,&hellip;\n","protected":false},"author":2,"featured_media":200886,"comment_status":"","ping_status":"","sticky":false,"template":"","format":"standard","meta":{"footnotes":""},"categories":[42],"tags":[889,17,18,1803,352,629,13,14,3916,11,61,62,63,64,19,20,1804,9,10,15,16,26926,952,12,21,22,65,66,67],"class_list":{"0":"post-200885","1":"post","2":"type-post","3":"status-publish","4":"format-standard","5":"has-post-thumbnail","7":"category-internacional","8":"tag-america","9":"tag-breaking-news","10":"tag-breakingnews","11":"tag-colombia","12":"tag-donald-trump","13":"tag-estados-unidos","14":"tag-featured-news","15":"tag-featurednews","16":"tag-gustavo-petro","17":"tag-headlines","18":"tag-internacional","19":"tag-international","20":"tag-international-news","21":"tag-internationalnews","22":"tag-latest-news","23":"tag-latestnews","24":"tag-latinoamerica","25":"tag-news","26":"tag-noticias","27":"tag-noticias-destacadas","28":"tag-noticiasdestacadas","29":"tag-pacto-historico-colombia","30":"tag-politica","31":"tag-titulares","32":"tag-ultimas-noticias","33":"tag-ultimasnoticias","34":"tag-world","35":"tag-world-news","36":"tag-worldnews"},"share_on_mastodon":{"url":"https:\/\/pubeurope.com\/@es\/115437137031076001","error":""},"_links":{"self":[{"href":"https:\/\/www.europesays.com\/es\/wp-json\/wp\/v2\/posts\/200885","targetHints":{"allow":["GET"]}}],"collection":[{"href":"https:\/\/www.europesays.com\/es\/wp-json\/wp\/v2\/posts"}],"about":[{"href":"https:\/\/www.europesays.com\/es\/wp-json\/wp\/v2\/types\/post"}],"author":[{"embeddable":true,"href":"https:\/\/www.europesays.com\/es\/wp-json\/wp\/v2\/users\/2"}],"replies":[{"embeddable":true,"href":"https:\/\/www.europesays.com\/es\/wp-json\/wp\/v2\/comments?post=200885"}],"version-history":[{"count":0,"href":"https:\/\/www.europesays.com\/es\/wp-json\/wp\/v2\/posts\/200885\/revisions"}],"wp:featuredmedia":[{"embeddable":true,"href":"https:\/\/www.europesays.com\/es\/wp-json\/wp\/v2\/media\/200886"}],"wp:attachment":[{"href":"https:\/\/www.europesays.com\/es\/wp-json\/wp\/v2\/media?parent=200885"}],"wp:term":[{"taxonomy":"category","embeddable":true,"href":"https:\/\/www.europesays.com\/es\/wp-json\/wp\/v2\/categories?post=200885"},{"taxonomy":"post_tag","embeddable":true,"href":"https:\/\/www.europesays.com\/es\/wp-json\/wp\/v2\/tags?post=200885"}],"curies":[{"name":"wp","href":"https:\/\/api.w.org\/{rel}","templated":true}]}}