{"id":200887,"date":"2025-10-25T22:21:17","date_gmt":"2025-10-25T22:21:17","guid":{"rendered":"https:\/\/www.europesays.com\/es\/200887\/"},"modified":"2025-10-25T22:21:17","modified_gmt":"2025-10-25T22:21:17","slug":"muere-un-hombre-y-otro-resulta-herido-grave-al-ceder-la-barandilla-de-un-hotel-de-lanzarote-espana","status":"publish","type":"post","link":"https:\/\/www.europesays.com\/es\/200887\/","title":{"rendered":"Muere un hombre y otro resulta herido grave al ceder la barandilla de un hotel de Lanzarote | Espa\u00f1a"},"content":{"rendered":"<p class=\"\">Un turista ha muerto y otro ha resultado herido grave al caer esta madrugada de una altura de seis tras ceder la barandilla de un hotel del complejo tur\u00edstico Costa Teguise (Lanzarote). Los hechos sucedieron en torno a las 1.30.<\/p>\n<p class=\"\">Los dos afectados son turistas ingleses, seg\u00fan la prensa local, que publica tambi\u00e9n que el fallecido ten\u00eda 56 a\u00f1os y el herido, 54. Cuando los servicios de emergencia llegaron al lugar, solo pudieron atender al segundo de ellos y confirmar la muerte del primero. Finalmente, el herido fue trasladado al hospital Doctor Jos\u00e9 Molina Orosa, seg\u00fan fuentes del Centro Coordinador de Seguridad y Emergencias del Gobierno canario.<\/p>\n<p class=\"\">La Guardia Civil investiga las causas del accidente.<\/p>\n","protected":false},"excerpt":{"rendered":"Un turista ha muerto y otro ha resultado herido grave al caer esta madrugada de una altura de&hellip;\n","protected":false},"author":2,"featured_media":200888,"comment_status":"","ping_status":"","sticky":false,"template":"","format":"standard","meta":{"footnotes":""},"categories":[8],"tags":[5960,17,18,1896,25,24,13,14,11,13084,3641,19,20,9,10,15,16,23,257,12,4664,55194,21,22],"class_list":{"0":"post-200887","1":"post","2":"type-post","3":"status-publish","4":"format-standard","5":"has-post-thumbnail","7":"category-espana","8":"tag-accidentes","9":"tag-breaking-news","10":"tag-breakingnews","11":"tag-canarias","12":"tag-es","13":"tag-espana","14":"tag-featured-news","15":"tag-featurednews","16":"tag-headlines","17":"tag-hoteles","18":"tag-lanzarote","19":"tag-latest-news","20":"tag-latestnews","21":"tag-news","22":"tag-noticias","23":"tag-noticias-destacadas","24":"tag-noticiasdestacadas","25":"tag-spain","26":"tag-sucesos","27":"tag-titulares","28":"tag-turismo","29":"tag-turismo-internacional-en-espana","30":"tag-ultimas-noticias","31":"tag-ultimasnoticias"},"share_on_mastodon":{"url":"https:\/\/pubeurope.com\/@es\/115437140986088355","error":""},"_links":{"self":[{"href":"https:\/\/www.europesays.com\/es\/wp-json\/wp\/v2\/posts\/200887","targetHints":{"allow":["GET"]}}],"collection":[{"href":"https:\/\/www.europesays.com\/es\/wp-json\/wp\/v2\/posts"}],"about":[{"href":"https:\/\/www.europesays.com\/es\/wp-json\/wp\/v2\/types\/post"}],"author":[{"embeddable":true,"href":"https:\/\/www.europesays.com\/es\/wp-json\/wp\/v2\/users\/2"}],"replies":[{"embeddable":true,"href":"https:\/\/www.europesays.com\/es\/wp-json\/wp\/v2\/comments?post=200887"}],"version-history":[{"count":0,"href":"https:\/\/www.europesays.com\/es\/wp-json\/wp\/v2\/posts\/200887\/revisions"}],"wp:featuredmedia":[{"embeddable":true,"href":"https:\/\/www.europesays.com\/es\/wp-json\/wp\/v2\/media\/200888"}],"wp:attachment":[{"href":"https:\/\/www.europesays.com\/es\/wp-json\/wp\/v2\/media?parent=200887"}],"wp:term":[{"taxonomy":"category","embeddable":true,"href":"https:\/\/www.europesays.com\/es\/wp-json\/wp\/v2\/categories?post=200887"},{"taxonomy":"post_tag","embeddable":true,"href":"https:\/\/www.europesays.com\/es\/wp-json\/wp\/v2\/tags?post=200887"}],"curies":[{"name":"wp","href":"https:\/\/api.w.org\/{rel}","templated":true}]}}