{"id":200919,"date":"2025-10-25T22:50:15","date_gmt":"2025-10-25T22:50:15","guid":{"rendered":"https:\/\/www.europesays.com\/es\/200919\/"},"modified":"2025-10-25T22:50:15","modified_gmt":"2025-10-25T22:50:15","slug":"cristina-bucsa-se-queda-sin-final-de-dobles-en-tokio","status":"publish","type":"post","link":"https:\/\/www.europesays.com\/es\/200919\/","title":{"rendered":"Cristina Bucsa se queda sin final de dobles en Tokio"},"content":{"rendered":"<p><a class=\"v-mdl-ath__fig-a\" href=\"https:\/\/www.eldiariomontanes.es\/autor\/aser-falagan-916.html\" title=\"Aser Falag\u00e1n\" rel=\"nofollow noopener\" target=\"_blank\"><br \/>\n<img decoding=\"async\" class=\"v-mdl-ath__img\" src=\"https:\/\/www.europesays.com\/es\/wp-content\/uploads\/2025\/08\/1756646709_989_autor-916-foto-1.jpeg\" alt=\"Aser Falag\u00e1n\"\/><br \/>\n<\/a><\/p>\n<p class=\"v-mdl-ath__p v-mdl-ath__p--6\">\nS\u00e1bado, 25 de octubre 2025, 18:42<\/p>\n<p class=\"v-p\">Una Cristina Bucsa mermada por problemas en el codo y Shuko Aoyamna se han quedao sin final en Tokio tras caer en la semifinales del Toray Pan Pacific Open frentela kazaja Anna Danilina y la serbia Aleksandra Kruni\u0107 en una semifinal en la que la torrelaveguense tuvo que ser atendida en uno de los descansos por unos problemas que no le impidieron terminar el partido, pero que por una parte afectaron su rendimiento y por otra comprometen su final de temporada, a la espera de que se conozca si su dolencia tiene mayor calado o no, de cara a las competiciones que le restan, tanto en la categor\u00eda individual como en dobles, para completar su calendario del a\u00f1o.<\/p>\n<p class=\"v-p\">En cuanto al partido, en s\u00ed, las terceras cabezas de serie no dieron demasiadas opciones a una pareja en crecimiento que ha cuajado un gran torneo, pero que no tuvo demasiadas opciones en las semifinales de Tokio, como refleja el 6-2, 6-3 final con el que sus rivales se clasificaron para la final. Solo en el segunda set tuvieron un momento de reacci\u00f3n en el que dispusieron de una oportunidad de ruptura que pod\u00eda haber cambiado el guion o, al menos alargado el partido, pero tras perderla sus rivales finiquitaron el duelo.<\/p>\n<p class=\"v-p\">Este resultado, eso s\u00ed, permitir\u00e1 a Bucsa escalar alg\u00fan puesto en la clasificaci\u00f3n mundial de dobles, puesto que mejora los cuartos de final cosechados el a\u00f1o pasado en el que es, a pesar de la derrota de ayer, un buena balance, m\u00e1s all\u00e1 de su madrugadora eliminaci\u00f3n en el cuadro individual despu\u00e9s de superar los partidos de la ronda previa. Posteriormente, la esadounidense McCartney Kessler la daj\u00e9 en la cuneta en tres sets en el partido de treintaidosavos de final.<\/p>\n<p>Reporta un error<\/p>\n","protected":false},"excerpt":{"rendered":"S\u00e1bado, 25 de octubre 2025, 18:42 Una Cristina Bucsa mermada por problemas en el codo y Shuko Aoyamna&hellip;\n","protected":false},"author":2,"featured_media":200920,"comment_status":"","ping_status":"","sticky":false,"template":"","format":"standard","meta":{"footnotes":""},"categories":[274],"tags":[25738,7538,168,24750,25,24,1058,55198,23,167,327,326,13536],"class_list":{"0":"post-200919","1":"post","2":"type-post","3":"status-publish","4":"format-standard","5":"has-post-thumbnail","7":"category-tenis","8":"tag-bucsa","9":"tag-cristina","10":"tag-deportes","11":"tag-dobles","12":"tag-es","13":"tag-espana","14":"tag-final","15":"tag-quedasin","16":"tag-spain","17":"tag-sports","18":"tag-tenis","19":"tag-tennis","20":"tag-tokio"},"share_on_mastodon":{"url":"https:\/\/pubeurope.com\/@es\/115437255298971902","error":""},"_links":{"self":[{"href":"https:\/\/www.europesays.com\/es\/wp-json\/wp\/v2\/posts\/200919","targetHints":{"allow":["GET"]}}],"collection":[{"href":"https:\/\/www.europesays.com\/es\/wp-json\/wp\/v2\/posts"}],"about":[{"href":"https:\/\/www.europesays.com\/es\/wp-json\/wp\/v2\/types\/post"}],"author":[{"embeddable":true,"href":"https:\/\/www.europesays.com\/es\/wp-json\/wp\/v2\/users\/2"}],"replies":[{"embeddable":true,"href":"https:\/\/www.europesays.com\/es\/wp-json\/wp\/v2\/comments?post=200919"}],"version-history":[{"count":0,"href":"https:\/\/www.europesays.com\/es\/wp-json\/wp\/v2\/posts\/200919\/revisions"}],"wp:featuredmedia":[{"embeddable":true,"href":"https:\/\/www.europesays.com\/es\/wp-json\/wp\/v2\/media\/200920"}],"wp:attachment":[{"href":"https:\/\/www.europesays.com\/es\/wp-json\/wp\/v2\/media?parent=200919"}],"wp:term":[{"taxonomy":"category","embeddable":true,"href":"https:\/\/www.europesays.com\/es\/wp-json\/wp\/v2\/categories?post=200919"},{"taxonomy":"post_tag","embeddable":true,"href":"https:\/\/www.europesays.com\/es\/wp-json\/wp\/v2\/tags?post=200919"}],"curies":[{"name":"wp","href":"https:\/\/api.w.org\/{rel}","templated":true}]}}