{"id":200921,"date":"2025-10-25T22:51:09","date_gmt":"2025-10-25T22:51:09","guid":{"rendered":"https:\/\/www.europesays.com\/es\/200921\/"},"modified":"2025-10-25T22:51:09","modified_gmt":"2025-10-25T22:51:09","slug":"clasificaciones-completas-de-la-2a-etapa-de-la-vuelta-a-guatemala-2025","status":"publish","type":"post","link":"https:\/\/www.europesays.com\/es\/200921\/","title":{"rendered":"Clasificaciones completas de la 2\u00aa etapa de la Vuelta a Guatemala 2025"},"content":{"rendered":"<p>\t\t\t&#13;<br \/>\n&#13;<\/p>\n<p><img loading=\"lazy\" decoding=\"async\" src=\"https:\/\/www.europesays.com\/es\/wp-content\/uploads\/2025\/10\/vuelta-guatemala-et2-clasificaciones-2025-es-ciclismo.jpg\" width=\"556\" height=\"418\" class=\"setborder\" alt=\"Clasificaciones completas de la 2\u00aa etapa de la Vuelta a Guatemala 2025\" title=\"Clasificaciones completas de la 2\u00aa etapa de la Vuelta a Guatemala 2025\"\/><br \/>\n&#13;<br \/>\n&#13;<br \/>\n&#13;<br \/>\n<a href=\"https:\/\/www.esciclismo.com\/actualidad\/esciclismo\/\" rel=\"nofollow noopener\" target=\"_blank\">EsCiclismo.com<\/a> \u00b7 <a href=\"https:\/\/www.esciclismo.com\/actualidad\/carretera\/\" rel=\"nofollow noopener\" target=\"_blank\">Competici\u00f3n Carretera<\/a>  \u00b7 25\/10\/2025<\/p>\n<p>\u00c9stas son las clasificaciones completas de la 2\u00aa etapa de la 64\u00aa edici\u00f3n de la Vuelta Cicl\u00edstica Internacional a Guatemala, disputada este s\u00e1bado 25 de octubre entre las localidades de El Rancho y Jalapa sobre un exigente recorrido de 160,6 kil\u00f3metros con cinco ascensiones puntuables y un final en alto.<\/p>\n<p>&#13;<\/p>\n<p><b id=\"P1\"\/><a href=\"https:\/\/www.esciclismo.com\/actualidad\/carretera\/88563.html\" rel=\"nofollow noopener\" target=\"_blank\">La victoria en la etapa se la llev\u00f3 el ciclista costarricense Sebasti\u00e1n Calder\u00f3n<\/a> (7C-Economy-Hyundai), que se impuso en solitario en la ascensi\u00f3n final a Jalapa tras m\u00e1s de cuatro horas de competici\u00f3n. El colombiano Robinson Fabi\u00e1n L\u00f3pez (GW-Erco-Shimano) fue segundo a 12 segundos y el tambi\u00e9n colombiano Rodrigo Contreras (Nu Colombia) tercero, a 13 segundos del vencedor.<\/p>\n<p>&#13;<\/p>\n<p>El nuevo l\u00edder de la clasificaci\u00f3n general individual es el colombiano Cristian Camilo Mu\u00f1oz (Nu Colombia).<\/p>\n<p>&#13;<br \/>\nClasificaciones de la Vuelta a Guatemala 2025 &#8211; Etapa 2&#13;<\/p>\n<p><b>Clasificaci\u00f3n de la 2\u00aa etapa:<\/b><br \/>&#13;<br \/>\n1. Sebasti\u00e1n Calder\u00f3n (CRC\/7C-Economy-Hyundai) &#8211; 4:06:43<br \/>&#13;<br \/>\n2. Robinson Fabi\u00e1n L\u00f3pez (COL\/GW-Erco-Shimano) a 0:12<br \/>&#13;<br \/>\n3. Rodrigo Contreras (COL\/Nu Colombia) a 0:13<br \/>&#13;<br \/>\n4. Juan Mardoqueo V\u00e1squez (GTM\/Hino-One-La Red) a 0:13<br \/>&#13;<br \/>\n5. Carlos Alberto Guti\u00e9rrez (COL\/Movistar-Best PC) a 0:13<br \/>&#13;<br \/>\n6. Cristian Camilo Mu\u00f1oz (COL\/Nu Colombia) a 0:13<br \/>&#13;<br \/>\n7. Yesid Albeiro Pira (COL\/Hino-One-La Red) a 0:13<br \/>&#13;<br \/>\n8. Danny Osorio (COL\/Cer\u00e1micas Castelli-\u00d3pticas Deluxe) a 0:13<br \/>&#13;<br \/>\n9. Edgar Geovanny Torres (GTM\/Hino-One-La Red) a 0:13<br \/>&#13;<br \/>\n10. Santiago Montenegro (ECU\/Movistar-Best PC) a 0:13<br \/>&#13;<br \/>\n11. \u00d3scar Santiago Garz\u00f3n (COL\/GW-Erco-Shimano) a 0:26<br \/>&#13;<br \/>\n12. Bernardo Suaza (COL\/Orgullo Paisa) a 0:26<br \/>&#13;<br \/>\n13. Dylan Jim\u00e9nez (CRC\/7C-Economy-Hyundai) a 0:26<br \/>&#13;<br \/>\n14. Melvin Torres (GTM\/Hino-One-La Red) a 0:26<br \/>&#13;<br \/>\n15. C\u00e9sar Nicol\u00e1s Paredes (COL\/Hino-One-La Red) a 0:26<br \/>&#13;<br \/>\n16. Julio A. Ispache (GTM\/Decoraba\u00f1os-Bantrab) a 0:26<br \/>&#13;<br \/>\n17. Gabriel Francisco Rojas (CRC\/Manzat\u00e9-La Selva-Scott) a 0:26<br \/>&#13;<br \/>\n18. \u00c1ngel Gil (COL\/Canel&#8217;s-Java) a 0:26<br \/>&#13;<br \/>\n19. Max Gonz\u00e1lez (GTM\/Asoc. San Marcos-Acredicom) a 0:26<br \/>&#13;<br \/>\n20. Jos\u00e9 Ram\u00f3n Mu\u00f1iz (MEX\/Olinka-Specialized) a 0:34<br \/>&#13;<br \/>\n21. Gerson Toc (GTM\/ECA Electricidad Ciclismo) a 0:38<br \/>&#13;<br \/>\n22. Heiner Rodrigo Parra (COL\/Canel&#8217;s-Java) a 0:45<br \/>&#13;<br \/>\n23. Luis Daniel Oses (CRC\/7C-Economy-Hyundai) a 0:45<br \/>&#13;<br \/>\n24. Ulises Alfredo Castillo (MEX\/Olinka-Specialized) a 0:50<br \/>&#13;<br \/>\n25. Hector R. \u00c1lvarez (ECU\/Movistar-Best PC) a 0:56<br \/>&#13;<br \/>\n26. Juan Pablo Rend\u00f3n (COL\/Orgullo Paisa) a 1:00<br \/>&#13;<br \/>\n27. Kade Kreikemeier (USA\/Momentum Racing-GCS) a 1:22<br \/>&#13;<br \/>\n28. Juan Carlos L\u00f3pez (COL\/GW-Erco-Shimano) a 1:33<br \/>&#13;<br \/>\n29. Kenny Nijssen (NED\/Universe) a 2:10<br \/>&#13;<br \/>\n30. Brandon Rojas (COL\/GW-Erco-Shimano) a 2:55<br \/>&#13;<br \/>\n31. Bryan Raul Obando (ECU\/Movistar-Best PC) a 3:02<br \/>&#13;<br \/>\n32. Fredy Orlando Toc (GTM\/ECA Electricidad Ciclismo) a 4:18<\/p>\n<p>M\u00e1s en breve.<\/p>\n<p>&#13;<\/p>\n<p><b id=\"P3\"\/><b>Clasificaci\u00f3n general tras la 2\u00aa etapa:<\/b><br \/>&#13;<br \/>\n1. Cristian Camilo Mu\u00f1oz (COL\/Nu Colombia) &#8211; 7:53:54<br \/>&#13;<br \/>\n2. Carlos Alberto Guti\u00e9rrez (COL\/Movistar-Best PC) &#8211; m.t.<br \/>&#13;<br \/>\n3. Edgar Geovanny Torres (GTM\/Hino-One-La Red) a 0:09<br \/>&#13;<br \/>\n4. Bernardo Suaza (COL\/Orgullo Paisa) a 0:10<br \/>&#13;<br \/>\n5. \u00d3scar Santiago Garz\u00f3n (COL\/GW-Erco-Shimano) a 0:13<br \/>&#13;<br \/>\n6. Dylan Jim\u00e9nez (CRC\/7C Economy-Hyundai) a 0:13<br \/>&#13;<br \/>\n7. Melvin Torres (GTM\/Hino-One-La Red) a 0:13<br \/>&#13;<br \/>\n8. Luis Daniel Oses (CRC\/7C-Economy-Hyundai) a 0:32<br \/>&#13;<br \/>\n9. Bryan Raul Obando (ECU\/Movistar-Best PC) a 02:12<br \/>&#13;<br \/>\n10. Fredy Orlando Toc (GTM\/ECA Electricidad Ciclismo) a 4:05<br \/>&#13;<br \/>\n11. Edwin Sam (GTM\/Decoraba\u00f1os-Bantrab) a 4:48<br \/>&#13;<br \/>\n12. Juan Felipe Osorio (COL\/Orgullo Paisa) a 5:03<br \/>&#13;<br \/>\n13. Juan Diego Alba (COL\/Nu Colombia) a 5:15<br \/>&#13;<br \/>\n14. Sebasti\u00e1n Calder\u00f3n (CRC\/7C-Economy-Hyundai) a 5:27<br \/>&#13;<br \/>\n15. Carlos MacPherson (MEX\/Olinka-Specialized) a 5:28<br \/>&#13;<br \/>\n16. Robinson Fabi\u00e1n L\u00f3pez (COL\/GW-Erco-Shimano) a 5:43<br \/>&#13;<br \/>\n17. Rodrigo Contreras (COL\/Nu Colombia) a 5:46<br \/>&#13;<br \/>\n18. Juan Mardoqueo V\u00e1squez (GTM\/Hino-One-La Red) a 5:50<br \/>&#13;<br \/>\n19. Yesid Albeiro Pira (COL\/Hino-One-La Red) a 5:50<br \/>&#13;<br \/>\n20. Danny Osorio (COL\/Cer\u00e1micas Castelli-\u00d3pticas Deluxe) a 5:55<br \/>&#13;<br \/>\n21. Santiago Montenegro (ECU\/Movistar-Best PC) a 5:59<br \/>&#13;<br \/>\n22. Gabriel Francisco Rojas (CRC\/Manzat\u00e9-La Selva-Scott) a 6:03<br \/>&#13;<br \/>\n23. Julio A. Ispache (GTM\/Decoraba\u00f1os-Bantrab) a 6:03<br \/>&#13;<br \/>\n24. Max Gonz\u00e1lez (GTM\/Asoc. San Marcos-Acredicom) a 6:03<br \/>&#13;<br \/>\n25. \u00c1ngel Gil (COL\/Canel&#8217;s-Java) a 6:03<br \/>&#13;<br \/>\n26. C\u00e9sar Nicol\u00e1s Paredes (COL\/Hino-One-La Red) a 6:03<br \/>&#13;<br \/>\n27. Jos\u00e9 Ram\u00f3n Mu\u00f1iz (MEX\/Olinka-Specialized) a 6:11<br \/>&#13;<br \/>\n28. Gerson Toc (GTM\/ECA Electricidad Ciclismo) a 6:15<br \/>&#13;<br \/>\n29. Heiner Rodrigo Parra (COL\/Canel&#8217;s-Java) a 6:22<br \/>&#13;<br \/>\n30. Ulises Alfredo Castillo (MEX\/Olinka-Specialized) a 6:27<br \/>&#13;<br \/>\n31. Juan Pablo Rend\u00f3n (COL\/Orgullo Paisa) a 6:32<\/p>\n<p>M\u00e1s en breve.<\/p>\n<p>&#13;<br \/>\n&#13;<br \/>\n&#13;<br \/>\nEsCiclismo &#8211; Todos los derechos reservados. Est\u00e1 prohibido todo tipo de reproducci\u00f3n sin autorizaci\u00f3n expresa escrita.<br \/>&#13;<br \/>\n&#13;<\/p>\n<blockquote class=\"style-3\"><p>\ud83d\udce3<\/p>\n<p>Sigue toda la actualidad del mundo del ciclismo en nuestros canales de <a href=\"https:\/\/bit.ly\/WhatsappEsCiclismo\" target=\"_blank\" rel=\"noopener nofollow\"><b>WhatsApp<\/b><\/a> y <a href=\"https:\/\/bit.ly\/EsciclismoTelegram\" target=\"_blank\" rel=\"noopener nofollow\"><b>Telegram<\/b><\/a>, donde recibiras las noticias m\u00e1s destacadas.<\/p>\n<\/blockquote>\n","protected":false},"excerpt":{"rendered":"&#13; &#13; &#13; &#13; &#13; EsCiclismo.com \u00b7 Competici\u00f3n Carretera \u00b7 25\/10\/2025 \u00c9stas son las clasificaciones completas de la&hellip;\n","protected":false},"author":2,"featured_media":200922,"comment_status":"","ping_status":"","sticky":false,"template":"","format":"standard","meta":{"footnotes":""},"categories":[273],"tags":[313,12652,55199,312,168,2197,25,24,53841,314,23,167,1357],"class_list":{"0":"post-200921","1":"post","2":"type-post","3":"status-publish","4":"format-standard","5":"has-post-thumbnail","7":"category-ciclismo","8":"tag-ciclismo","9":"tag-clasificaciones","10":"tag-completas","11":"tag-cycling","12":"tag-deportes","13":"tag-edicion","14":"tag-es","15":"tag-espana","16":"tag-estas","17":"tag-etapa","18":"tag-spain","19":"tag-sports","20":"tag-vuelta"},"share_on_mastodon":{"url":"https:\/\/pubeurope.com\/@es\/115437258919057989","error":""},"_links":{"self":[{"href":"https:\/\/www.europesays.com\/es\/wp-json\/wp\/v2\/posts\/200921","targetHints":{"allow":["GET"]}}],"collection":[{"href":"https:\/\/www.europesays.com\/es\/wp-json\/wp\/v2\/posts"}],"about":[{"href":"https:\/\/www.europesays.com\/es\/wp-json\/wp\/v2\/types\/post"}],"author":[{"embeddable":true,"href":"https:\/\/www.europesays.com\/es\/wp-json\/wp\/v2\/users\/2"}],"replies":[{"embeddable":true,"href":"https:\/\/www.europesays.com\/es\/wp-json\/wp\/v2\/comments?post=200921"}],"version-history":[{"count":0,"href":"https:\/\/www.europesays.com\/es\/wp-json\/wp\/v2\/posts\/200921\/revisions"}],"wp:featuredmedia":[{"embeddable":true,"href":"https:\/\/www.europesays.com\/es\/wp-json\/wp\/v2\/media\/200922"}],"wp:attachment":[{"href":"https:\/\/www.europesays.com\/es\/wp-json\/wp\/v2\/media?parent=200921"}],"wp:term":[{"taxonomy":"category","embeddable":true,"href":"https:\/\/www.europesays.com\/es\/wp-json\/wp\/v2\/categories?post=200921"},{"taxonomy":"post_tag","embeddable":true,"href":"https:\/\/www.europesays.com\/es\/wp-json\/wp\/v2\/tags?post=200921"}],"curies":[{"name":"wp","href":"https:\/\/api.w.org\/{rel}","templated":true}]}}