{"id":200925,"date":"2025-10-25T22:54:09","date_gmt":"2025-10-25T22:54:09","guid":{"rendered":"https:\/\/www.europesays.com\/es\/200925\/"},"modified":"2025-10-25T22:54:09","modified_gmt":"2025-10-25T22:54:09","slug":"las-pistas-en-muy-mal-estado-tras-el-partido-del-filial-del-salamanca-uds","status":"publish","type":"post","link":"https:\/\/www.europesays.com\/es\/200925\/","title":{"rendered":"Las Pistas, en muy mal estado tras el partido del filial del Salamanca UDS"},"content":{"rendered":"<p><img fetchpriority=\"high\" class=\"v-a-img\" src=\"https:\/\/www.europesays.com\/es\/wp-content\/uploads\/2025\/10\/WhatsApp Image 2025-10-25 at 18.42.03-RyAS40uaGGvY5xsaubzlZsJ-1200x840@Gaceta Salamanca.jpeg\" loading=\"eager\" decoding=\"async\" alt=\"Acci\u00f3n de ataque del filial del Salamanca UDS, sobre el maltrecho c\u00e9sped de Las Pistas.\"  width=\"1200\" height=\"840\"\/><\/p>\n<p>Acci\u00f3n de ataque del filial del Salamanca UDS, sobre el maltrecho c\u00e9sped de Las Pistas.          LAYA        <\/p>\n<p>El barro toma el terreno de juego donde el primer equipo recibe en horas a la Gimn\u00e1stica Segoviana, especialmente en las \u00e1reas<\/p>\n<p class=\"v-mdl-ath__p v-mdl-ath__p--6\">\nS\u00e1bado, 25 de octubre 2025, 19:08<\/p>\n<p class=\"v-p\">Jorge Garc\u00eda y \u00c1lvaro Boyero pudieron comprobar este s\u00e1bado, de primera mano, el (mal) estado en que ha quedado el c\u00e9sped de Las Pistas, escenario del duelo de la octava jornada de Liga en el Grupo 1 de la Segunda Federaci\u00f3n entre el Salamanca UDS y la Gimn\u00e1stica Segoviana, que se disputar\u00e1 en la matinal de este domingo (12:00 horas). En este sentido, <a href=\"https:\/\/www.lagacetadesalamanca.es\/deportes\/futbol-local\/salamancauds\/jorge-garcia-quiere-hablar-helmantico-club-sabe-20251024101937-nt.html\" target=\"_blank\" data-voc-vtm-id=\"in-text-traffic\" title=\"la preocupaci\u00f3n expresada por el preparador blanquinegro en la rueda de prensa previa al duelo frente al club de La Albuera\" data-mrf-link=\"www.lagacetadesalamanca.es\" rel=\"nofollow noopener\">la preocupaci\u00f3n expresada por el preparador blanquinegro en la rueda de prensa previa al duelo frente al club de La Albuera<\/a> se confirm\u00f3: <strong>el c\u00e9sped no ha podido soportar, como parec\u00eda l\u00f3gico, las intensas precipitaciones registradas<\/strong> a lo largo de toda la jornada del s\u00e1bado<strong> y la disputa del encuentro del filial frente a la SD Ponferradina B<\/strong> (2-0 para los blanquinegros, con goles de Mulas y Manu Vigo).<\/p>\n<p class=\"v-p\"><strong>Las caras del cuerpo t\u00e9cnico del primer equipo<\/strong> \u2014pero tambi\u00e9n del director general, Rafael Due\u00f1as, quien pidi\u00f3 una excepci\u00f3n al convenio firmado con el Consistorio, propietario del recinto, para que el partido de este s\u00e1bado se jugara ah\u00ed\u2014 <strong>fueron el reflejo de la preocupaci\u00f3n<\/strong>. Especialmente por el estado de <strong>las \u00e1reas, muy embarradas<\/strong>. Pero no solo eso, ya que los<strong> resbalones fueron una constante<\/strong> durante todo el partido, al igual que <strong>el lodo aflorando en la superficie<\/strong> en cada disputa de bal\u00f3n dividido.<\/p>\n<p>Reporta un error<\/p>\n","protected":false},"excerpt":{"rendered":"Acci\u00f3n de ataque del filial del Salamanca UDS, sobre el maltrecho c\u00e9sped de Las Pistas. LAYA El barro&hellip;\n","protected":false},"author":2,"featured_media":200926,"comment_status":"","ping_status":"","sticky":false,"template":"","format":"standard","meta":{"footnotes":""},"categories":[268],"tags":[168,25,24,693,6077,280,282,4627,1045,15316,3614,281,23,167,575],"class_list":{"0":"post-200925","1":"post","2":"type-post","3":"status-publish","4":"format-standard","5":"has-post-thumbnail","7":"category-futbol","8":"tag-deportes","9":"tag-es","10":"tag-espana","11":"tag-estado","12":"tag-filial","13":"tag-football","14":"tag-futbol","15":"tag-mal","16":"tag-partido","17":"tag-pistas","18":"tag-salamanca","19":"tag-soccer","20":"tag-spain","21":"tag-sports","22":"tag-tras"},"share_on_mastodon":{"url":"https:\/\/pubeurope.com\/@es\/115437271013521751","error":""},"_links":{"self":[{"href":"https:\/\/www.europesays.com\/es\/wp-json\/wp\/v2\/posts\/200925","targetHints":{"allow":["GET"]}}],"collection":[{"href":"https:\/\/www.europesays.com\/es\/wp-json\/wp\/v2\/posts"}],"about":[{"href":"https:\/\/www.europesays.com\/es\/wp-json\/wp\/v2\/types\/post"}],"author":[{"embeddable":true,"href":"https:\/\/www.europesays.com\/es\/wp-json\/wp\/v2\/users\/2"}],"replies":[{"embeddable":true,"href":"https:\/\/www.europesays.com\/es\/wp-json\/wp\/v2\/comments?post=200925"}],"version-history":[{"count":0,"href":"https:\/\/www.europesays.com\/es\/wp-json\/wp\/v2\/posts\/200925\/revisions"}],"wp:featuredmedia":[{"embeddable":true,"href":"https:\/\/www.europesays.com\/es\/wp-json\/wp\/v2\/media\/200926"}],"wp:attachment":[{"href":"https:\/\/www.europesays.com\/es\/wp-json\/wp\/v2\/media?parent=200925"}],"wp:term":[{"taxonomy":"category","embeddable":true,"href":"https:\/\/www.europesays.com\/es\/wp-json\/wp\/v2\/categories?post=200925"},{"taxonomy":"post_tag","embeddable":true,"href":"https:\/\/www.europesays.com\/es\/wp-json\/wp\/v2\/tags?post=200925"}],"curies":[{"name":"wp","href":"https:\/\/api.w.org\/{rel}","templated":true}]}}