{"id":200961,"date":"2025-10-25T23:21:12","date_gmt":"2025-10-25T23:21:12","guid":{"rendered":"https:\/\/www.europesays.com\/es\/200961\/"},"modified":"2025-10-25T23:21:12","modified_gmt":"2025-10-25T23:21:12","slug":"asi-luce-hoy-susan-boyle-la-mujer-que-conquisto-got-talent-hace-16-anos-con-su-imponente-voz-2","status":"publish","type":"post","link":"https:\/\/www.europesays.com\/es\/200961\/","title":{"rendered":"As\u00ed luce hoy Susan Boyle, la mujer que conquist\u00f3 Got Talent hace 16 a\u00f1os con su imponente voz"},"content":{"rendered":"<p class=\"mb-4 text-lg md:leading-8 break-words\">M\u00e1s de quince a\u00f1os despu\u00e9s de aquella audici\u00f3n que la convirti\u00f3 en un fen\u00f3meno global, <a href=\"https:\/\/www.lanacion.com.ar\/lifestyle\/era-ama-de-casa-deslumbro-con-su-voz-en-un-reality-y-se-hizo-millonaria-asi-esta-hoy-susan-boyle-nid01042022\/\" rel=\"nofollow noopener\" target=\"_blank\" data-ylk=\"slk:Susan Boyle (64) volvi\u00f3 a los titulares de todo el mundo;elm:context_link;itc:0;sec:content-canvas\" class=\"link \">Susan Boyle (64) volvi\u00f3 a los titulares de todo el mundo<\/a>. La cantante reapareci\u00f3 en la alfombra roja de los <b>Pride of Britain Awards<\/b> con un look completamente distinto al que la hizo reconocible en 2009.<\/p>\n<p class=\"mb-4 text-lg md:leading-8 break-words\">En su cuenta de Instagram, la artista comparti\u00f3 un \u00e1lbum de fotos del evento, en el que expres\u00f3 su emoci\u00f3n por <b>\u201chomenajear a tantas personas verdaderamente inspiradoras\u201d<\/b>. Las im\u00e1genes sorprendieron a sus seguidores, que no tardaron en llenar la publicaci\u00f3n de comentarios.<\/p>\n<p class=\"mb-4 text-lg md:leading-8 break-words\">Muchos elogiaron su corte de pelo hasta los hombros, alisado y en color rubio, muy diferente a como sol\u00eda usarlo a\u00f1os atr\u00e1s. <b>\u201cTe ves hermosa Susan\u201d, \u201cTe ves hermosa y tu cabello se ve fabuloso tambi\u00e9n\u201d <\/b>y <b>\u201cLuciendo absolutamente hermosa&#8230; y un conjunto tan hermoso\u201d<\/b>, fueron solo algunos de ellos.<\/p>\n<p><img alt=\"As\u00ed luce hoy Susan Boyle (Foto: Instagram\/@susanboylemusic)\" loading=\"lazy\" width=\"540\" height=\"720\" decoding=\"async\" data-nimg=\"1\" class=\"rounded-lg\" style=\"color:transparent\" src=\"https:\/\/www.europesays.com\/es\/wp-content\/uploads\/2025\/10\/147b75a8bd40938ab2e8f8c6be1f9f5c.jpeg\"\/><\/p>\n<p>As\u00ed luce hoy Susan Boyle (Foto: Instagram\/@susanboylemusic)<\/p>\n<p class=\"mb-4 text-lg md:leading-8 break-words\">Susan Boyle naci\u00f3 el 1 de abril de 1961 en West Lothian y creci\u00f3 en Blackburn, Escocia, como la menor de nueve hermanos. Su infancia estuvo marcada por la timidez, las burlas y dificultades de aprendizaje. Pero, todo cambi\u00f3 en 2009 cuando<b> se anim\u00f3 a audicionar para la tercera temporada de<\/b><b> Britain\u2019s Got Talent<\/b><b> y eligi\u00f3 interpretar \u201cI Dreamed a Dream\u201d del musical <\/b><b>Les Mis\u00e9rables<\/b>.<\/p>\n<p class=\"mb-4 text-lg md:leading-8 break-words\">Lo que comenz\u00f3 como una presentaci\u00f3n humilde<b> termin\u00f3 con una ovaci\u00f3n de pie <\/b>y una de las escenas m\u00e1s virales en la historia de la televisi\u00f3n brit\u00e1nica. Aunque no gan\u00f3 el certamen,<b> su vida dio un giro radical <\/b>con la publicaci\u00f3n de su primer \u00e1lbum, I Dreamed a Dream, lanzado en noviembre de 2009, el cual vendi\u00f3 m\u00e1s de 10 millones de copias en todo el mundo.<\/p>\n<p><img alt=\"Susan Boyle tiene 64 a\u00f1os (Foto: Instagram\/@susanboylemusic)\" loading=\"lazy\" width=\"540\" height=\"720\" decoding=\"async\" data-nimg=\"1\" class=\"rounded-lg\" style=\"color:transparent\" src=\"https:\/\/www.europesays.com\/es\/wp-content\/uploads\/2025\/10\/bfcc8bb48bbfada61a7a2ef0b25c7fc6.jpeg\"\/><\/p>\n<p>Susan Boyle tiene 64 a\u00f1os (Foto: Instagram\/@susanboylemusic)<\/p>\n<p class=\"mb-4 text-lg md:leading-8 break-words\">Este fue el puntapi\u00e9 para consagrarse como una gran artista y a lo largo de una d\u00e9cada public\u00f3 varios discos y super\u00f3 los 25 millones de ventas globales. Tambi\u00e9n <b>inspir\u00f3 un musical sobre su vida<\/b> y fue invitada por el entonces presidente Barack Obama a cantar en el D\u00eda de la Independencia de los Estados Unidos. Aunque su \u00e9xito fue arrollador, siempre mantuvo un perfil bajo, nunca dej\u00f3 su casa familiar de Blackburn y<b> se mostr\u00f3 siempre fiel a sus ra\u00edces<\/b>. De hecho, durante un tiempo se alej\u00f3 de los flashes.<\/p>\n<p><img alt=\"Susan Boyle sorprendi\u00f3 con su nuevo look en la alfombra de los premios Pride Britain Awards\" loading=\"lazy\" width=\"810\" height=\"1080\" decoding=\"async\" data-nimg=\"1\" class=\"rounded-lg\" style=\"color:transparent\" src=\"https:\/\/www.europesays.com\/es\/wp-content\/uploads\/2025\/10\/4d185df1a7115391cd303865fb5cb8ca.jpeg\"\/><\/p>\n<p>Susan Boyle sorprendi\u00f3 con su nuevo look en la alfombra de los premios Pride Britain Awards &#8211; Cr\u00e9ditos: @(Foto: Instagram @susanboylemusic)<\/p>\n<p class=\"mb-4 text-lg md:leading-8 break-words\">En 2013 fue diagnosticada con s\u00edndrome de Asperger, lo que le permiti\u00f3 comprender mejor los desaf\u00edos que enfrent\u00f3 durante su vida. <b>\u201cNadie me lo dijo. Pens\u00e9 que ten\u00eda una enfermedad m\u00e1s grave y que no pod\u00eda funcionar correctamente\u201d<\/b>, cont\u00f3 en declaraciones a The Guardian en aquel momento. Adem\u00e1s, habl\u00f3 p\u00fablicamente sobre su diabetes tipo 2 y el impacto que tuvo la fama repentina tras a\u00f1os de anonimato.<\/p>\n<p><img alt=\"En el evento la cantante pudo compartir tiempo con algunos de sus amigos del ambiente art\u00edstico\" loading=\"lazy\" width=\"810\" height=\"1080\" decoding=\"async\" data-nimg=\"1\" class=\"rounded-lg\" style=\"color:transparent\" src=\"https:\/\/www.europesays.com\/es\/wp-content\/uploads\/2025\/10\/5b7898b266bec6267fb20ef704f62628.jpeg\"\/><\/p>\n<p>En el evento la cantante pudo compartir tiempo con algunos de sus amigos del ambiente art\u00edstico &#8211; Cr\u00e9ditos: @(Foto: Instagram @susanboylemusic)<\/p>\n<p class=\"mb-4 text-lg md:leading-8 break-words\">Pero, uno de los dolores m\u00e1s fuertes para la artista fue haberse vuelto exitosa meses despu\u00e9s de que su madre muriera, ya que ambas eran muy unidas y durante toda su infancia fue quien la impuls\u00f3 a seguir su pasi\u00f3n.<\/p>\n<p><img alt=\"Susan Boyle tiene ahora 64 a\u00f1os\" loading=\"lazy\" width=\"768\" height=\"512\" decoding=\"async\" data-nimg=\"1\" class=\"rounded-lg\" style=\"color:transparent\" src=\"https:\/\/www.europesays.com\/es\/wp-content\/uploads\/2025\/10\/de6ce7b2796368deeaee8d1712800379.jpeg\"\/><\/p>\n<p>Susan Boyle tiene ahora 64 a\u00f1os &#8211; Cr\u00e9ditos: @Archivo<\/p>\n<p class=\"mb-4 text-lg md:leading-8 break-words\">\u201c<b>Le promet\u00ed a mi madre que har\u00eda algo con mi vida. Espiritualmente, ella est\u00e1 conmigo todo el tiempo<\/b>. S\u00e9 que ella habl\u00f3 con alguien de arriba porque de lo contrario no habr\u00eda tenido esto\u201d, asegur\u00f3 para dar a entender que desde el m\u00e1s all\u00e1 su mam\u00e1 la habr\u00eda ayudado a triunfar en todo lo que se propusiera.<\/p>\n","protected":false},"excerpt":{"rendered":"M\u00e1s de quince a\u00f1os despu\u00e9s de aquella audici\u00f3n que la convirti\u00f3 en un fen\u00f3meno global, Susan Boyle (64)&hellip;\n","protected":false},"author":2,"featured_media":200962,"comment_status":"","ping_status":"","sticky":false,"template":"","format":"standard","meta":{"footnotes":""},"categories":[171],"tags":[360,146,147,25,24,55205,55204,23,55188,214],"class_list":{"0":"post-200961","1":"post","2":"type-post","3":"status-publish","4":"format-standard","5":"has-post-thumbnail","7":"category-tv","8":"tag-el-mundo","9":"tag-entertainment","10":"tag-entretenimiento","11":"tag-es","12":"tag-espana","13":"tag-historia-de-la-television","14":"tag-pride-of-britain-awards","15":"tag-spain","16":"tag-susan-boyle","17":"tag-tv"},"share_on_mastodon":{"url":"https:\/\/pubeurope.com\/@es\/115437377038904877","error":""},"_links":{"self":[{"href":"https:\/\/www.europesays.com\/es\/wp-json\/wp\/v2\/posts\/200961","targetHints":{"allow":["GET"]}}],"collection":[{"href":"https:\/\/www.europesays.com\/es\/wp-json\/wp\/v2\/posts"}],"about":[{"href":"https:\/\/www.europesays.com\/es\/wp-json\/wp\/v2\/types\/post"}],"author":[{"embeddable":true,"href":"https:\/\/www.europesays.com\/es\/wp-json\/wp\/v2\/users\/2"}],"replies":[{"embeddable":true,"href":"https:\/\/www.europesays.com\/es\/wp-json\/wp\/v2\/comments?post=200961"}],"version-history":[{"count":0,"href":"https:\/\/www.europesays.com\/es\/wp-json\/wp\/v2\/posts\/200961\/revisions"}],"wp:featuredmedia":[{"embeddable":true,"href":"https:\/\/www.europesays.com\/es\/wp-json\/wp\/v2\/media\/200962"}],"wp:attachment":[{"href":"https:\/\/www.europesays.com\/es\/wp-json\/wp\/v2\/media?parent=200961"}],"wp:term":[{"taxonomy":"category","embeddable":true,"href":"https:\/\/www.europesays.com\/es\/wp-json\/wp\/v2\/categories?post=200961"},{"taxonomy":"post_tag","embeddable":true,"href":"https:\/\/www.europesays.com\/es\/wp-json\/wp\/v2\/tags?post=200961"}],"curies":[{"name":"wp","href":"https:\/\/api.w.org\/{rel}","templated":true}]}}