{"id":201020,"date":"2025-10-26T00:17:15","date_gmt":"2025-10-26T00:17:15","guid":{"rendered":"https:\/\/www.europesays.com\/es\/201020\/"},"modified":"2025-10-26T00:17:15","modified_gmt":"2025-10-26T00:17:15","slug":"belen-esteban-recuerda-el-dia-en-el-que-se-quedo-sin-bragas","status":"publish","type":"post","link":"https:\/\/www.europesays.com\/es\/201020\/","title":{"rendered":"Bel\u00e9n Esteban recuerda el d\u00eda en el que se qued\u00f3 sin bragas"},"content":{"rendered":"<p><strong>Bel\u00e9n Esteban<\/strong> ha sido durante a\u00f1os uno de los rostros m\u00e1s conocidos de la televisi\u00f3n y una de las personalidades m\u00e1s queridas por el p\u00fablico; <a href=\"https:\/\/okdiario.com\/look\/actualidad\/belen-esteban-arremete-toni-moreno-palabras-jesulin-2396615\" rel=\"nofollow noopener\" target=\"_blank\">su idilio con Jesul\u00edn de Ubrique la catapult\u00f3 a la fama y fruto de la relaci\u00f3n naci\u00f3 Andrea Janeiro Esteban<\/a>, su \u00fanica hija. Pero igual que se gan\u00f3 \u00abel cari\u00f1o de toda esta gente\u00bb, seg\u00fan sus propias palabras, tambi\u00e9n tuvo que lidiar con sus detractores.<\/p>\n<p>A ra\u00edz del robo que ha sufrido Iker Casillas, la de Paracuellos del Jarama ha recordado en el programa No somos nadie, conducido por Mar\u00eda Pati\u00f1o en el canal TEN, que ella sufri\u00f3 algo parecido hace m\u00e1s de 20 a\u00f1os, cuando su popularidad estaba en el punto m\u00e1s \u00e1lgido. \u00abRecuerdo una vez que robaron en mi casa y <strong>se llevaron todas mis bragas<\/strong>\u00bb, desliz\u00f3, \u00aby hasta <strong>10 gafas de sol<\/strong>\u00bb, apunt\u00f3. Un hecho que sorprendi\u00f3 e inund\u00f3 de miedo a la colaboradora a partes iguales. Pero que se llevaran estos enseres no fue lo m\u00e1s duro para la televisiva: \u00abLo que m\u00e1s me doli\u00f3 fue que se llevaron las joyas que me dej\u00f3 mi abuela\u00bb, sentenci\u00f3. Se trata de un hecho que sucedi\u00f3 hace mucho tiempo cuando se encontraba de viaje en Miami visitando a algunos miembros de su familia.<\/p>\n<p>\n<img decoding=\"async\" loading=\"lazy\" class=\"size-medium wp-image-2348406\" alt=\"Bel\u00e9n Esteban en La Graciosa. (Foto: Gtres)\" width=\"620\" height=\"349\"  src=\"https:\/\/www.europesays.com\/es\/wp-content\/uploads\/2025\/10\/placeholder.jpg\"  bad-src=\"https:\/\/www.europesays.com\/es\/wp-content\/uploads\/2025\/10\/placeholder.jpg\"\/><\/p>\n<p><img decoding=\"async\" loading=\"lazy\" class=\"size-medium wp-image-2348406\" src=\"https:\/\/www.europesays.com\/es\/wp-content\/uploads\/2025\/10\/u496475_057-1-620x349.jpg\" alt=\"Bel\u00e9n Esteban en La Graciosa. (Foto: Gtres)\" width=\"620\" height=\"349\"  \/><\/p>\n<p> Bel\u00e9n Esteban en La Graciosa. (Foto: Gtres)\n<\/p>\n<p>Despu\u00e9s de este traum\u00e1tico episodio, Esteban tom\u00f3 la decisi\u00f3n de vender todo lo que ten\u00eda \u2014o m\u00e1s bien lo que le hab\u00edan dejado\u2014 y no atesorar objetos de valor en su casa, en la que asegura \u00abno tiene nada de valor\u00bb. De la misma manera, ha deslizado que ya no tiene caja fuerte en casa. Tambi\u00e9n confes\u00f3 que hubo un tiempo que tuvo miedo y, aunque afirma que <strong>sabe perfectamente qui\u00e9nes fueron los autores<\/strong>, prefiere callarse ya que no quiere problemas. \u00abFue alguien que me hizo algo en mi casa.\u00a0 No puedo decir nada. <strong>Sali\u00f3 hasta en el telediario de Antena 3<\/strong> porque\u00a0hubo detenciones. No quiero hablar porque es gente de mi pueblo\u00bb, dijo para sentenciar el asunto.<\/p>\n<p>\n<img decoding=\"async\" loading=\"lazy\" class=\"size-medium wp-image-2268321\" alt=\"Bel\u00e9n Esteban en un evento en Madrid. (Foto: Gtres)\" width=\"620\" height=\"349\"  src=\"https:\/\/www.europesays.com\/es\/wp-content\/uploads\/2025\/10\/placeholder.jpg\"  bad-src=\"https:\/\/www.europesays.com\/es\/wp-content\/uploads\/2025\/10\/placeholder.jpg\"\/><\/p>\n<p><img decoding=\"async\" loading=\"lazy\" class=\"size-medium wp-image-2268321\" src=\"https:\/\/www.europesays.com\/es\/wp-content\/uploads\/2025\/10\/u580259_050-1-620x349.jpg\" alt=\"Bel\u00e9n Esteban en un evento en Madrid. (Foto: Gtres)\" width=\"620\" height=\"349\"  \/><\/p>\n<p> Bel\u00e9n Esteban en un evento en Madrid. (Foto: Gtres)\n<\/p>\n<p>El robo a Iker Casillas<\/p>\n<p>El afamado ex futbolista del Real Madrid, seg\u00fan ha trascendido, ha sufrido un robo en su domicilio de Pozuelo de Alarc\u00f3n, en Madrid. Todo se desencaden\u00f3 despu\u00e9s de que el referido diera la voz de alarma porque algo hab\u00eda cambiado en su <strong>colecci\u00f3n de relojes de alta gama<\/strong>, guardada bajo llave en una caja fuerte a la que ten\u00edan acceso personas muy concretas. No hab\u00eda cerraduras forzadas ni hab\u00edan saltado las alarmas, por eso todos los focos se centraron en su asistenta del hogar \u2014que conoc\u00eda la clave\u2014 y en la pareja de esta.<\/p>\n<p>\n<img decoding=\"async\" loading=\"lazy\" class=\"size-medium wp-image-2245232\" alt=\"Iker Casillas, Iker Casillas novias,\" width=\"620\" height=\"349\"  src=\"https:\/\/www.europesays.com\/es\/wp-content\/uploads\/2025\/10\/placeholder.jpg\"  bad-src=\"https:\/\/www.europesays.com\/es\/wp-content\/uploads\/2025\/10\/placeholder.jpg\"\/><\/p>\n<p><img decoding=\"async\" loading=\"lazy\" class=\"size-medium wp-image-2245232\" src=\"https:\/\/www.europesays.com\/es\/wp-content\/uploads\/2025\/10\/iker-casillas-1-620x349.jpg\" alt=\"Iker Casillas, Iker Casillas novias,\" width=\"620\" height=\"349\"  \/><\/p>\n<p> Iker Casillas en un evento. (Foto: Gtres)\n<\/p>\n<p>El saqueo se estar\u00eda realizando mediante una depurada t\u00e9cnica que, seg\u00fan se ha podido saber a trav\u00e9s de diferentes informaciones, habr\u00eda consistido en cambiar las <strong>piezas de los relojes de lujo por otras id\u00e9nticas de calidades menores<\/strong>. Este hecho hace que, visualmente, los cambios puedan ser <strong>imperceptibles<\/strong>. Pero s\u00ed que se pueden ver reflejados en el funcionamiento de la pieza, en el peso, en el color o el brillo, que ha sido, a todas luces, lo que ha alertado al que fuera portero del equipo blanco de la capital de Espa\u00f1a.<\/p>\n","protected":false},"excerpt":{"rendered":"Bel\u00e9n Esteban ha sido durante a\u00f1os uno de los rostros m\u00e1s conocidos de la televisi\u00f3n y una de&hellip;\n","protected":false},"author":2,"featured_media":160110,"comment_status":"","ping_status":"","sticky":false,"template":"","format":"standard","meta":{"footnotes":""},"categories":[5],"tags":[7904,17,18,25,24,13,14,11,19,20,9,10,15,16,23,12,21,22],"class_list":{"0":"post-201020","1":"post","2":"type-post","3":"status-publish","4":"format-standard","5":"has-post-thumbnail","7":"category-titulares","8":"tag-belen-esteban","9":"tag-breaking-news","10":"tag-breakingnews","11":"tag-es","12":"tag-espana","13":"tag-featured-news","14":"tag-featurednews","15":"tag-headlines","16":"tag-latest-news","17":"tag-latestnews","18":"tag-news","19":"tag-noticias","20":"tag-noticias-destacadas","21":"tag-noticiasdestacadas","22":"tag-spain","23":"tag-titulares","24":"tag-ultimas-noticias","25":"tag-ultimasnoticias"},"share_on_mastodon":{"url":"https:\/\/pubeurope.com\/@es\/115437597283258547","error":""},"_links":{"self":[{"href":"https:\/\/www.europesays.com\/es\/wp-json\/wp\/v2\/posts\/201020","targetHints":{"allow":["GET"]}}],"collection":[{"href":"https:\/\/www.europesays.com\/es\/wp-json\/wp\/v2\/posts"}],"about":[{"href":"https:\/\/www.europesays.com\/es\/wp-json\/wp\/v2\/types\/post"}],"author":[{"embeddable":true,"href":"https:\/\/www.europesays.com\/es\/wp-json\/wp\/v2\/users\/2"}],"replies":[{"embeddable":true,"href":"https:\/\/www.europesays.com\/es\/wp-json\/wp\/v2\/comments?post=201020"}],"version-history":[{"count":0,"href":"https:\/\/www.europesays.com\/es\/wp-json\/wp\/v2\/posts\/201020\/revisions"}],"wp:featuredmedia":[{"embeddable":true,"href":"https:\/\/www.europesays.com\/es\/wp-json\/wp\/v2\/media\/160110"}],"wp:attachment":[{"href":"https:\/\/www.europesays.com\/es\/wp-json\/wp\/v2\/media?parent=201020"}],"wp:term":[{"taxonomy":"category","embeddable":true,"href":"https:\/\/www.europesays.com\/es\/wp-json\/wp\/v2\/categories?post=201020"},{"taxonomy":"post_tag","embeddable":true,"href":"https:\/\/www.europesays.com\/es\/wp-json\/wp\/v2\/tags?post=201020"}],"curies":[{"name":"wp","href":"https:\/\/api.w.org\/{rel}","templated":true}]}}