{"id":201027,"date":"2025-10-26T00:27:13","date_gmt":"2025-10-26T00:27:13","guid":{"rendered":"https:\/\/www.europesays.com\/es\/201027\/"},"modified":"2025-10-26T00:27:13","modified_gmt":"2025-10-26T00:27:13","slug":"los-gemeliers-hablan-de-la-relacion-de-carlo-costaniza-y-mar-flores-son-una-y-carne","status":"publish","type":"post","link":"https:\/\/www.europesays.com\/es\/201027\/","title":{"rendered":"Los Gemeliers hablan de la relaci\u00f3n de Carlo Costaniza y Mar Flores: \u00abSon u\u00f1a y carne\u201d"},"content":{"rendered":"<p data-journey-content=\"true\" data-node-id=\"3\" class=\"css-6wxqfj emevuu60\">Los Gemeliers han roto su silencio ante los rumores que apuntaban a una mala relaci\u00f3n entre<a href=\"https:\/\/www.diezminutos.es\/famosos-corazon\/famosos-espanoles\/a69002989\/carlo-costanzia-acusaciones-malos-tratos-mar-flores-de-viernes\/\" target=\"_blank\" data-vars-ga-outbound-link=\"https:\/\/www.diezminutos.es\/famosos-corazon\/famosos-espanoles\/a69002989\/carlo-costanzia-acusaciones-malos-tratos-mar-flores-de-viernes\/\" data-vars-ga-ux-element=\"Hyperlink\" data-vars-ga-call-to-action=\" Carlo Costanzia y Mar Flores \" data-node-id=\"3.1\" class=\"body-link css-177bzfx emevuu60\" rel=\"nofollow noopener\"> Carlo Costanzia y Mar Flores <\/a>durante las grabaciones de DecoMasters, el programa en el que participan juntos. Hemos visto algunas de las im\u00e1genes de las grabaciones de este concurso en el que <a href=\"https:\/\/www.diezminutos.es\/famosos-corazon\/famosos-espanoles\/a68128591\/mar-flores-hijo-carlo-costanzia-buena-relacion-fotos-complicidad-grabacion-decomasters\/\" target=\"_blank\" data-vars-ga-outbound-link=\"https:\/\/www.diezminutos.es\/famosos-corazon\/famosos-espanoles\/a68128591\/mar-flores-hijo-carlo-costanzia-buena-relacion-fotos-complicidad-grabacion-decomasters\/\" data-vars-ga-ux-element=\"Hyperlink\" data-vars-ga-call-to-action=\"madre e hijo participan en pareja\" data-node-id=\"3.3\" class=\"body-link css-177bzfx emevuu60\" rel=\"nofollow noopener\">madre e hijo participan en pareja<\/a>, y tanto uno como otro han querido <a href=\"https:\/\/www.diezminutos.es\/famosos-corazon\/famosos-espanoles\/a68128591\/mar-flores-hijo-carlo-costanzia-buena-relacion-fotos-complicidad-grabacion-decomasters\/\" target=\"_blank\" data-vars-ga-outbound-link=\"https:\/\/www.diezminutos.es\/famosos-corazon\/famosos-espanoles\/a68128591\/mar-flores-hijo-carlo-costanzia-buena-relacion-fotos-complicidad-grabacion-decomasters\/\" data-vars-ga-ux-element=\"Hyperlink\" data-vars-ga-call-to-action=\"estar alejados en los descansos\" data-node-id=\"3.5\" class=\"body-link css-177bzfx emevuu60\" rel=\"nofollow noopener\">estar alejados en los descansos<\/a>, pero parece que esto no es la t\u00f3nica general de su relaci\u00f3n. Tal y como apuntaba <a href=\"https:\/\/www.diezminutos.es\/teleprograma\/programas-tv\/a67484224\/decomasters-eduardo-navarrete-como-trabajan-mar-flores-carlo-costanzia\/\" target=\"_blank\" data-vars-ga-outbound-link=\"https:\/\/www.diezminutos.es\/teleprograma\/programas-tv\/a67484224\/decomasters-eduardo-navarrete-como-trabajan-mar-flores-carlo-costanzia\/\" data-vars-ga-ux-element=\"Hyperlink\" data-vars-ga-call-to-action=\"Eduardo Navarrete hace unos d\u00edas\" data-node-id=\"3.7\" class=\"body-link css-177bzfx emevuu60\" rel=\"nofollow noopener\">Eduardo Navarrete hace unos d\u00edas<\/a>, lejos de esa versi\u00f3n, los hermanos han sido tajantes: \u201cEs totalmente falso. <strong data-node-id=\"3.9\">Se quieren un mont\u00f3n, tienen buena complicidad.<\/strong> Lo vais a ver en el programa. Son u\u00f1a y carne, de verdad\u201d.<\/p>\n<p><img draggable=\"true\" alt=\"gemeliers\" title=\"gemeliers\" loading=\"lazy\" width=\"2200\" height=\"1467\" decoding=\"async\" data-nimg=\"1\" style=\"color:transparent;width:100%;height:auto;\"   src=\"https:\/\/www.europesays.com\/es\/wp-content\/uploads\/2025\/10\/gemeliers-68fce5e883d62.jpg\" class=\"css-0 e1g79fud0\"\/><\/p>\n<p>Gtres\u200b<\/p>\n<p data-journey-content=\"true\" data-node-id=\"7\" class=\"css-6wxqfj emevuu60\">El d\u00fao, que ha pausado su gira musical para centrarse en este nuevo formato televisivo, ha asegurado que el v\u00ednculo entre Carlo y Mar va mucho m\u00e1s all\u00e1 de lo profesional: \u201cSe llaman todos los d\u00edas. <strong data-node-id=\"7.1\">\u2018Mira mam\u00e1, que tengo el mood work\u2019, se cuentan todo.<\/strong> De verdad, es muy fuerte la relaci\u00f3n tan cercana que tienen\u201d. Niegan, adem\u00e1s, que Carlo haya pensado en abandonar: \u201cNo, eso no es verdad. Para nada\u201d.<\/p>\n<p>Halagos a Isa Pantoja y pulla indirecta al drama Rivera-Rosales<\/p>\n<p data-journey-content=\"true\" data-node-id=\"10\" class=\"css-6wxqfj emevuu60\">Tambi\u00e9n junto a ellos participan <a href=\"https:\/\/diezminutos.es\/isa-pantoja\" target=\"_blank\" data-node-id=\"10.1\" class=\"css-177bzfx emevuu60\" rel=\"nofollow noopener\">Isa Pantoja<\/a> y Asraf Beno, quieren parece que han conquistado a todos sus compa\u00f1eros. Y es que los hermanos han descrito a la hija de Isabel Pantoja como \u201cuna m\u00e1quina impresionante\u201d, <a href=\"https:\/\/www.diezminutos.es\/famosos-corazon\/famosos-espanoles\/a65234634\/primera-imagen-cairo-hijo-isa-pantoja\/\" target=\"_blank\" data-vars-ga-outbound-link=\"https:\/\/www.diezminutos.es\/famosos-corazon\/famosos-espanoles\/a65234634\/primera-imagen-cairo-hijo-isa-pantoja\/\" data-vars-ga-ux-element=\"Hyperlink\" data-vars-ga-call-to-action=\"especialmente tras haber sido madre\" data-node-id=\"10.3\" class=\"body-link css-177bzfx emevuu60\" rel=\"nofollow noopener\">especialmente tras haber sido madre<\/a>. \u201cCon lo chiquitita que es, y venga con el rodillo para arriba y para abajo. <strong data-node-id=\"10.5\">Se escapa los fines de semana a ver al beb\u00e9. Es brutal<\/strong>\u201d. <\/p>\n<p data-journey-content=\"true\" data-node-id=\"14\" class=\"css-6wxqfj emevuu60\">Los Gemeliers se muestran felices con esta etapa televisiva: \u201c<strong data-node-id=\"14.1\">Hemos parado la gira porque esto nos est\u00e1 encantando<\/strong>. No sab\u00edamos que se nos iba a dar tan bien\u201d, confiesan.<\/p>\n<p><img src=\"https:\/\/www.europesays.com\/es\/wp-content\/uploads\/2025\/10\/1761438433_428_323095e3-d675-4360-ad79-c3a735f161a1_1681830139.file\" alt=\"Headshot of Aroa D\u00edaz\" title=\"Headshot of Aroa D\u00edaz\" width=\"100%\" height=\"100%\" decoding=\"async\" loading=\"lazy\" class=\"css-o0wq4v ev8dhu53\"\/><\/p>\n<p>Aroa D\u00edaz es experta en realities, televisi\u00f3n y actualidad en general. No hay momento del d\u00eda en el que no tenga encendida la televisi\u00f3n conociendo los \u00faltimos desvelos de los famosos, disfrutando de los realities como Supervivientes o de los concursos m\u00e1s rocambolescos. Las \u00faltimas novedades de los famosos del coraz\u00f3n son su perdici\u00f3n y la actualidad de las Casas Reales, su gran pasi\u00f3n. \u00a0\u00a0<\/p>\n<p>En sus ratos libres disfruta de las pel\u00edculas y series de moda, y bucea por los cat\u00e1logos de las plataformas de podcast buscando nuevas entrevistas y charlas de famosos.<\/p>\n<p>Adem\u00e1s, no ha parado de formarse en todos los aspectos convirti\u00e9ndose en una periodista 360: locuci\u00f3n, doblaje, grabaci\u00f3n de v\u00eddeo, periodismo m\u00f3vil, producci\u00f3n de podcast y SEO. Actualmente est\u00e1 form\u00e1ndose en el M\u00e1ster universitario de Periodismo y Comunicaci\u00f3n Digital: Datos y Nuevas Narrativas de la UOC.<\/p>\n<p>Graduada en periodismo por la Universidad Rey Juan Carlos, no ha parado de trabajar desde que obtuvo su t\u00edtulo all\u00e1 por el 2013. Despu\u00e9s de un breve impass en Palma de Mallorca, volvi\u00f3 a Legan\u00e9s donde arranc\u00f3 su experiencia con Legan\u00e9s Activo. En este tiempo he pasado por las redacciones de varios medios recayendo finalmente en Hearst Espa\u00f1a (Telenovela, Qu\u00e9 me dices y Diez Minutos). Tambi\u00e9n tiene experiencia en diferentes radios. \u00a0<\/p>\n","protected":false},"excerpt":{"rendered":"Los Gemeliers han roto su silencio ante los rumores que apuntaban a una mala relaci\u00f3n entre Carlo Costanzia&hellip;\n","protected":false},"author":2,"featured_media":201028,"comment_status":"","ping_status":"","sticky":false,"template":"","format":"standard","meta":{"footnotes":""},"categories":[174],"tags":[255,253,146,147,25,24,256,23],"class_list":{"0":"post-201027","1":"post","2":"type-post","3":"status-publish","4":"format-standard","5":"has-post-thumbnail","7":"category-famosos","8":"tag-celebrities","9":"tag-discover","10":"tag-entertainment","11":"tag-entretenimiento","12":"tag-es","13":"tag-espana","14":"tag-famosos","15":"tag-spain"},"share_on_mastodon":{"url":"https:\/\/pubeurope.com\/@es\/115437636724248787","error":""},"_links":{"self":[{"href":"https:\/\/www.europesays.com\/es\/wp-json\/wp\/v2\/posts\/201027","targetHints":{"allow":["GET"]}}],"collection":[{"href":"https:\/\/www.europesays.com\/es\/wp-json\/wp\/v2\/posts"}],"about":[{"href":"https:\/\/www.europesays.com\/es\/wp-json\/wp\/v2\/types\/post"}],"author":[{"embeddable":true,"href":"https:\/\/www.europesays.com\/es\/wp-json\/wp\/v2\/users\/2"}],"replies":[{"embeddable":true,"href":"https:\/\/www.europesays.com\/es\/wp-json\/wp\/v2\/comments?post=201027"}],"version-history":[{"count":0,"href":"https:\/\/www.europesays.com\/es\/wp-json\/wp\/v2\/posts\/201027\/revisions"}],"wp:featuredmedia":[{"embeddable":true,"href":"https:\/\/www.europesays.com\/es\/wp-json\/wp\/v2\/media\/201028"}],"wp:attachment":[{"href":"https:\/\/www.europesays.com\/es\/wp-json\/wp\/v2\/media?parent=201027"}],"wp:term":[{"taxonomy":"category","embeddable":true,"href":"https:\/\/www.europesays.com\/es\/wp-json\/wp\/v2\/categories?post=201027"},{"taxonomy":"post_tag","embeddable":true,"href":"https:\/\/www.europesays.com\/es\/wp-json\/wp\/v2\/tags?post=201027"}],"curies":[{"name":"wp","href":"https:\/\/api.w.org\/{rel}","templated":true}]}}