{"id":201039,"date":"2025-10-26T00:35:33","date_gmt":"2025-10-26T00:35:33","guid":{"rendered":"https:\/\/www.europesays.com\/es\/201039\/"},"modified":"2025-10-26T00:35:33","modified_gmt":"2025-10-26T00:35:33","slug":"los-zapatos-destalonados-con-tacon-medio-comodo-de-la-princesa-leonor","status":"publish","type":"post","link":"https:\/\/www.europesays.com\/es\/201039\/","title":{"rendered":"Los zapatos destalonados con tac\u00f3n medio c\u00f3modo de la princesa Leonor"},"content":{"rendered":"<p>Si algo sabe la <a href=\"https:\/\/www.glamour.es\/galerias\/princesa-leonor-mejores-looks\" rel=\"nofollow noopener\" target=\"_blank\"><strong>princesa Leonor<\/strong><\/a> en materia de estilo, es conseguir un buen equilibrio entre elegancia y comodidad. Y hoy, vi\u00e9ndola llegar al Teatro Campoamor de Oviedo para la ceremonia de entrega de los <a href=\"https:\/\/www.glamour.es\/galerias\/princesa-leonor-looks-premios-princesa-asturias\" rel=\"nofollow noopener\" target=\"_blank\">Premios Princesa de Asturias<\/a>, hemos vuelto a tener este pensamiento. En la misma cita, el a\u00f1o pasado, <a href=\"https:\/\/www.glamour.es\/articulos\/princesa-leonor-tacones-traje-chaqueta-oviedo\" rel=\"nofollow noopener\" target=\"_blank\">prefiri\u00f3 un traje de chaqueta<\/a> minimalista donde hoy vemos un vestido brocado de H&amp;M a medio camino entre el marr\u00f3n chocolate de moda y un favorecedor tono berenjena. Pero si en 2024 se decant\u00f3 por los tacones trompeta de moda, este 2025 ha tocado un perfil de zapato m\u00e1s cl\u00e1sico. Y sin embargo, ambos guardan una similitud: la relaci\u00f3n entre formalidad, altura media y sencillez es la misma. De hecho, esta ma\u00f1ana para encontrarse con los premiados, <a href=\"https:\/\/www.glamour.es\/articulos\/leonor-chaqueta-reina-homenaje-armani-concierto-premios-princesa-asturias\" rel=\"nofollow noopener\" target=\"_blank\">eligi\u00f3 un estilismo muy sobrio<\/a>, con chaqueta de Armani, que ocultaba tambi\u00e9n unos zapatos de estas caracter\u00edsticas. As\u00ed que podemos afirmar que su f\u00f3rmula es constante y bien afinada.<\/p>\n<p><img decoding=\"async\" alt=\"La princesa Leonor a su llegada a los Premios Princesa de Asturias 2025\" loading=\"lazy\" class=\"ResponsiveImageContainer-eNxvmU cfBbTk responsive-image__image\"   src=\"https:\/\/www.europesays.com\/es\/wp-content\/uploads\/2025\/10\/DL_u593587_102.jpg\"\/><\/p>\n<p>La princesa Leonor a su llegada a los Premios Princesa de Asturias 2025.\u00a9 Gtres Online\/Chema Clares<\/p>\n<p>Podr\u00edamos a\u00f1adir tambi\u00e9n que resulta perfecta para combinar con su vestido ladylike. Una creaci\u00f3n con cuello a la caja, mangas abullonadas y voluminosa falda que tiene un punto retro. Por eso, precisamente, estos zapatos con ciertas reminiscencias tambi\u00e9n vintage son ideales para maridar con el dise\u00f1o. Y no s\u00f3lo eso: tambi\u00e9n se trata de un accesorio al que podr\u00edamos sacar partido con decenas de piezas diferentes. Pues aunque tienen un acabado ligeramente satinado, el color negro y el corte los hace sumamente ponibles y f\u00e1ciles de llevar en diferentes ocasiones. Tanto que nos los imaginamos hasta con <a href=\"https:\/\/www.glamour.es\/moda\/tendencias\/articulos\/diccionario-denim-conoces-la-diferencia-entre-los-mom-jeans-frayed-jeans-crop-flare-jeans\/22495\" rel=\"nofollow noopener\" target=\"_blank\">vaqueros<\/a>. Y la altura media del tac\u00f3n hace que, aunque sea fino, no resulte dif\u00edcil de soportar.<\/p>\n<p><img decoding=\"async\" alt=\"La princesa Leonor a su llegada a los Premios Princesa de Asturias 2025\" loading=\"lazy\" class=\"ResponsiveImageContainer-eNxvmU cfBbTk responsive-image__image\"   src=\"https:\/\/www.europesays.com\/es\/wp-content\/uploads\/2025\/10\/DL_u593587_062.jpg\"\/><\/p>\n<p>\u00a9 Gtres Online\/Chema Clares<\/p>\n","protected":false},"excerpt":{"rendered":"Si algo sabe la princesa Leonor en materia de estilo, es conseguir un buen equilibrio entre elegancia y&hellip;\n","protected":false},"author":2,"featured_media":201040,"comment_status":"","ping_status":"","sticky":false,"template":"","format":"standard","meta":{"footnotes":""},"categories":[91],"tags":[146,147,25,24,811,23],"class_list":{"0":"post-201039","1":"post","2":"type-post","3":"status-publish","4":"format-standard","5":"has-post-thumbnail","7":"category-entretenimiento","8":"tag-entertainment","9":"tag-entretenimiento","10":"tag-es","11":"tag-espana","12":"tag-princesa-leonor","13":"tag-spain"},"share_on_mastodon":{"url":"https:\/\/pubeurope.com\/@es\/115437668733312015","error":""},"_links":{"self":[{"href":"https:\/\/www.europesays.com\/es\/wp-json\/wp\/v2\/posts\/201039","targetHints":{"allow":["GET"]}}],"collection":[{"href":"https:\/\/www.europesays.com\/es\/wp-json\/wp\/v2\/posts"}],"about":[{"href":"https:\/\/www.europesays.com\/es\/wp-json\/wp\/v2\/types\/post"}],"author":[{"embeddable":true,"href":"https:\/\/www.europesays.com\/es\/wp-json\/wp\/v2\/users\/2"}],"replies":[{"embeddable":true,"href":"https:\/\/www.europesays.com\/es\/wp-json\/wp\/v2\/comments?post=201039"}],"version-history":[{"count":0,"href":"https:\/\/www.europesays.com\/es\/wp-json\/wp\/v2\/posts\/201039\/revisions"}],"wp:featuredmedia":[{"embeddable":true,"href":"https:\/\/www.europesays.com\/es\/wp-json\/wp\/v2\/media\/201040"}],"wp:attachment":[{"href":"https:\/\/www.europesays.com\/es\/wp-json\/wp\/v2\/media?parent=201039"}],"wp:term":[{"taxonomy":"category","embeddable":true,"href":"https:\/\/www.europesays.com\/es\/wp-json\/wp\/v2\/categories?post=201039"},{"taxonomy":"post_tag","embeddable":true,"href":"https:\/\/www.europesays.com\/es\/wp-json\/wp\/v2\/tags?post=201039"}],"curies":[{"name":"wp","href":"https:\/\/api.w.org\/{rel}","templated":true}]}}