{"id":201043,"date":"2025-10-26T00:40:14","date_gmt":"2025-10-26T00:40:14","guid":{"rendered":"https:\/\/www.europesays.com\/es\/201043\/"},"modified":"2025-10-26T00:40:14","modified_gmt":"2025-10-26T00:40:14","slug":"politica-veterana-de-izquierda-gana-la-presidencia-de-irlanda-por-abrumadora-mayoria","status":"publish","type":"post","link":"https:\/\/www.europesays.com\/es\/201043\/","title":{"rendered":"Pol\u00edtica veterana de izquierda gana la Presidencia de Irlanda por abrumadora mayor\u00eda"},"content":{"rendered":"<p>      Dubl\u00edn<br \/>\n      Reuters<br \/>\n        \u00a0\u2014\u00a0<\/p>\n<p class=\"paragraph inline-placeholder vossi-paragraph\" data-uri=\"es.cms.cnn.com\/_components\/paragraph\/instances\/cmh6imu8b000r27npbfxoco6q@published\" data-editable=\"text\" data-component-name=\"paragraph\" data-article-gutter=\"true\">\n            Catherine Connolly, una legisladora veterana identificada con la izquierda del espectro pol\u00edtico irland\u00e9s, fue elegida presidenta este s\u00e1bado por un amplio margen, en lo que se interpret\u00f3 como una se\u00f1al de descontento hacia la coalici\u00f3n de centroderecha recientemente reelegida.\n    <\/p>\n<p class=\"paragraph inline-placeholder vossi-paragraph\" data-uri=\"es.cms.cnn.com\/_components\/paragraph\/instances\/cmh6o0enq0000356npqdofawx@published\" data-editable=\"text\" data-component-name=\"paragraph\" data-article-gutter=\"true\">\n            Connolly, de 68 a\u00f1os, cr\u00edtica de larga data de la Uni\u00f3n Europea en una Irlanda mayoritariamente a favor de la UE y respaldada por la oposici\u00f3n de izquierda, no era una figura ampliamente conocida y fue subestimada por muchos al inicio de la contienda por el cargo, que es mayormente ceremonial.\n    <\/p>\n<p class=\"paragraph inline-placeholder vossi-paragraph\" data-uri=\"es.cms.cnn.com\/_components\/paragraph\/instances\/cmh6o50n30008356ngotlnvh8@published\" data-editable=\"text\" data-component-name=\"paragraph\" data-article-gutter=\"true\">\n            La candidata independiente gan\u00f3 impulso a medida que avanzaba la campa\u00f1a, entusiasm\u00f3 a los votantes m\u00e1s j\u00f3venes y fue elegida con el 63,4 % de los votos. La otra candidata, la exministra Heather Humphreys, obtuvo el 29,5 %.\n    <\/p>\n<p class=\"paragraph inline-placeholder vossi-paragraph\" data-uri=\"es.cms.cnn.com\/_components\/paragraph\/instances\/cmh6o5zxy000d356nrfw47uyw@published\" data-editable=\"text\" data-component-name=\"paragraph\" data-article-gutter=\"true\">\n            \u201cSer\u00e9 una presidenta que escucha, que reflexiona y que habla cuando es necesario. Juntos podemos formar una nueva rep\u00fablica que valore a todos\u201d, dijo Connolly en un discurso en el Castillo de Dubl\u00edn.\n    <\/p>\n<p class=\"paragraph inline-placeholder vossi-paragraph\" data-uri=\"es.cms.cnn.com\/_components\/paragraph\/instances\/cmh6j5eg50008356ndq8lawa3@published\" data-editable=\"text\" data-component-name=\"paragraph\" data-article-gutter=\"true\">\n            El presidente de Irlanda es principalmente una figura simb\u00f3lica, con poderes limitados que rara vez se utilizan para revisar la constitucionalidad de la legislaci\u00f3n, pero que a menudo representa al pa\u00eds en el escenario internacional y recibe a otros jefes de Estado.\n    <\/p>\n<p class=\"paragraph inline-placeholder vossi-paragraph\" data-uri=\"es.cms.cnn.com\/_components\/paragraph\/instances\/cmh6j5eg50009356n2s4u481s@published\" data-editable=\"text\" data-component-name=\"paragraph\" data-article-gutter=\"true\">\n            Muchas de las opiniones de Connolly \u2014como su oposici\u00f3n a los planes de la UE para incrementar el gasto militar y sus cuestionamientos a la confiabilidad de Estados Unidos, Reino Unido y Francia respecto a la guerra en Gaza\u2014 se consideran m\u00e1s a la izquierda que las de muchos partidos que la respaldan, as\u00ed como del actual presidente, Michael D. Higgins.\n    <\/p>\n<p class=\"paragraph inline-placeholder vossi-paragraph\" data-uri=\"es.cms.cnn.com\/_components\/paragraph\/instances\/cmh6j5eg5000d356ncuzn5uvq@published\" data-editable=\"text\" data-component-name=\"paragraph\" data-article-gutter=\"true\">\n            \ufeffLa expsic\u00f3loga cl\u00ednica y abogada es tambi\u00e9n una de las principales voces propalestinas en el parlamento, una postura compartida por el Gobierno y la mayor\u00eda de los votantes.\n    <\/p>\n<p class=\"paragraph inline-placeholder vossi-paragraph\" data-uri=\"es.cms.cnn.com\/_components\/paragraph\/instances\/cmh6o9e0n000v356ncdc32lb5@published\" data-editable=\"text\" data-component-name=\"paragraph\" data-article-gutter=\"true\">\n            Aunque Connolly fue vicepresidenta de la c\u00e1mara baja irlandesa tras ser elegida por primera vez en 2016, su victoria es vista como parte de la tendencia reciente de elegir a presidentes independientes, valorando los principios y valores personales de los candidatos.\n    <\/p>\n<p>       <img decoding=\"async\" src=\"https:\/\/www.europesays.com\/es\/wp-content\/uploads\/2025\/10\/irlanda-20251025172450574.png\" alt=\"El recuento tendr\u00e1 lugar en Dubl\u00edn, Irlanda, el 25 de octubre.\" class=\"image__dam-img image__dam-img--loading\" onload=\"this.classList.remove('image__dam-img--loading')\" onerror=\"imageLoadError(this)\" height=\"807\" width=\"1201\" loading=\"lazy\"\/><\/p>\n<p class=\"paragraph inline-placeholder vossi-paragraph\" data-uri=\"es.cms.cnn.com\/_components\/paragraph\/instances\/cmh6j5eg5000f356nfjhcokxa@published\" data-editable=\"text\" data-component-name=\"paragraph\" data-article-gutter=\"true\">\n            Tambi\u00e9n se benefici\u00f3 de las p\u00e9simas campa\u00f1as de la coalici\u00f3n de centroderecha recientemente reelegida. Humphreys fue seleccionada apresuradamente despu\u00e9s de que la primera candidata elegida por Fine Gael se retir\u00f3 por enfermedad. El candidato de Fianna F\u00e1il, el exentrenador de f\u00fatbol ga\u00e9lico Jim Gavin, abandon\u00f3 su candidatura al principio debido a un esc\u00e1ndalo financiero.\n    <\/p>\n<p class=\"paragraph inline-placeholder vossi-paragraph\" data-uri=\"es.cms.cnn.com\/_components\/paragraph\/instances\/cmh6obnlg0012356n0ckn7hhf@published\" data-editable=\"text\" data-component-name=\"paragraph\" data-article-gutter=\"true\">\n            El resultado represent\u00f3 un avance para la oposici\u00f3n de izquierda, anteriormente dividida y liderada por Sinn Fein, que busca formar un bloque capaz de desafiar el prolongado dominio de los partidos de centroderecha.\n    <\/p>\n<p class=\"paragraph inline-placeholder vossi-paragraph\" data-uri=\"es.cms.cnn.com\/_components\/paragraph\/instances\/cmh6of3hf001a356nvhx8dl05@published\" data-editable=\"text\" data-component-name=\"paragraph\" data-article-gutter=\"true\">\n            Analistas pol\u00edticos advierten que lograr cohesi\u00f3n entre los partidos de izquierda ser\u00e1 m\u00e1s dif\u00edcil en una elecci\u00f3n parlamentaria, prevista antes de 2030. Una encuesta de Ireland Thinks realizada el d\u00eda de la votaci\u00f3n indic\u00f3 que solo el 51 % de los votantes de Connolly respaldar\u00eda una alianza de izquierda.\n    <\/p>\n<p class=\"paragraph inline-placeholder vossi-paragraph\" data-uri=\"es.cms.cnn.com\/_components\/paragraph\/instances\/cmh6of3hf001b356nrkafu6lh@published\" data-editable=\"text\" data-component-name=\"paragraph\" data-article-gutter=\"true\">\n            La l\u00edder del Partido Laborista, Ivana Bacik, se\u00f1al\u00f3 este s\u00e1bado que su partido de centroizquierda tendr\u00eda reservas respecto a una coalici\u00f3n encabezada por Sinn Fein.\n    <\/p>\n<p class=\"paragraph inline-placeholder vossi-paragraph\" data-uri=\"es.cms.cnn.com\/_components\/paragraph\/instances\/cmh6of3hf001c356nuq57qkjk@published\" data-editable=\"text\" data-component-name=\"paragraph\" data-article-gutter=\"true\">\n            Un 13 % de los votantes anul\u00f3 su voto, en parte como protesta organizada por simpatizantes de un activista conservador que no logr\u00f3 reunir el apoyo necesario de representantes electos para aparecer en la papeleta.\n    <\/p>\n<p class=\"paragraph inline-placeholder vossi-paragraph\" data-uri=\"es.cms.cnn.com\/_components\/paragraph\/instances\/cmh6of3hf001d356n0p12ydg3@published\" data-editable=\"text\" data-component-name=\"paragraph\" data-article-gutter=\"true\">\n            El primer ministro Micheal Martin expres\u00f3 que el Gobierno est\u00e1 dispuesto a considerar reformas en el proceso de nombramiento.\n    <\/p>\n","protected":false},"excerpt":{"rendered":"Dubl\u00edn Reuters \u00a0\u2014\u00a0 Catherine Connolly, una legisladora veterana identificada con la izquierda del espectro pol\u00edtico irland\u00e9s, fue elegida&hellip;\n","protected":false},"author":2,"featured_media":201044,"comment_status":"","ping_status":"","sticky":false,"template":"","format":"standard","meta":{"footnotes":""},"categories":[5],"tags":[17,18,4374,25,24,13,14,11,2908,19,20,9,10,15,16,14107,23,12,21,22],"class_list":{"0":"post-201043","1":"post","2":"type-post","3":"status-publish","4":"format-standard","5":"has-post-thumbnail","7":"category-titulares","8":"tag-breaking-news","9":"tag-breakingnews","10":"tag-elecciones","11":"tag-es","12":"tag-espana","13":"tag-featured-news","14":"tag-featurednews","15":"tag-headlines","16":"tag-irlanda","17":"tag-latest-news","18":"tag-latestnews","19":"tag-news","20":"tag-noticias","21":"tag-noticias-destacadas","22":"tag-noticiasdestacadas","23":"tag-presidenta","24":"tag-spain","25":"tag-titulares","26":"tag-ultimas-noticias","27":"tag-ultimasnoticias"},"share_on_mastodon":{"url":"https:\/\/pubeurope.com\/@es\/115437688562642693","error":""},"_links":{"self":[{"href":"https:\/\/www.europesays.com\/es\/wp-json\/wp\/v2\/posts\/201043","targetHints":{"allow":["GET"]}}],"collection":[{"href":"https:\/\/www.europesays.com\/es\/wp-json\/wp\/v2\/posts"}],"about":[{"href":"https:\/\/www.europesays.com\/es\/wp-json\/wp\/v2\/types\/post"}],"author":[{"embeddable":true,"href":"https:\/\/www.europesays.com\/es\/wp-json\/wp\/v2\/users\/2"}],"replies":[{"embeddable":true,"href":"https:\/\/www.europesays.com\/es\/wp-json\/wp\/v2\/comments?post=201043"}],"version-history":[{"count":0,"href":"https:\/\/www.europesays.com\/es\/wp-json\/wp\/v2\/posts\/201043\/revisions"}],"wp:featuredmedia":[{"embeddable":true,"href":"https:\/\/www.europesays.com\/es\/wp-json\/wp\/v2\/media\/201044"}],"wp:attachment":[{"href":"https:\/\/www.europesays.com\/es\/wp-json\/wp\/v2\/media?parent=201043"}],"wp:term":[{"taxonomy":"category","embeddable":true,"href":"https:\/\/www.europesays.com\/es\/wp-json\/wp\/v2\/categories?post=201043"},{"taxonomy":"post_tag","embeddable":true,"href":"https:\/\/www.europesays.com\/es\/wp-json\/wp\/v2\/tags?post=201043"}],"curies":[{"name":"wp","href":"https:\/\/api.w.org\/{rel}","templated":true}]}}