{"id":201125,"date":"2025-10-26T02:34:09","date_gmt":"2025-10-26T02:34:09","guid":{"rendered":"https:\/\/www.europesays.com\/es\/201125\/"},"modified":"2025-10-26T02:34:09","modified_gmt":"2025-10-26T02:34:09","slug":"como-es-el-gerald-r-ford-el-superportaviones-con-el-que-trump-amenaza-a-maduro-y-al-narco","status":"publish","type":"post","link":"https:\/\/www.europesays.com\/es\/201125\/","title":{"rendered":"C\u00f3mo es el Gerald R. Ford, el superportaviones con el que Trump amenaza a Maduro y al narco"},"content":{"rendered":"<p style=\"\">El <strong>mayor barco de guerra jam\u00e1s creado est\u00e1 ya rumbo al continente americano<\/strong>. El portaviones Gerald R. Ford, <strong>la joya de la Armada<\/strong> de <a href=\"https:\/\/www.abc.es\/noticias\/estados-unidos\/\" title=\"www.abc.es\" data-voc-vtm-id=\"in-text-traffic\" data-mrf-link=\"www.abc.es\" rel=\"nofollow noopener\" target=\"_blank\">EE.UU.<\/a>, se ha convertido en el s\u00edmbolo de la presi\u00f3n militar que <a href=\"https:\/\/www.abc.es\/noticias\/donald-trump\/\" title=\"www.abc.es\" data-voc-vtm-id=\"in-text-traffic\" data-mrf-link=\"www.abc.es\" rel=\"nofollow noopener\" target=\"_blank\">Donald Trump<\/a> ha puesto sobre  &#8230; los c\u00e1rteles de la droga y contra el r\u00e9gimen al que responsabiliza de parte del narcotr\u00e1fico, el de <a href=\"https:\/\/www.abc.es\/noticias\/nicolas-maduro\/\" title=\"www.abc.es\" data-voc-vtm-id=\"in-text-traffic\" data-mrf-link=\"www.abc.es\" rel=\"nofollow noopener\" target=\"_blank\">Nicol\u00e1s Maduro<\/a> en <a href=\"https:\/\/www.abc.es\/noticias\/venezuela\/\" title=\"www.abc.es\" data-voc-vtm-id=\"in-text-traffic\" data-mrf-link=\"www.abc.es\" rel=\"nofollow noopener\" target=\"_blank\">Venezuela<\/a>.<\/p>\n<p class=\"voc-p\" style=\"\">En medio de una campa\u00f1a de<strong> ataques a narcolanchas en mar abierto por parte del ej\u00e9rcito de EE.UU.<\/strong>, y entre advertencias de Trump de que podr\u00edan hacer lo mismo con objetivos terrestres, el despliegue del Gerald R. Ford y de la escuadra de ataque que le acompa\u00f1an es una de las mayores muestras de m\u00fasculo militar que puede hacer la primera potencia mundial.<\/p>\n<p class=\"voc-p\" style=\"\">El Gerald R. Ford es el primer producto de la \u00faltima generaci\u00f3n de portaviones de EE.UU., que lleva el nombre de aquel presidente de paso fugaz por la Casa Blanca \u2013asumi\u00f3 la presidencia por la dimisi\u00f3n de Richard Nixon y no logr\u00f3 la reelecci\u00f3n\u2013 pero muy vinculado a la Armada: sirvi\u00f3 en un portaviones durante la Segunda Guerra Mundial, en el teatro del Pac\u00edfico.<\/p>\n<p class=\"voc-p\" style=\"\">La nave<strong> es una isla flotante<\/strong>, con una longitud equivalente a tres campos de f\u00fatbol y que desplaza un peso de 100.000 toneladas. Todo eso lo mueven dos reactores nucleares, que ponen al portaviones en una velocidad de 30 nudos \u201355 kil\u00f3metros por hora\u2013 con facilidad. A ese ritmo, puede cubrir 1.200 kil\u00f3metros en un d\u00eda de navegaci\u00f3n. <\/p>\n<p class=\"voc-p\" style=\"\">En sus tripas se aloja una peque\u00f1a ciudad, una comunidad de <strong>m\u00e1s de 4.500 marineros<\/strong>. El Gerald R. Ford empez\u00f3 a surcar los oc\u00e9anos en 2017 \u2013fue el propio Trump quien le dio la bienvenida al servicio poco despu\u00e9s de comenzar su primer mandato\u2013 y se espera que tenga una vida de 50 a\u00f1os. Se calcula que tuvo un coste de unos 13.000 millones de d\u00f3lares.<\/p>\n<p class=\"voc-p\" style=\"\">Pero, m\u00e1s que por su tama\u00f1o, el Gerald R. Ford es un monstruo de los mares por su poder\u00edo militar. En la cubierta puede alojar hasta noventa aviones. Ahora mismo en ella descansan cuatro escuadrones de F\/A-18 Super Hornets, cazas de combate avanzados; un escuadr\u00f3n de una variante de los Super Hornet que tienen la capacidad de inhabilitar las comunicaciones de los enemigos; dos escuadrones de helic\u00f3pteros de ataque, con capacidad incluso para torpedear submarinos; naves de vigilancia E-2 Hawkeye y aviones de transporte. <\/p>\n<p class=\"voc-p\" style=\"\">Adem\u00e1s, el Gerald R. Ford es la cabeza de un escuadr\u00f3n de ataque con su mismo nombre en el que se incluyen cinco buques destructores para monitorear y atacar amenazas enemigas, equipados con misiles de todo tipo, incluidos los poderosos Tomahawks, adem\u00e1s de otros buques de apoyo. En ocasiones, le acompa\u00f1a un submarino de ataque.<\/p>\n<p class=\"voc-p\" style=\"\">La base del Gerald R. Ford est\u00e1 en la base naval de Norfolk, en Virginia, la mayor de EE.UU. Pero ahora mismo se encontraba desplegado en Croacia, donde <strong>desarrolla maniobras militares con aliados de la OTAN<\/strong>. El portaaviones ha navegado las inmediaciones de la costa espa\u00f1ola en varias ocasiones desde el pasado verano, para salvar en varias ocasiones el Estrecho de Gibraltar. Ahora cruza el Atl\u00e1ntico, en medio de la guerra declarada por Trump contra un enemigo m\u00e1s diminuto que jam\u00e1s pudo imaginar el Gerald R. Ford, las narcolanchas. Pero dentro tambi\u00e9n de una escalada militar en el Caribe \u2013entre tensiones con Venezuela y Colombia\u2013 de futuro incierto.<\/p>\n","protected":false},"excerpt":{"rendered":"El mayor barco de guerra jam\u00e1s creado est\u00e1 ya rumbo al continente americano. El portaviones Gerald R. Ford,&hellip;\n","protected":false},"author":2,"featured_media":201126,"comment_status":"","ping_status":"","sticky":false,"template":"","format":"standard","meta":{"footnotes":""},"categories":[42],"tags":[4213,17,18,13,14,2043,55230,11,61,62,63,64,19,20,6413,25983,9,10,15,16,30231,3400,12,936,21,22,65,66,67],"class_list":{"0":"post-201125","1":"post","2":"type-post","3":"status-publish","4":"format-standard","5":"has-post-thumbnail","7":"category-internacional","8":"tag-amenaza","9":"tag-breaking-news","10":"tag-breakingnews","11":"tag-featured-news","12":"tag-featurednews","13":"tag-ford","14":"tag-gerald","15":"tag-headlines","16":"tag-internacional","17":"tag-international","18":"tag-international-news","19":"tag-internationalnews","20":"tag-latest-news","21":"tag-latestnews","22":"tag-maduro","23":"tag-narco","24":"tag-news","25":"tag-noticias","26":"tag-noticias-destacadas","27":"tag-noticiasdestacadas","28":"tag-portaaviones","29":"tag-super","30":"tag-titulares","31":"tag-trump","32":"tag-ultimas-noticias","33":"tag-ultimasnoticias","34":"tag-world","35":"tag-world-news","36":"tag-worldnews"},"share_on_mastodon":{"url":"https:\/\/pubeurope.com\/@es\/115438136343322936","error":""},"_links":{"self":[{"href":"https:\/\/www.europesays.com\/es\/wp-json\/wp\/v2\/posts\/201125","targetHints":{"allow":["GET"]}}],"collection":[{"href":"https:\/\/www.europesays.com\/es\/wp-json\/wp\/v2\/posts"}],"about":[{"href":"https:\/\/www.europesays.com\/es\/wp-json\/wp\/v2\/types\/post"}],"author":[{"embeddable":true,"href":"https:\/\/www.europesays.com\/es\/wp-json\/wp\/v2\/users\/2"}],"replies":[{"embeddable":true,"href":"https:\/\/www.europesays.com\/es\/wp-json\/wp\/v2\/comments?post=201125"}],"version-history":[{"count":0,"href":"https:\/\/www.europesays.com\/es\/wp-json\/wp\/v2\/posts\/201125\/revisions"}],"wp:featuredmedia":[{"embeddable":true,"href":"https:\/\/www.europesays.com\/es\/wp-json\/wp\/v2\/media\/201126"}],"wp:attachment":[{"href":"https:\/\/www.europesays.com\/es\/wp-json\/wp\/v2\/media?parent=201125"}],"wp:term":[{"taxonomy":"category","embeddable":true,"href":"https:\/\/www.europesays.com\/es\/wp-json\/wp\/v2\/categories?post=201125"},{"taxonomy":"post_tag","embeddable":true,"href":"https:\/\/www.europesays.com\/es\/wp-json\/wp\/v2\/tags?post=201125"}],"curies":[{"name":"wp","href":"https:\/\/api.w.org\/{rel}","templated":true}]}}