{"id":201408,"date":"2025-10-26T07:32:07","date_gmt":"2025-10-26T07:32:07","guid":{"rendered":"https:\/\/www.europesays.com\/es\/201408\/"},"modified":"2025-10-26T07:32:07","modified_gmt":"2025-10-26T07:32:07","slug":"los-domingos-la-pelicula-revelacion-que-gustara-a-creyentes-y-ateos-libertad-digital","status":"publish","type":"post","link":"https:\/\/www.europesays.com\/es\/201408\/","title":{"rendered":"&#8216;Los domingos&#8217;, la pel\u00edcula revelaci\u00f3n que gustar\u00e1 a creyentes y ateos &#8211; Libertad Digital"},"content":{"rendered":"<p>La paz de una familia con tradici\u00f3n religiosa se ve sacudida con la <strong>hija de 17 a\u00f1os<\/strong> comunique un d\u00eda que quiere ser monja, <strong>monja de clausura<\/strong> para ser m\u00e1s exactos. As\u00ed empieza <strong>Los domingos, <\/strong>pel\u00edcula de <strong>Alauda Ruiz de Az\u00faa <\/strong>que ha ganado la Concha de Oro del Festival de San Sebasti\u00e1n con este t\u00edtulo.<\/p>\n<p>Todos los miembros de la familia han estudiado en un colegio religioso, el mismo en el que ahora lo hace nuestra protagonista, Ainara. En la pel\u00edcula vamos a asistir a la <strong>reacci\u00f3n de los distintos miembros de la familia<\/strong>: desde el padre (estoico <strong>Miguel Garc\u00e9s<\/strong>), que enviud\u00f3 hace unos a\u00f1os qued\u00e1ndose con tres hijas y que ahora est\u00e1 rehaciendo su vida con otra mujer; la abuela, que siente una tristeza profunda porque sabe que no volver\u00e1 a ver a su nieta; y su t\u00eda (la siempre eficaz <strong>Patricia L\u00f3pez Arnaiz<\/strong>), la que tiene la actitud m\u00e1s beligerante.<\/p>\n<p>Hay que destacar el trabajo que realiza la debutante <strong>Blanca Soroa <\/strong>dando vida a la joven Ainara. Una joven que es feliz, que tiene un grupo de amigas con las que se divierte y que incluso tontea en el colegio con un chico. Pero siente la llamada de Dios.<\/p>\n<p>                            &#13;<br \/>\n    Cr\u00edticas de Cine&#13;<br \/>\n    &#13;<\/p>\n<p>Uno de los aciertos de la pel\u00edcula es abordar el sentimiento religioso desde el <strong>respeto y sin caer en clich\u00e9s <\/strong>manidos y estereotipados.<\/p>\n<p><strong>Pincha en el v\u00eddeo <\/strong>para descubrir m\u00e1s detalles, sin spoilers, de<strong> Los Domingos<\/strong>.<\/p>\n<blockquote>\n<p>T\u00edtulo original: Los domingos<br \/>G\u00e9nero: Drama<br \/>Pa\u00eds: Espa\u00f1a<br \/>A\u00f1o: 2025<br \/>Duraci\u00f3n: 115 minutos<br \/>Director: Alauda Ruiz De Az\u00faa<br \/>Reparto: Blanca Soroa, Patricia L\u00f3pez Arnaiz, Juan Minuj\u00edn, Nagore Aranburu, Mabel Rivera<br \/>Fecha de estreno en Espa\u00f1a: 24 de octubre de 2025<br \/>Distribuidora: BTeam Pictures<\/p>\n<\/blockquote>\n","protected":false},"excerpt":{"rendered":"La paz de una familia con tradici\u00f3n religiosa se ve sacudida con la hija de 17 a\u00f1os comunique&hellip;\n","protected":false},"author":2,"featured_media":201409,"comment_status":"","ping_status":"","sticky":false,"template":"","format":"standard","meta":{"footnotes":""},"categories":[169],"tags":[45071,177,55294,146,147,25,24,30062,176,42910,55295,175,5603,3889,23],"class_list":{"0":"post-201408","1":"post","2":"type-post","3":"status-publish","4":"format-standard","5":"has-post-thumbnail","7":"category-cine","8":"tag-alauda-ruiz-de-azua","9":"tag-cine","10":"tag-concha-de-oro","11":"tag-entertainment","12":"tag-entretenimiento","13":"tag-es","14":"tag-espana","15":"tag-festival-de-san-sebastian","16":"tag-film","17":"tag-los-domingos","18":"tag-monja-de-clausura","19":"tag-movies","20":"tag-religion","21":"tag-sector-del-cine","22":"tag-spain"},"share_on_mastodon":{"url":"https:\/\/pubeurope.com\/@es\/115439307648756728","error":""},"_links":{"self":[{"href":"https:\/\/www.europesays.com\/es\/wp-json\/wp\/v2\/posts\/201408","targetHints":{"allow":["GET"]}}],"collection":[{"href":"https:\/\/www.europesays.com\/es\/wp-json\/wp\/v2\/posts"}],"about":[{"href":"https:\/\/www.europesays.com\/es\/wp-json\/wp\/v2\/types\/post"}],"author":[{"embeddable":true,"href":"https:\/\/www.europesays.com\/es\/wp-json\/wp\/v2\/users\/2"}],"replies":[{"embeddable":true,"href":"https:\/\/www.europesays.com\/es\/wp-json\/wp\/v2\/comments?post=201408"}],"version-history":[{"count":0,"href":"https:\/\/www.europesays.com\/es\/wp-json\/wp\/v2\/posts\/201408\/revisions"}],"wp:featuredmedia":[{"embeddable":true,"href":"https:\/\/www.europesays.com\/es\/wp-json\/wp\/v2\/media\/201409"}],"wp:attachment":[{"href":"https:\/\/www.europesays.com\/es\/wp-json\/wp\/v2\/media?parent=201408"}],"wp:term":[{"taxonomy":"category","embeddable":true,"href":"https:\/\/www.europesays.com\/es\/wp-json\/wp\/v2\/categories?post=201408"},{"taxonomy":"post_tag","embeddable":true,"href":"https:\/\/www.europesays.com\/es\/wp-json\/wp\/v2\/tags?post=201408"}],"curies":[{"name":"wp","href":"https:\/\/api.w.org\/{rel}","templated":true}]}}