{"id":201911,"date":"2025-10-26T14:23:31","date_gmt":"2025-10-26T14:23:31","guid":{"rendered":"https:\/\/www.europesays.com\/es\/201911\/"},"modified":"2025-10-26T14:23:31","modified_gmt":"2025-10-26T14:23:31","slug":"hay-un-detalle-en-esta-foto-de-la-princesa-leonor-en-asturias-que-no-ha-pasado-desapercibido","status":"publish","type":"post","link":"https:\/\/www.europesays.com\/es\/201911\/","title":{"rendered":"Hay un detalle en esta foto de la princesa Leonor en Asturias que no ha pasado desapercibido"},"content":{"rendered":"<p>La princesa Leonor <b>ha vivido unos Premios Princesa de Asturias 2025<\/b>, los\u00a0galardones que suele entregar el heredero a la corona espa\u00f1ola para destacar el trabajo cient\u00edfico, t\u00e9cnico, cultural y social de instituciones, organizaciones y personas, muy especiales. Felipe VI aprovech\u00f3 parte de <a href=\"https:\/\/www.huffingtonpost.es\/virales\/pilar-eyre-escucha-discurso-leonor-claro-pasar-dia.html\" rel=\"nofollow noopener\" target=\"_blank\">su discurso<\/a> para abrir la puerta a \u00ab<a href=\"https:\/\/www.huffingtonpost.es\/politica\/felipe-vi-adelanta-intencion-ir-cediendole-espacio-honor-princesa-leonor.html\" rel=\"nofollow noopener\" target=\"_blank\">ir cedi\u00e9ndole este espacio de honor<\/a>\u00bb a su hija.<\/p>\n<p>La heredera al trono tambi\u00e9n intervino y lo hizo para cerrar el acto, con un discurso que ha sido muy analizado. En gran parte, por <b>la gran cantidad de <a href=\"https:\/\/www.huffingtonpost.es\/life\/influencers-celebrities\/la-sorprendente-reaccion-felipe-letizia-dijo-princesa-leonor-discurso-princesa-asturias.html\" rel=\"nofollow noopener\" target=\"_blank\">reacciones y detalles que dejaron sus padres y su hermana<\/a>, la infanta Sof\u00eda<\/b>.<\/p>\n<p>\u00abOs invito a que asist\u00e1is a este env\u00edo postal de viva voz, a esta comunicaci\u00f3n que evoca el papel y al bol\u00edgrafo entre los premiados y yo. <b>Y lo hago porque aun siendo de la generaci\u00f3n Z, e hija de una de la X y de un boomer<\/b>, me da la sensaci\u00f3n de que una carta permite pararse, profundizar y pensar m\u00e1s\u00bb, se\u00f1al\u00f3.<\/p>\n<p>La princesa Leonor aprovech\u00f3 para dedicar unas palabras, uno por uno, a todos los premiados. En el caso de la tenista estadounidense Serena Williams, Premio Princesa de Asturias de los Deportes, campeona de 23 t\u00edtulos de Grand Slam individuales, aprovech\u00f3 para <a href=\"https:\/\/www.huffingtonpost.es\/virales\/se-ve-claramente-felipe-vi-letizia-leonor-habla-sobre-hermanas-discurso.html\" rel=\"nofollow noopener\" target=\"_blank\">hacer un gui\u00f1o sobre lo importante que son las hermanas<\/a>.<\/p>\n<p>\u00abEs bonito lo que dices de tu hermana. <b>Sin Venus, no habr\u00eda habido Serena<\/b>. Las hermanas, c\u00f3mplices, son nuestras grandes aliadas y compa\u00f1eras de viaje\u00bb, asegur\u00f3 la hija de Felipe VI.<\/p>\n<p>Pero ha habido un detalle que no tiene nada que ver con lo que ocurri\u00f3 en el interior del Teatro Campoamor de Oviedo. Se trata de una escena que se presenci\u00f3 y que, algunos a\u00f1os, ha sido habitual, a las afueras del recinto.\u00a0<\/p>\n<p>A la llegada de la princesa Leonor, Felipe VI, Letizia y la infanta Sof\u00eda, as\u00ed como de los premiados, las c\u00e1maras captaron a la perfecci\u00f3n una concentraci\u00f3n cercana de personas que llevaban banderas republicanas. De hecho, algunos de los fot\u00f3grafos lograron <b>captar la escena de los monarcas y sus hijas baj\u00e1ndose del coche, con algunas de estas insignias de fondo<\/b>.<\/p>\n<p><img decoding=\"async\" loading=\"lazy\" src=\"https:\/\/img2.huffingtonpost.es\/files\/image_720\/uploads\/2025\/10\/26\/la-reina-letizia-la-princesa-leonor-y-la-infanta-sofia-a-su-llegada-al-teatro-campoamor-con-una-bandera-republicana-de-fondo.jpeg\" width=\"720\" height=\"0\"  data-full-src=\"https:\/\/www.europesays.com\/es\/wp-content\/uploads\/2025\/10\/la-reina-letizia-la-princesa-leonor-y-la-infanta-sofia-a-su-llegada-al-teatro-campoamor-con-una-band.jpeg\" \/><\/p>\n<p>            \u00a0<\/p>\n<p>        La reina Letizia, la princesa Leonor y la infanta Sof\u00eda, a su llegada al Teatro Campoamor, con una bandera republicana de fondo.GTRES<\/p>\n","protected":false},"excerpt":{"rendered":"La princesa Leonor ha vivido unos Premios Princesa de Asturias 2025, los\u00a0galardones que suele entregar el heredero a&hellip;\n","protected":false},"author":2,"featured_media":201912,"comment_status":"","ping_status":"","sticky":false,"template":"","format":"standard","meta":{"footnotes":""},"categories":[174],"tags":[255,146,147,25,24,256,34665,811,23],"class_list":{"0":"post-201911","1":"post","2":"type-post","3":"status-publish","4":"format-standard","5":"has-post-thumbnail","7":"category-famosos","8":"tag-celebrities","9":"tag-entertainment","10":"tag-entretenimiento","11":"tag-es","12":"tag-espana","13":"tag-famosos","14":"tag-premios-princesa-de-asturias","15":"tag-princesa-leonor","16":"tag-spain"},"share_on_mastodon":{"url":"https:\/\/pubeurope.com\/@es\/115440924597459533","error":""},"_links":{"self":[{"href":"https:\/\/www.europesays.com\/es\/wp-json\/wp\/v2\/posts\/201911","targetHints":{"allow":["GET"]}}],"collection":[{"href":"https:\/\/www.europesays.com\/es\/wp-json\/wp\/v2\/posts"}],"about":[{"href":"https:\/\/www.europesays.com\/es\/wp-json\/wp\/v2\/types\/post"}],"author":[{"embeddable":true,"href":"https:\/\/www.europesays.com\/es\/wp-json\/wp\/v2\/users\/2"}],"replies":[{"embeddable":true,"href":"https:\/\/www.europesays.com\/es\/wp-json\/wp\/v2\/comments?post=201911"}],"version-history":[{"count":0,"href":"https:\/\/www.europesays.com\/es\/wp-json\/wp\/v2\/posts\/201911\/revisions"}],"wp:featuredmedia":[{"embeddable":true,"href":"https:\/\/www.europesays.com\/es\/wp-json\/wp\/v2\/media\/201912"}],"wp:attachment":[{"href":"https:\/\/www.europesays.com\/es\/wp-json\/wp\/v2\/media?parent=201911"}],"wp:term":[{"taxonomy":"category","embeddable":true,"href":"https:\/\/www.europesays.com\/es\/wp-json\/wp\/v2\/categories?post=201911"},{"taxonomy":"post_tag","embeddable":true,"href":"https:\/\/www.europesays.com\/es\/wp-json\/wp\/v2\/tags?post=201911"}],"curies":[{"name":"wp","href":"https:\/\/api.w.org\/{rel}","templated":true}]}}