{"id":201936,"date":"2025-10-26T14:43:22","date_gmt":"2025-10-26T14:43:22","guid":{"rendered":"https:\/\/www.europesays.com\/es\/201936\/"},"modified":"2025-10-26T14:43:22","modified_gmt":"2025-10-26T14:43:22","slug":"los-detalles-de-su-viaje-juntos-a-la-otra-punta-del-mundo","status":"publish","type":"post","link":"https:\/\/www.europesays.com\/es\/201936\/","title":{"rendered":"los detalles de su viaje juntos a la otra punta del mundo"},"content":{"rendered":"<p id=\"e-lc-RZGGfo\" data-wc=\"70\"><strong>Mery Perell\u00f3 (37 a\u00f1os), Ana Mar\u00eda Parera (65) y Maribel Nadal (36)\u00a0<\/strong>son -con permiso de las abuelas- las tres mujeres m\u00e1s importantes en la vida de<strong>\u00a0Rafa (39)<\/strong>. Desde que nuestro campe\u00f3n se convirti\u00f3 en figura mundial a todos los niveles, ellas (casi) siempre han estado ah\u00ed, acompa\u00f1\u00e1ndole, arrop\u00e1ndole y anim\u00e1ndole alrededor del mundo cuando estaba en activo. Ahora, tras dejar este la raqueta, la cosa no ha cambiado.<\/p>\n<p> <img src=\"https:\/\/www.europesays.com\/es\/wp-content\/uploads\/2025\/10\/367a34e7636a-nadal-ig-4.jpg\"   width=\"1024\" height=\"934\" loading=\"lazy\" decoding=\"async\" alt=\"Rafa Nadal y Mery Perell\u00f3, en gala ben\u00e9fica en Hong Kong\" fetchpriority=\"auto\" class=\"image ho-image\"\/>\u00a9 Fundaci\u00f3n Rafa Nadal<\/p>\n<p> <img src=\"https:\/\/www.europesays.com\/es\/wp-content\/uploads\/2025\/10\/e15fa5a619f7-nadal-ig-3.jpg\"   width=\"1024\" height=\"933\" loading=\"lazy\" decoding=\"async\" alt=\"Rafa Nadal y Mery Perell\u00f3, en gala ben\u00e9fica en Hong Kong\" fetchpriority=\"auto\" class=\"image ho-image\"\/>\u00a9 Fundaci\u00f3n Rafa Nadal<\/p>\n<p id=\"ebwF4FJn-Z\" data-wc=\"73\">El ganador de 22 Grand Slams ha viajado estos d\u00edas con su esposa, su madre y su hermana hasta Hong Kong, lo que supone un vuelo desde su residencia en Mallorca de m\u00e1s de 10.000 kil\u00f3metros a la otra punta del mundo. Se desconoce si los dos hijos del extenista y su mujer, los peque\u00f1os <strong data-gid=\"e1BofkWVyf\">Rafael (quien acaba de cumplir 3 a\u00f1os) y Miquel (dos meses)<\/strong>, han volado con ellos a territorio chino.\u00a0<\/p>\n<p> <img src=\"https:\/\/www.europesays.com\/es\/wp-content\/uploads\/2025\/10\/f982082c9acd-nadal-ig-2.jpg\"   width=\"1024\" height=\"934\" loading=\"lazy\" decoding=\"async\" alt=\"Rafa Nadal y Mery Perell\u00f3, en gala ben\u00e9fica en Hong Kong\" fetchpriority=\"auto\" class=\"image ho-image\"\/>\u00a9 Fundaci\u00f3n Rafa Nadal<\/p>\n<p> <img src=\"https:\/\/www.europesays.com\/es\/wp-content\/uploads\/2025\/10\/2825e6828555-nadal-ig-1.jpg\"   width=\"1024\" height=\"933\" loading=\"lazy\" decoding=\"async\" alt=\"Rafa Nadal y Mery Perell\u00f3, en gala ben\u00e9fica en Hong Kong\" fetchpriority=\"auto\" class=\"image ho-image\"\/>\u00a9 Fundaci\u00f3n Rafa Nadal<\/p>\n<p id=\"eTdj4mU1RR\" data-wc=\"90\">Presumiblemente, los dos ni\u00f1os se han quedado en la isla balear a cargo de los abuelos maternos (o el paterno) o de sus cuidadores, ya que todav\u00eda son de corta edad y m\u00e1s a\u00fan el benjam\u00edn de la casa, <a class=\"hm-link ho-link\" href=\"https:\/\/www.hola.com\/us-es\/celebrities\/20250809849311\/rafael-nadal-mery-perello-nace-segundo-hijo\/\" data-mrf-recirculation=\"article-body-link\" rel=\"nofollow noopener\" target=\"_blank\">nacido el pasado 7 agosto<\/a>, como para hacer una trayecto tan largo de estas caracter\u00edsticas. Es m\u00e1s, esta experiencia asi\u00e1tica ha requerido que los Nadal acometieran una intensa agenda de compromisos relacionados con su fundaci\u00f3n -cuya directora es Mery-, lo que no les ha dejado mucho m\u00e1s tiempo para otras cosas.<\/p>\n<p> <img src=\"https:\/\/www.europesays.com\/es\/wp-content\/uploads\/2025\/10\/b549f576b06d-nadal-ig-5.jpg\"   width=\"1024\" height=\"933\" loading=\"lazy\" decoding=\"async\" alt=\"Rafa Nadal y Mery Perell\u00f3, en gala ben\u00e9fica en Hong Kong\" fetchpriority=\"auto\" class=\"image ho-image\"\/>\u00a9 Fundaci\u00f3n Rafa Nadal<\/p>\n<p> <img src=\"https:\/\/www.europesays.com\/es\/wp-content\/uploads\/2025\/10\/aba935cc6a83-nadal-ig-7.jpg\"   width=\"1024\" height=\"932\" loading=\"lazy\" decoding=\"async\" alt=\"Rafa Nadal y Mery Perell\u00f3, en gala ben\u00e9fica en Hong Kong\" fetchpriority=\"auto\" class=\"image ho-image\"\/>\u00a9 Fundaci\u00f3n Rafa Nadal<\/p>\n<p id=\"ePIHT-dL2r\" data-wc=\"87\">\u00abEstamos <strong data-gid=\"eiZ_2X7T0nY\">orgullosos de haber participado en el Children Ball 2025<\/strong>, un evento de recaudaci\u00f3n de fondos en apoyo de nuestros proyectos. \u00a1Gracias a todos los que lo hicieron posible!\u00bb, ha transmitido Rafa en su nombre y el de su familia. Compart\u00eda adem\u00e1s en sus redes sociales las mejores im\u00e1genes de la gala, en la que todos lucieron muy elegantes para la ocasi\u00f3n. Adem\u00e1s, Rafa tom\u00f3 la palabra delante del atril frente al auditorio para pronunciar un sentido discurso de agradecimiento por el trabajo que all\u00ed se hace.<\/p>\n<p> <img src=\"https:\/\/www.europesays.com\/es\/wp-content\/uploads\/2025\/10\/b4e5941908e7-573228420185162534800702562277668969458231948n.jpg\"   width=\"793\" height=\"1024\" loading=\"lazy\" decoding=\"async\" alt=\"Media Image\" fetchpriority=\"auto\" class=\"image ho-image\"\/>\u00a9 rafaelnadal<\/p>\n<p> <img src=\"https:\/\/www.europesays.com\/es\/wp-content\/uploads\/2025\/10\/70e8f15ce0c0-57061212518516253594070256495591498075851872n.jpg\"   width=\"793\" height=\"1024\" loading=\"lazy\" decoding=\"async\" alt=\"Media Image\" fetchpriority=\"auto\" class=\"image ho-image\"\/>\u00a9 rafaelnadal<\/p>\n<p id=\"e6YTFmAl1BR\" data-wc=\"69\">Entre esos mensajes, el que fuera rey de la tierra batida subrayaba que \u00abdurante 15 a\u00f1os, hemos estado<strong data-gid=\"edbwiiIPJj6\">\u00a0ayudando a ni\u00f1os y adolescentes a alcanzar todo su potencial\u00a0<\/strong>a trav\u00e9s del deporte, la educaci\u00f3n y el apoyo emocional. Para llevar a cabo nuestro trabajo, construimos redes y colaboraciones por todo el planeta y ahora hemos llegado a Hong Kong de la mano con el Dr. Adrian Cheng\u00bb, ha dicho.<\/p>\n<p> <img src=\"https:\/\/www.europesays.com\/es\/wp-content\/uploads\/2025\/10\/41f2b0d17a10-571024739185162534950702562123045902900612306n.jpg\"   width=\"793\" height=\"1024\" loading=\"lazy\" decoding=\"async\" alt=\"Media Image\" fetchpriority=\"auto\" class=\"image ho-image\"\/>\u00a9 rafaelnadal<\/p>\n<p> <img src=\"https:\/\/www.europesays.com\/es\/wp-content\/uploads\/2025\/10\/9e355b936ea7-568728615185162535040702564164816220554742657n.jpg\"   width=\"793\" height=\"1024\" loading=\"lazy\" decoding=\"async\" alt=\"Media Image\" fetchpriority=\"auto\" class=\"image ho-image\"\/>\u00a9 rafaelnadal<\/p>\n<p id=\"eDaBin_Sju6\" data-wc=\"88\">Un d\u00eda despu\u00e9s de la agradable velada, Nadal y los suyos visitaban el centro deportivo que lleva su nombre. All\u00ed se inmortalizaban con j\u00f3venes y adultos., a la vez que felicitaban a los empleados por su dedicaci\u00f3n dentro y fuera de la cancha. \u00abEs genial ver que, incluso estando tan lejos, la metodolog\u00eda de la Rafa Nadal Academy hace que <strong data-gid=\"eaHAHBKZ2RM\">parezca que estamos de alguna manera en Manacor<\/strong>\u00ab, se\u00f1alaban. Finalmente, tras darles las gracias por su \u00abc\u00e1lida bienvenida y amabilidad\u00bb, les han emplazado a reencontrarse \u00abpronto en Mallorca\u00bb.<\/p>\n<p> <img src=\"https:\/\/www.europesays.com\/es\/wp-content\/uploads\/2025\/10\/13bec02c070a-570990933185162535340702566720166068472225370n.jpg\"   width=\"793\" height=\"1024\" loading=\"lazy\" decoding=\"async\" alt=\"Media Image\" fetchpriority=\"auto\" class=\"image ho-image\"\/>\u00a9 rafaelnadal<\/p>\n","protected":false},"excerpt":{"rendered":"Mery Perell\u00f3 (37 a\u00f1os), Ana Mar\u00eda Parera (65) y Maribel Nadal (36)\u00a0son -con permiso de las abuelas- las&hellip;\n","protected":false},"author":2,"featured_media":201937,"comment_status":"","ping_status":"","sticky":false,"template":"","format":"standard","meta":{"footnotes":""},"categories":[274],"tags":[517,168,25,24,55419,18093,6894,23,167,327,326],"class_list":{"0":"post-201936","1":"post","2":"type-post","3":"status-publish","4":"format-standard","5":"has-post-thumbnail","7":"category-tenis","8":"tag-actualidad","9":"tag-deportes","10":"tag-es","11":"tag-espana","12":"tag-maribel-nadal","13":"tag-mery-perello","14":"tag-rafa-nadal","15":"tag-spain","16":"tag-sports","17":"tag-tenis","18":"tag-tennis"},"share_on_mastodon":{"url":"https:\/\/pubeurope.com\/@es\/115441003699413377","error":""},"_links":{"self":[{"href":"https:\/\/www.europesays.com\/es\/wp-json\/wp\/v2\/posts\/201936","targetHints":{"allow":["GET"]}}],"collection":[{"href":"https:\/\/www.europesays.com\/es\/wp-json\/wp\/v2\/posts"}],"about":[{"href":"https:\/\/www.europesays.com\/es\/wp-json\/wp\/v2\/types\/post"}],"author":[{"embeddable":true,"href":"https:\/\/www.europesays.com\/es\/wp-json\/wp\/v2\/users\/2"}],"replies":[{"embeddable":true,"href":"https:\/\/www.europesays.com\/es\/wp-json\/wp\/v2\/comments?post=201936"}],"version-history":[{"count":0,"href":"https:\/\/www.europesays.com\/es\/wp-json\/wp\/v2\/posts\/201936\/revisions"}],"wp:featuredmedia":[{"embeddable":true,"href":"https:\/\/www.europesays.com\/es\/wp-json\/wp\/v2\/media\/201937"}],"wp:attachment":[{"href":"https:\/\/www.europesays.com\/es\/wp-json\/wp\/v2\/media?parent=201936"}],"wp:term":[{"taxonomy":"category","embeddable":true,"href":"https:\/\/www.europesays.com\/es\/wp-json\/wp\/v2\/categories?post=201936"},{"taxonomy":"post_tag","embeddable":true,"href":"https:\/\/www.europesays.com\/es\/wp-json\/wp\/v2\/tags?post=201936"}],"curies":[{"name":"wp","href":"https:\/\/api.w.org\/{rel}","templated":true}]}}