{"id":202009,"date":"2025-10-26T15:39:14","date_gmt":"2025-10-26T15:39:14","guid":{"rendered":"https:\/\/www.europesays.com\/es\/202009\/"},"modified":"2025-10-26T15:39:14","modified_gmt":"2025-10-26T15:39:14","slug":"elena-arnedo-la-celebre-ginecologa-que-marco-la-vida-de-miguel-boyer-y-murio-de-cancer","status":"publish","type":"post","link":"https:\/\/www.europesays.com\/es\/202009\/","title":{"rendered":"Elena Arnedo, la c\u00e9lebre ginec\u00f3loga que marc\u00f3 la vida de Miguel Boyer y muri\u00f3 de c\u00e1ncer"},"content":{"rendered":"<p>Cuando <strong><a href=\"https:\/\/theobjective.com\/general\/2014-10-03\/muere-miguel-boyer-exministro-socialista-de-economia-por-una-embolia-pulmonar-6c8ef\/\" rel=\"nofollow noopener\" target=\"_blank\">Miguel Boyer<\/a><\/strong> comenz\u00f3 a salir con la que, m\u00e1s tarde, ser\u00eda su mujer, <strong>Elena Arnedo<\/strong>, no pensar\u00eda que, en el tiempo, iba a empezar a ocupar las portadas de todas las revistas del coraz\u00f3n. Y es que su matrimonio con <strong><a href=\"https:\/\/theobjective.com\/etiqueta\/isabel-preysler\/\" rel=\"nofollow noopener\" target=\"_blank\">Isabel Preysler<\/a><\/strong> le lanz\u00f3 al estrellato de las p\u00e1ginas amarillas, dejando de lado su faceta como pol\u00edtico y comenzando una etapa junto a una de las mujeres m\u00e1s conocidas del momento. Durante su relaci\u00f3n con Arnedo, una reputada ginec\u00f3loga, Miguel Boyer tuvo dos hijos; <strong>Miguel y Laura<\/strong>, quienes fueron siempre un pilar fundamental en su vida. De su matrimonio con Isabel Preysler naci\u00f3 Ana, quien se sum\u00f3 a la familia y quien qued\u00f3 totalmente destrozada cuando Miguel muri\u00f3 en el a\u00f1o 2014.<\/p>\n<p>Ahora, Isabel Preysler ha decidido publicar sus memorias, en las que hace <strong>un retrato exhaustivo<\/strong> de los distintos momentos m\u00e1s importantes de su vida, tambi\u00e9n de sus respectivas parejas. As\u00ed, la socialic\u00e9 por excelencia ha relatado que Miguel fue una persona especialmente \u00abcelosa\u00bb y que no pod\u00eda soportar que Isabel tuviera relaci\u00f3n con otros hombres. Estas palabras no han gustado, para nada, a los familiares del que fuera uno de los pol\u00edticos m\u00e1s rese\u00f1ables del siglo XX, quien han puesto el grito en el cielo. Pero <strong>\u00bfqu\u00e9 sabemos la familia que dej\u00f3 atr\u00e1s Miguel Boyer cuando muri\u00f3?<\/strong><\/p>\n<p>La vida de Miguel Boyer antes de conocer a Elena Arnedo <\/p>\n<p><img fetchpriority=\"high\" decoding=\"async\" width=\"1024\" height=\"721\" src=\"https:\/\/www.europesays.com\/es\/wp-content\/uploads\/2025\/10\/isabel-preysler-miguel-boyer-1024x721.jpg\" alt=\"Boda civil de Isabel Preysler y Miguel Boyer\" class=\"wp-image-2092694\"  \/>La boda civil de Isabel Preysler y Miguel Boyer. | Gtres<\/p>\n<p>Miguel Boyer naci\u00f3 en la localidad francesa de San Juan de Luz en febrero de 1939, durante el exilio de sus padres, quienes eran republicanos. Su progenitor, <strong>Miguel Boyer Tresguerres<\/strong>, era ingeniero de Caminos, y su madre, Carmen Salvador, proced\u00eda de una familia culta y de s\u00f3lida formaci\u00f3n. La familia regres\u00f3 a Espa\u00f1a cuando \u00e9l era un ni\u00f1o, instal\u00e1ndose en\u00a0<strong>Madrid<\/strong>, donde Boyer creci\u00f3 en un ambiente intelectual y de estudio. Desde joven destac\u00f3 por su\u00a0<strong>inteligencia, rigor y ambici\u00f3n intelectual<\/strong>. Curs\u00f3 el bachillerato en el Instituto Ramiro de Maeztu de Madrid, y m\u00e1s tarde ingres\u00f3 en la\u00a0<strong>Universidad Complutense<\/strong>, donde estudi\u00f3\u00a0<strong>F\u00edsicas<\/strong>\u00a0y <strong>Econ\u00f3micas<\/strong>, una combinaci\u00f3n poco com\u00fan que refleja su mente anal\u00edtica y su inter\u00e9s tanto por la ciencia como por la pol\u00edtica.<\/p>\n<p>Durante los a\u00f1os 70, Boyer se incorpor\u00f3 como <strong>investigador y economista <\/strong>en el Banco de Espa\u00f1a, donde comenz\u00f3 a desarrollar una reputaci\u00f3n de t\u00e9cnico brillante y disciplinado. Su carrera en el \u00e1mbito econ\u00f3mico fue paralela a su creciente implicaci\u00f3n en los debates pol\u00edticos e intelectuales de la Espa\u00f1a tardofranquista. Tambi\u00e9n trabaj\u00f3 como profesor universitario y colaborador en diversos organismos p\u00fablicos, especializ\u00e1ndose en temas de pol\u00edtica monetaria, inflaci\u00f3n y crecimiento. Era un\u00a0<strong>hombre de talante reformista<\/strong>, que cre\u00eda en la necesidad de modernizar la econom\u00eda espa\u00f1ola mediante el rigor fiscal y la apertura al exterior.<\/p>\n<p>A finales de los a\u00f1os 70, en plena transici\u00f3n, Miguel Boyer se uni\u00f3 al\u00a0<strong>Partido Socialista Obrero Espa\u00f1ol (PSOE)<\/strong>, liderado entonces por\u00a0<strong>Felipe Gonz\u00e1lez<\/strong>. Su perfil t\u00e9cnico, su conocimiento de la econom\u00eda y su visi\u00f3n moderna lo convirtieron en un activo valioso para un partido que buscaba proyectar una imagen de solvencia. Fue elegido\u00a0<strong>diputado en 1979<\/strong>, y pronto se convirti\u00f3 en uno de los asesores econ\u00f3micos m\u00e1s cercanos al futuro presidente. En 1982, tras la victoria electoral del PSOE, Gonz\u00e1lez lo nombr\u00f3\u00a0<strong>ministro de Econom\u00eda, Hacienda y Comercio<\/strong>, un cargo clave en un momento en que Espa\u00f1a atravesaba una grave crisis econ\u00f3mica. Como ministro, Boyer impuls\u00f3 distintas medidas y reformas econ\u00f3micas, aplicando una pol\u00edtica de austeridad fiscal y centr\u00e1ndose en el control de la inflamaci\u00f3n. <\/p>\n<p><img loading=\"lazy\" decoding=\"async\" width=\"1024\" height=\"682\" src=\"https:\/\/www.europesays.com\/es\/wp-content\/uploads\/2025\/10\/preysler-miguel-boyer-1024x682.jpg\" alt=\"Isabel Preysler y Miguel Boyer en un evento\" class=\"wp-image-2092700\"  \/>Isabel Preysler y Miguel Boyer en un evento. | Gtres<\/p>\n<p>En 1985, tras diferencias con otros miembros del gabinete y con el propio Felipe Gonz\u00e1lez, Miguel Boyer abandon\u00f3 el Ministerio. Su salida fue discreta, aunque reflejaba la tensi\u00f3n entre su visi\u00f3n econ\u00f3mica liberal y el ala m\u00e1s pol\u00edtica del gobierno. Tras esto, pas\u00f3 al sector privado, donde trabaj\u00f3 como presidente del Banco Exterior de Espa\u00f1a y, tambi\u00e9n, como directivo en empresas privadas. Miguel conoci\u00f3 a la que ser\u00eda su mujer, Elena Arnedo, a finales de los a\u00f1os 70 en Madrid. Ella era\u00a0<strong>m\u00e9dica especializada en ginecolog\u00eda y salud p\u00fablica<\/strong>, hija de un destacado catedr\u00e1tico, y \u00e9l, un joven economista brillante con un futuro prometedor en la administraci\u00f3n p\u00fablica. Ambos compart\u00edan una formaci\u00f3n s\u00f3lida, un pensamiento liberal y un compromiso con los valores democr\u00e1ticos en una \u00e9poca en la que Espa\u00f1a a\u00fan viv\u00eda bajo el franquismo. <\/p>\n<p>Elena Arnedo, una reconocida ginec\u00f3loga que marc\u00f3 un hito en Espa\u00f1a <\/p>\n<p><img loading=\"lazy\" decoding=\"async\" width=\"691\" height=\"1024\" src=\"https:\/\/www.europesays.com\/es\/wp-content\/uploads\/2025\/10\/elena-arnedo-boyer-691x1024.jpg\" alt=\"\" class=\"wp-image-3794506\"  \/>Elena Arnedo y Miguel Boyer. | EP<\/p>\n<p>Sin duda alguna, su relaci\u00f3n se bas\u00f3 en la admiraci\u00f3n mutua y el respeto intelectual. La pareja se cas\u00f3 en los a\u00f1os setenta y form\u00f3 un <strong>matrimonio estable y respetado<\/strong>\u00a0dentro de los c\u00edrculos profesionales y pol\u00edticos de la \u00e9poca. Tuvieron\u00a0<strong>dos hijos<\/strong>, Miguel y Laura, y llevaron una vida familiar tranquila, centrada en el trabajo y la educaci\u00f3n de los ni\u00f1os. Durante esos a\u00f1os, Boyer estaba consolidando su carrera como economista y pol\u00edtico, y Elena Arnedo desarrollaba<strong> su vocaci\u00f3n m\u00e9dica<\/strong>, dedic\u00e1ndose a la salud p\u00fablica y a la defensa de los derechos de las mujeres. Ambos eran considerados una pareja de gran prestigio, s\u00edmbolo de la nueva clase profesional e intelectual de la Espa\u00f1a de la Transici\u00f3n.<\/p>\n<p><img loading=\"lazy\" decoding=\"async\" width=\"733\" height=\"1024\" src=\"https:\/\/www.europesays.com\/es\/wp-content\/uploads\/2025\/10\/elena-arnedo-quien-es-733x1024.jpg\" alt=\"\" class=\"wp-image-3794509\"  \/>Elena Arnedo, en una imagen tras morir su exmarido. | EP<\/p>\n<p>El matrimonio comenz\u00f3 a deteriorarse a mediados de los a\u00f1os ochenta, cuando\u00a0<strong>Miguel Boyer era ministro de Econom\u00eda<\/strong> en el gobierno de\u00a0<strong>Felipe Gonz\u00e1lez<\/strong>. Su intensa dedicaci\u00f3n al trabajo y las tensiones propias de su cargo comenzaron a generar distancias en la pareja. El punto de ruptura lleg\u00f3 en\u00a0<strong>1987<\/strong>, cuando Boyer inici\u00f3 una relaci\u00f3n con\u00a0<strong>Isabel Preysler<\/strong>, una figura medi\u00e1tica y muy distinta del c\u00edrculo intelectual de Arnedo. La noticia caus\u00f3 un gran impacto social y medi\u00e1tico, no solo por el contraste entre ambas mujeres, sino porque romp\u00eda con la imagen seria y familiar que hasta entonces hab\u00eda proyectado el ministro.<\/p>\n<p>Elena Arnedo afront\u00f3 la separaci\u00f3n con\u00a0<strong>dignidad y serenidad<\/strong>, aunque la situaci\u00f3n fue dolorosa y muy p\u00fablica. Se divorciaron poco despu\u00e9s, y Boyer comenz\u00f3 su nueva vida junto a Preysler, con quien se casar\u00eda en 1988. Tras la ruptura, Elena Arnedo sigui\u00f3 adelante con\u00a0<strong>gran fortaleza personal<\/strong>. Se volc\u00f3 en su carrera m\u00e9dica y en la\u00a0<strong>defensa de los derechos de las mujeres<\/strong>, participando activamente en causas sociales, especialmente en temas de salud reproductiva y planificaci\u00f3n familiar. Tambi\u00e9n incursion\u00f3 en pol\u00edtica local, como\u00a0<strong>concejala del Ayuntamiento de Madrid<\/strong>\u00a0por el PSOE, siempre comprometida con la sanidad p\u00fablica y la igualdad. Su actitud discreta, su elegancia natural y su independencia le granjearon respeto incluso entre quienes conoc\u00edan la historia de su separaci\u00f3n.<\/p>\n<p>Nunca, adem\u00e1s, tuvo una mala palabra para Boyer, mantuvo siempre una postura de respeto y distancia, centrada en su trabajo y su familia. Su vida posterior fue un ejemplo de <strong>resiliencia <\/strong>y de c\u00f3mo sobreponerse a una ruptura muy medi\u00e1tica sin perder la compostura ni los valores personales. Elena acab\u00f3 falleciendo en 2015, justamente un a\u00f1o despu\u00e9s que Boyer, a causa de un c\u00e1ncer. <\/p>\n<p>Sus dos hijos, Miguel y Laura <\/p>\n<p><strong>Miguel Boyer Arnedo<\/strong>\u00a0naci\u00f3 en la d\u00e9cada de 1970, fruto del matrimonio entre Miguel Boyer y Elena Arnedo. Creci\u00f3 en un ambiente intelectual y culto, rodeado de libros, debates pol\u00edticos y un enfoque acad\u00e9mico que su padre y su madre fomentaban. Desde joven mostr\u00f3 inter\u00e9s por la\u00a0<strong>econom\u00eda, las finanzas y la administraci\u00f3n<\/strong>, siguiendo en parte los pasos de su padre. Durante su juventud, Miguel curs\u00f3 estudios superiores en Espa\u00f1a y, posiblemente, en el extranjero, adquiriendo una formaci\u00f3n s\u00f3lida en negocios y econom\u00eda. Su carrera profesional se desarroll\u00f3\u00a0<strong>en el \u00e1mbito financiero y empresarial<\/strong>, en \u00e1reas que combinan la gesti\u00f3n de empresas y la consultor\u00eda. Mantiene un perfil discreto, lejos de la exposici\u00f3n medi\u00e1tica de su padre, enfoc\u00e1ndose en el trabajo y en la construcci\u00f3n de su propia trayectoria profesional. A lo largo de los a\u00f1os, Miguel ha mostrado un car\u00e1cter reservado. <\/p>\n<p><img loading=\"lazy\" decoding=\"async\" width=\"700\" height=\"467\" src=\"https:\/\/www.europesays.com\/es\/wp-content\/uploads\/2025\/10\/laura-boyer-luto.jpg\" alt=\"Laura Boyer durante el funeral de Elena Arnedo\" class=\"wp-image-2092701\"\/>Laura Boyer durante el funeral de Elena Arnedo. | Gtres<\/p>\n<p>Al igual que Miguel, Laura, su hermana, creci\u00f3 en un ambiente familiar de alto nivel intelectual y cultural. Desde peque\u00f1a mostr\u00f3 inclinaci\u00f3n hacia las\u00a0<strong>ciencias sociales y la comunicaci\u00f3n<\/strong>, siguiendo el ejemplo de sus padres en cuanto a compromiso con la sociedad y la educaci\u00f3n. Desarroll\u00f3 su vida profesional en campos relacionados con la\u00a0<strong>gesti\u00f3n cultural, la educaci\u00f3n y proyectos sociales<\/strong>, combinando sensibilidad con eficiencia en la administraci\u00f3n de programas y actividades de impacto social. Al igual que su hermano, Laura mantuvo un perfil discreto y evit\u00f3 la exposici\u00f3n medi\u00e1tica, priorizando su trabajo y vida privada. Su formaci\u00f3n y valores reflejaban la influencia de su madre, Elena Arnedo, en cuanto a la\u00a0<strong>conciencia social y el compromiso \u00e9tico<\/strong>, y la de su padre en la disciplina, el rigor intelectual y la visi\u00f3n estrat\u00e9gica. Laura falleci\u00f3 a principios de 2023 a causa de un c\u00e1ncer.<\/p>\n","protected":false},"excerpt":{"rendered":"Cuando Miguel Boyer comenz\u00f3 a salir con la que, m\u00e1s tarde, ser\u00eda su mujer, Elena Arnedo, no pensar\u00eda&hellip;\n","protected":false},"author":2,"featured_media":202010,"comment_status":"","ping_status":"","sticky":false,"template":"","format":"standard","meta":{"footnotes":""},"categories":[174],"tags":[255,146,147,25,24,256,563,18480,23],"class_list":{"0":"post-202009","1":"post","2":"type-post","3":"status-publish","4":"format-standard","5":"has-post-thumbnail","7":"category-famosos","8":"tag-celebrities","9":"tag-entertainment","10":"tag-entretenimiento","11":"tag-es","12":"tag-espana","13":"tag-famosos","14":"tag-hijos","15":"tag-isabel-preysler","16":"tag-spain"},"share_on_mastodon":{"url":"https:\/\/pubeurope.com\/@es\/115441223006737344","error":""},"_links":{"self":[{"href":"https:\/\/www.europesays.com\/es\/wp-json\/wp\/v2\/posts\/202009","targetHints":{"allow":["GET"]}}],"collection":[{"href":"https:\/\/www.europesays.com\/es\/wp-json\/wp\/v2\/posts"}],"about":[{"href":"https:\/\/www.europesays.com\/es\/wp-json\/wp\/v2\/types\/post"}],"author":[{"embeddable":true,"href":"https:\/\/www.europesays.com\/es\/wp-json\/wp\/v2\/users\/2"}],"replies":[{"embeddable":true,"href":"https:\/\/www.europesays.com\/es\/wp-json\/wp\/v2\/comments?post=202009"}],"version-history":[{"count":0,"href":"https:\/\/www.europesays.com\/es\/wp-json\/wp\/v2\/posts\/202009\/revisions"}],"wp:featuredmedia":[{"embeddable":true,"href":"https:\/\/www.europesays.com\/es\/wp-json\/wp\/v2\/media\/202010"}],"wp:attachment":[{"href":"https:\/\/www.europesays.com\/es\/wp-json\/wp\/v2\/media?parent=202009"}],"wp:term":[{"taxonomy":"category","embeddable":true,"href":"https:\/\/www.europesays.com\/es\/wp-json\/wp\/v2\/categories?post=202009"},{"taxonomy":"post_tag","embeddable":true,"href":"https:\/\/www.europesays.com\/es\/wp-json\/wp\/v2\/tags?post=202009"}],"curies":[{"name":"wp","href":"https:\/\/api.w.org\/{rel}","templated":true}]}}