{"id":202100,"date":"2025-10-26T16:52:13","date_gmt":"2025-10-26T16:52:13","guid":{"rendered":"https:\/\/www.europesays.com\/es\/202100\/"},"modified":"2025-10-26T16:52:13","modified_gmt":"2025-10-26T16:52:13","slug":"el-prado-sufrio-un-robo-como-el-del-louvre-hace-un-siglo","status":"publish","type":"post","link":"https:\/\/www.europesays.com\/es\/202100\/","title":{"rendered":"El Prado sufri\u00f3 un robo como el del Louvre hace un siglo"},"content":{"rendered":"<p data-gtm-element-container=\"modulo-texto-link\" class=\"paragraph\">El 20 de septiembre de 1918 se denunci\u00f3 el robo de una colecci\u00f3n de joyas y objetos preciosos de las vitrinas del Museo del Prado. Las 46 piezas pertenec\u00edan al tesoro del delf\u00edn de Francia que Felipe V se trajo a Espa\u00f1a al hacerse con la corona en el siglo XVIII.<\/p>\n<p data-gtm-element-container=\"modulo-texto-link\" class=\"paragraph\">Las investigaciones policiales concluyeron que el ladr\u00f3n, un antiguo celador, se col\u00f3 por una ventana mediante una escalera que hab\u00eda junto a una de las fachadas del magno edificio porque se estaban llevando a cabo unos trabajos de mantenimiento. A diferencia del caso del Louvre, la escalera no era telesc\u00f3pica ni mec\u00e1nica.<\/p>\n<p data-gtm-element-container=\"modulo-texto-link\" class=\"paragraph\">Los efectos sustra\u00eddos compon\u00edan y componen todav\u00eda hoy en d\u00eda \u2013no se rob\u00f3 todo el tesoro y algunas piezas fueron m\u00e1s tarde recuperadas, otras no\u2013 la colecci\u00f3n de artes decorativas m\u00e1s importante del museo. La lista era larga: jarras, platos, arquetas o bandejas, todas cuidadosamente talladas en cristal de roca o en \u00e1gatas, el lapisl\u00e1zuli, jaspe o jade, guarnecidas en oro o plata y decoradas con gemas preciosas (rub\u00edes, diamantes, esmeraldas) o semipreciosas (turquesas, amatistas\u2026).<\/p>\n<p>    Lee tambi\u00e9n<\/p>\n<p data-gtm-element-container=\"modulo-texto-link\" class=\"paragraph\">Al igual que el caso del robo en Par\u00eds, el ladr\u00f3n o ladrones se llevaron las piezas del interior de vitrinas blindadas. Sin embargo, en 1918 no se usaron sierras ni se rompieron los recept\u00e1culos: los asaltantes no da\u00f1aron ni forzaron las cerraduras. Ten\u00edan copia de las llaves.<\/p>\n<p data-gtm-element-container=\"modulo-texto-link\" class=\"paragraph\">Los ladrones del Prado, aunque no perdieron pieza alguna durante su huida, no solo se llevaron objetos decorativos completos, sino que arrancaron, en muchos casos de forma burda, adornos de estos art\u00edculos como encastes de oro o incrustaciones de piedras preciosas. Dejaron numerosos art\u00edculos groseramente mutilados, algunos de los cuales pueden verse hoy en d\u00eda todav\u00eda con esas mellas.<\/p>\n<p data-gtm-element-container=\"modulo-texto-link\" class=\"paragraph\">El robo en el Prado tambi\u00e9n supuso un duro golpe para la credibilidad del pa\u00eds como lo ha sido la sustracci\u00f3n de las joyas del museo parisino para Francia. Por ese motivo, las autoridades de la \u00e9poca recurrieron al comisario Ram\u00f3n Fern\u00e1ndez Luna para que se hiciera cargo de las investigaciones. Era un polic\u00eda que ya hab\u00eda logrado resolver casos muy complicados y fue de los primeros en incorporar t\u00e9cnicas muy avanzadas para la \u00e9poca, como la recogida de huellas dactilares. Su osad\u00eda investigadora le mereci\u00f3 entonces el popular sobrenombre del Sherlock Holmes espa\u00f1ol .<\/p>\n<p data-gtm-element-container=\"modulo-texto-link\" class=\"paragraph\">El primer chivatazo para la localizaci\u00f3n de los responsables del robo lleg\u00f3 de un anticuario galerista de dudosa reputaci\u00f3n de Madrid al que le hab\u00edan hecho llegar alguna pieza robada del tesoro del delf\u00edn. Dio finalmente el nombre del portador: Rafael Coba, un exvigilante del museo despedido varios meses antes del robo y amigo del juego y el despilfarro.<\/p>\n<p data-gtm-element-container=\"modulo-texto-link\" class=\"paragraph\">En el registro de la habitaci\u00f3n que ocupaba en una pensi\u00f3n de la capital, se localizaron algunos objetos del tesoro. Meses despu\u00e9s se logr\u00f3 su arresto en Huelva. De las 46 piezas robadas se recuperaron finalmente 35.<\/p>\n","protected":false},"excerpt":{"rendered":"El 20 de septiembre de 1918 se denunci\u00f3 el robo de una colecci\u00f3n de joyas y objetos preciosos&hellip;\n","protected":false},"author":2,"featured_media":202101,"comment_status":"","ping_status":"","sticky":false,"template":"","format":"standard","meta":{"footnotes":""},"categories":[173],"tags":[229,233,231,230,232,234,146,147,25,24,23],"class_list":{"0":"post-202100","1":"post","2":"type-post","3":"status-publish","4":"format-standard","5":"has-post-thumbnail","7":"category-arte-y-diseno","8":"tag-arte","9":"tag-arte-y-diseno","10":"tag-arts","11":"tag-arts-and-design","12":"tag-design","13":"tag-diseno","14":"tag-entertainment","15":"tag-entretenimiento","16":"tag-es","17":"tag-espana","18":"tag-spain"},"share_on_mastodon":{"url":"https:\/\/pubeurope.com\/@es\/115441509586974410","error":""},"_links":{"self":[{"href":"https:\/\/www.europesays.com\/es\/wp-json\/wp\/v2\/posts\/202100","targetHints":{"allow":["GET"]}}],"collection":[{"href":"https:\/\/www.europesays.com\/es\/wp-json\/wp\/v2\/posts"}],"about":[{"href":"https:\/\/www.europesays.com\/es\/wp-json\/wp\/v2\/types\/post"}],"author":[{"embeddable":true,"href":"https:\/\/www.europesays.com\/es\/wp-json\/wp\/v2\/users\/2"}],"replies":[{"embeddable":true,"href":"https:\/\/www.europesays.com\/es\/wp-json\/wp\/v2\/comments?post=202100"}],"version-history":[{"count":0,"href":"https:\/\/www.europesays.com\/es\/wp-json\/wp\/v2\/posts\/202100\/revisions"}],"wp:featuredmedia":[{"embeddable":true,"href":"https:\/\/www.europesays.com\/es\/wp-json\/wp\/v2\/media\/202101"}],"wp:attachment":[{"href":"https:\/\/www.europesays.com\/es\/wp-json\/wp\/v2\/media?parent=202100"}],"wp:term":[{"taxonomy":"category","embeddable":true,"href":"https:\/\/www.europesays.com\/es\/wp-json\/wp\/v2\/categories?post=202100"},{"taxonomy":"post_tag","embeddable":true,"href":"https:\/\/www.europesays.com\/es\/wp-json\/wp\/v2\/tags?post=202100"}],"curies":[{"name":"wp","href":"https:\/\/api.w.org\/{rel}","templated":true}]}}