{"id":202104,"date":"2025-10-26T16:55:09","date_gmt":"2025-10-26T16:55:09","guid":{"rendered":"https:\/\/www.europesays.com\/es\/202104\/"},"modified":"2025-10-26T16:55:09","modified_gmt":"2025-10-26T16:55:09","slug":"justin-hawkins-the-darkness-recuerda-el-conflicto-que-tuvo-con-ace-frehley-ex-kiss-en-un-crucero-pensaba-que-me-iban-a-tirar-por-la-borda","status":"publish","type":"post","link":"https:\/\/www.europesays.com\/es\/202104\/","title":{"rendered":"Justin Hawkins (The Darkness) recuerda el conflicto que tuvo con Ace Frehley (ex-Kiss) en un crucero: \u201cPensaba que me iban a tirar por la borda\u201d"},"content":{"rendered":"<p>La <strong><a target=\"_blank\" href=\"https:\/\/mariskalrock.com\/actualidad\/muere-ace-frehley-miembro-fundador-de-kiss-a-los-74-anos\/\" rel=\"nofollow noopener\">muerte del m\u00edtico guitarrista Ace Frehley<\/a><\/strong> provoc\u00f3 que muchos sacaran a relucir los recuerdos m\u00e1s entra\u00f1ables con el fallecido m\u00fasico, como su propio excompa\u00f1ero en <strong>Kiss<\/strong>, <strong>Paul Stanley<\/strong>, que <strong><a target=\"_blank\" href=\"https:\/\/mariskalrock.com\/actualidad\/paul-stanley-kiss-comparte-su-foto-favorita-de-ace-frehley\/\" rel=\"nofollow noopener\">comparti\u00f3 su foto favorita<\/a><\/strong> junto al hombre del espacio. Otro que tambi\u00e9n vivi\u00f3 momentos curiosos con <strong>Frehley<\/strong> es el l\u00edder de <strong>The Darkness<\/strong>, <strong>Justin Hawkins<\/strong>, que evoc\u00f3 el conflicto que tuvo con \u00e9l en un crucero: \u201cPensaba que me iban a tirar por la borda\u201d.<\/p>\n<p>Dicha situaci\u00f3n tensa aconteci\u00f3 durante el crucero de 2024 <strong>Monsters of Rock<\/strong>, algo que explic\u00f3 <strong>Hawkins<\/strong> en su programa <strong><a target=\"_blank\" href=\"https:\/\/www.youtube.com\/watch?v=tekbIrP8kYk\" rel=\"nofollow noopener\">Justin Hawkins Rides Again<\/a><\/strong>. El frontman aclar\u00f3 que sus comentarios sobre <strong>Frehley<\/strong> estaban hechos en tono de broma, aunque inicialmente generaron preocupaci\u00f3n entre las personas de su c\u00edrculo. Seg\u00fan explic\u00f3 <strong>Hawkins<\/strong>, algunas de las personas cercanas a <strong>Frehley<\/strong> se le acercaron para preguntarle si hab\u00eda alg\u00fan problema entre ellos.<\/p>\n<p>As\u00ed lo explicaba el cantante: \u201cCreo que un par de las personas de Ace estaban furiosas y me preguntaron si ten\u00edamos un problema, pero la forma en que me lo preguntaron fue como\u2026 oh, Dios m\u00edo, empec\u00e9 a preguntarme si realmente ten\u00edamos un problema. Pens\u00e9 que me iban a tirar por la borda solo por haberme divertido un poco con una broma sobre pelucas\u201d.<\/p>\n<p style=\"text-align: center;\">\n<p>En lugar de que la situaci\u00f3n escalara en tensi\u00f3n, el equipo de <strong>Frehley<\/strong> le indic\u00f3 a <strong>Hawkins<\/strong> que hablara directamente con el guitarrista. <strong>Hawkins<\/strong> aprovech\u00f3 la oportunidad para aclarar sus intenciones y descubri\u00f3 que el propio <strong>Frehley <\/strong>fue m\u00e1s comprensivo con la broma de la peluca de lo que esperaba.<\/p>\n<p>El l\u00edder de <strong>The Darkness<\/strong> evoc\u00f3 as\u00ed ese momento: \u201cFui y me sent\u00e9 con Ace Frehley, y le dije que no me hab\u00eda dado cuenta de que era un tema tan delicado, de verdad. Cuando empezamos a hablar sobre la peluca, \u00e9l se re\u00eda y me dijo: \u201c\u00bfSabes? En realidad es m\u00e1s f\u00e1cil cuando tienes una peluca. No tienes que mantener la ilusi\u00f3n de un cabello abundante; simplemente te la pones y listo, ya est\u00e1s preparado para salir a tocar\u201d.<\/p>\n<p style=\"text-align: center;\">\n<p><strong>Hawkins<\/strong> se\u00f1al\u00f3 que el verdadero problema podr\u00eda haber surgido de un comentario anterior en el que dijo que <strong>Frehley<\/strong> hab\u00eda hecho que <strong>The Darkness<\/strong> empezara tarde su concierto. A pesar de la tensi\u00f3n inicial, los dos m\u00fasicos tuvieron una conversaci\u00f3n positiva. <strong>Hawkins<\/strong> reflexion\u00f3 sobre cu\u00e1nto hab\u00eda cambiado desde su encuentro anterior a\u00f1os atr\u00e1s: \u201cTuve una conversaci\u00f3n encantadora con \u00e9l, y fue un buen momento. Lo realmente divertido del encuentro en el barco fue que \u00e9l y yo ya nos hab\u00edamos conocido antes\u2026 y no ten\u00eda ning\u00fan recuerdo sobre ello\u201d.<\/p>\n<p>Lo\u00a0 que en realidad sucedi\u00f3 es que <strong>Hawkins<\/strong> insult\u00f3 a <strong>Frehley <\/strong>al mencionarlo sobre el escenario, lo que inicialmente gener\u00f3 tensi\u00f3n entre ambos m\u00fasicos durante el evento. Esto fue lo que dijo: \u201cOs habr\u00e9is dado cuenta de que llevo un reloj en el escenario. Algunos pensareis: \u201cAh, eso significa que no est\u00e1 100 % metido en el show. Tiene que mirar la hora porque solo quiere volver al camerino a comer los s\u00e1ndwiches de gambas\u201d. Hay algo de verdad en eso, pero creo que lo m\u00e1s importante en el rock and roll es la puntualidad\u201d.<\/p>\n<p>Luego dijo: \u201cNo voy a mencionar ning\u00fan nombre, pero alguien se pas\u00f3 de su tiempo, y por eso salimos tarde al escenario. Os pido disculpas a todos. Pero, siendo justos, la culpa fue del artista que se pas\u00f3 de tiempo, no voy a decir nombres, \u00bfde acuerdo? No mencionar\u00e9 a nadie. Pero creo que algunos de los requisitos de su camerino eran un poco dif\u00edciles de conseguir en medio del maldito Caribe. \u00a1Uno de ellos era pegamento para pelucas! Estoy hablando de Ace Frehley. Lo siento, chicos. Me da igual si eres la mayor estrella de rock del mundo, si haces que The Darkness salga tarde, eres un cabr\u00f3n. As\u00ed que vamos a tocar todo nuestro repertorio, y os va a encantar, \u00a1maldita sea!\u201d.<\/p>\n<p>Menos mal que ambos hablaron posteriormente del incidente, y pelillos a la mar, nunca mejor dicho.<\/p>\n<p>                         <a target=\"_blank\" href=\"http:\/\/\/\/mariskalrock.com\" class=\"url\" title=\"Redacci\u00f3n\" rel=\"nofollow\"> <img loading=\"lazy\" decoding=\"async\" alt=\"Redacci\u00f3n\" src=\"https:\/\/www.europesays.com\/es\/wp-content\/uploads\/2025\/10\/1761497709_49_5ee478bf2a98867b9a8d865f0c52fc8e47eb03788ee7ade55d6bc09765f95669\"  class=\"avatar avatar-250 photo\" height=\"250\" width=\"250\"\/><\/a>  <a href=\"http:\/\/\/\/mariskalrock.com\" class=\"url\" target=\"_blank\" title=\"Redacci\u00f3n\" rel=\"nofollow\"><img loading=\"lazy\" decoding=\"async\" alt=\"Redacci\u00f3n\" src=\"https:\/\/www.europesays.com\/es\/wp-content\/uploads\/2025\/10\/1761497709_49_5ee478bf2a98867b9a8d865f0c52fc8e47eb03788ee7ade55d6bc09765f95669\"  class=\"avatar avatar-250 photo\" height=\"250\" width=\"250\"\/><\/a>\u00daltimas entradas de Redacci\u00f3n (<a target=\"_blank\" href=\"https:\/\/mariskalrock.com\/author\/juanpi\/\" rel=\"nofollow noopener\">ver todo<\/a>)  <\/p>\n","protected":false},"excerpt":{"rendered":"La muerte del m\u00edtico guitarrista Ace Frehley provoc\u00f3 que muchos sacaran a relucir los recuerdos m\u00e1s entra\u00f1ables con&hellip;\n","protected":false},"author":2,"featured_media":202105,"comment_status":"","ping_status":"","sticky":false,"template":"","format":"standard","meta":{"footnotes":""},"categories":[170],"tags":[52380,11500,5666,146,147,25,24,55454,55455,4622,184,185,23,52356],"class_list":{"0":"post-202104","1":"post","2":"type-post","3":"status-publish","4":"format-standard","5":"has-post-thumbnail","7":"category-musica","8":"tag-ace-frehley","9":"tag-conflicto","10":"tag-crucero","11":"tag-entertainment","12":"tag-entretenimiento","13":"tag-es","14":"tag-espana","15":"tag-ex-kiss","16":"tag-justin-hawkins","17":"tag-mr2022","18":"tag-music","19":"tag-musica","20":"tag-spain","21":"tag-the-darkness"},"share_on_mastodon":{"url":"https:\/\/pubeurope.com\/@es\/115441521362447706","error":""},"_links":{"self":[{"href":"https:\/\/www.europesays.com\/es\/wp-json\/wp\/v2\/posts\/202104","targetHints":{"allow":["GET"]}}],"collection":[{"href":"https:\/\/www.europesays.com\/es\/wp-json\/wp\/v2\/posts"}],"about":[{"href":"https:\/\/www.europesays.com\/es\/wp-json\/wp\/v2\/types\/post"}],"author":[{"embeddable":true,"href":"https:\/\/www.europesays.com\/es\/wp-json\/wp\/v2\/users\/2"}],"replies":[{"embeddable":true,"href":"https:\/\/www.europesays.com\/es\/wp-json\/wp\/v2\/comments?post=202104"}],"version-history":[{"count":0,"href":"https:\/\/www.europesays.com\/es\/wp-json\/wp\/v2\/posts\/202104\/revisions"}],"wp:featuredmedia":[{"embeddable":true,"href":"https:\/\/www.europesays.com\/es\/wp-json\/wp\/v2\/media\/202105"}],"wp:attachment":[{"href":"https:\/\/www.europesays.com\/es\/wp-json\/wp\/v2\/media?parent=202104"}],"wp:term":[{"taxonomy":"category","embeddable":true,"href":"https:\/\/www.europesays.com\/es\/wp-json\/wp\/v2\/categories?post=202104"},{"taxonomy":"post_tag","embeddable":true,"href":"https:\/\/www.europesays.com\/es\/wp-json\/wp\/v2\/tags?post=202104"}],"curies":[{"name":"wp","href":"https:\/\/api.w.org\/{rel}","templated":true}]}}