{"id":202164,"date":"2025-10-26T17:41:23","date_gmt":"2025-10-26T17:41:23","guid":{"rendered":"https:\/\/www.europesays.com\/es\/202164\/"},"modified":"2025-10-26T17:41:23","modified_gmt":"2025-10-26T17:41:23","slug":"el-cosmos-de-la-tristeza-mellon-collie-cumple-los-30","status":"publish","type":"post","link":"https:\/\/www.europesays.com\/es\/202164\/","title":{"rendered":"El cosmos de la tristeza: Mellon Collie cumple los 30"},"content":{"rendered":"<p><a class=\"v-mdl-ath__fig-a\" href=\"https:\/\/www.diariovasco.com\/autor\/elene-arandia-5754.html\" title=\"Elene Arandia\" rel=\"nofollow noopener\" target=\"_blank\"><br \/>\n<img decoding=\"async\" class=\"v-mdl-ath__img\" src=\"https:\/\/www.europesays.com\/es\/wp-content\/uploads\/2025\/10\/autor-5754-foto-17.jpeg\" alt=\"Elene Arandia\"\/><br \/>\n<\/a><\/p>\n<p><a class=\"v-mdl-ath__fig-a\" href=\"https:\/\/www.diariovasco.com\/autor\/paula-dalla-fontana-7276.html\" title=\"Paula Dalla Fontana\" rel=\"nofollow noopener\" target=\"_blank\"><br \/>\n<img decoding=\"async\" class=\"v-mdl-ath__img\" src=\"https:\/\/www.europesays.com\/es\/wp-content\/uploads\/2025\/08\/autor-7276-foto-3.jpeg\" alt=\"Paula Dalla Fontana\"\/><br \/>\n<\/a><\/p>\n<p class=\"v-mdl-ath__p v-mdl-ath__p--6\">\nS\u00e1bado, 25 de octubre 2025, 13:38<\/p>\n<p class=\"v-p\">La tristeza suena hermosa. Era 1995, el mundo miraba hacia el nuevo milenio con resaca de grunge y hambre de \u00e9pica, y The Smashing Pumpkins entregaban &#8216;Mellon Collie and the Infinite Sadness&#8217;, un disco que hablaba del dolor y la belleza, aunque contenida y en su forma m\u00e1s pura.<\/p>\n<p class=\"v-p\">El 23 de octubre, el mundo amaneci\u00f3 envuelto en una melancol\u00eda c\u00f3smica. El ambicioso doble \u00e1lbum de los Pumpkins irrump\u00eda como una supernova en el cielo del rock alternativo. En la segunda mitad de los noventa, cuando la MTV era una religi\u00f3n y el grunge agonizaba, Billy Corgan imagin\u00f3 un disco capaz de contenerlo todo: la rabia, el amor, la nostalgia, la autodestrucci\u00f3n y la liberaci\u00f3n.<\/p>\n<p class=\"v-p\">En plena era del desencanto, Corgan decidi\u00f3 hacer lo contrario: nada de minimalismo ni de discos de 40 minutos. &#8216;Mellon Collie and the Infinite Sadness&#8217; fue un doble LP de 28 canciones que mezclaban guitarras furiosas, pianos delicados, cuartetos de cuerda, electr\u00f3nica incipiente y letras que parec\u00edan escritas desde una galaxia interior. Junto a Flood y Alan Moulder, el l\u00edder de los Pumpkins orquest\u00f3 un viaje sonoro del cielo al subsuelo, desembarcando en el estallido.<\/p>\n<p class=\"v-p\">La gestaci\u00f3n del \u00e1lbum fue tan ambiciosa como ca\u00f3tica. Corgan, obsesivo y perfeccionista, lleg\u00f3 a registrar m\u00e1s de medio centenar de canciones. Grababan durante jornadas maratonianas en los estudios de Chicago, a menudo de madrugada, mientras la tensi\u00f3n entre los miembros de la banda crec\u00eda.<\/p>\n<p class=\"v-p\">El \u00e1lbum gan\u00f3 un Grammy, vendi\u00f3 m\u00e1s de diez millones de copias y convirti\u00f3 a los Pumpkins en la banda m\u00e1s ambiciosa de su generaci\u00f3n. Pero tambi\u00e9n fue el principio del caos: tensiones internas, adicciones, despidos y reconciliaciones marcaron su estela. \u00abUna vez que estallamos en 1996, ya nunca fuimos los mismos\u00bb, reconocer\u00eda Corgan a\u00f1os despu\u00e9s.<\/p>\n<p><img decoding=\"async\" id=\"g-1collix-XS-img\" class=\"g-1collix-XS-img g-aiImg\" alt=\"\" src=\"https:\/\/www.europesays.com\/es\/wp-content\/uploads\/2025\/10\/1collix-XS.jpg\"\/><\/p>\n<p class=\"g-pstyle0\">Mellon Collie and the Infinite Sadness<\/p>\n<p><img decoding=\"async\" class=\"icono-sound\" src=\"https:\/\/www.europesays.com\/es\/wp-content\/uploads\/2025\/10\/sonido-off.png\" alt=\"Icono de sonido\" data-toggle=\"https:\/\/s3.ppllstatics.com\/rc\/www\/multimedia\/2023\/06\/07\/sonido-on.png\"\/><\/p>\n<p class=\"g-pstyle3\">Haz click para escuchar la canci\u00f3n<\/p>\n<p><img decoding=\"async\" id=\"g-1collix-S-img\" class=\"g-1collix-S-img g-aiImg\" alt=\"\" src=\"https:\/\/www.europesays.com\/es\/wp-content\/uploads\/2025\/10\/1collix-S.jpg\"\/><\/p>\n<p class=\"g-pstyle0\">Mellon Collie and the Infinite Sadness<\/p>\n<p><img decoding=\"async\" class=\"icono-sound\" src=\"https:\/\/www.europesays.com\/es\/wp-content\/uploads\/2025\/10\/sonido-off.png\" alt=\"Icono de sonido\" data-toggle=\"https:\/\/s3.ppllstatics.com\/rc\/www\/multimedia\/2023\/06\/07\/sonido-on.png\"\/><\/p>\n<p class=\"g-pstyle3\">Haz click para escuchar la canci\u00f3n<\/p>\n<p><img decoding=\"async\" id=\"g-1collix-M-img\" class=\"g-1collix-M-img g-aiImg\" alt=\"\" src=\"https:\/\/www.europesays.com\/es\/wp-content\/uploads\/2025\/10\/1collix-M.jpg\"\/><\/p>\n<p class=\"g-pstyle0\">Mellon Collie and the Infinite Sadness<\/p>\n<p><img decoding=\"async\" class=\"icono-sound\" src=\"https:\/\/www.europesays.com\/es\/wp-content\/uploads\/2025\/10\/sonido-off.png\" alt=\"Icono de sonido\" data-toggle=\"https:\/\/s3.ppllstatics.com\/rc\/www\/multimedia\/2023\/06\/07\/sonido-on.png\"\/><\/p>\n<p class=\"g-pstyle3\">Haz click para escuchar la canci\u00f3n<\/p>\n<p><img decoding=\"async\" id=\"g-1collix-L-img\" class=\"g-1collix-L-img g-aiImg\" alt=\"\" src=\"https:\/\/www.europesays.com\/es\/wp-content\/uploads\/2025\/10\/1collix-L.jpg\"\/><\/p>\n<p class=\"g-pstyle0\">Mellon Collie and the Infinite Sadness<\/p>\n<p><img decoding=\"async\" class=\"icono-sound\" src=\"https:\/\/www.europesays.com\/es\/wp-content\/uploads\/2025\/10\/sonido-off.png\" alt=\"Icono de sonido\" data-toggle=\"https:\/\/s3.ppllstatics.com\/rc\/www\/multimedia\/2023\/06\/07\/sonido-on.png\"\/><\/p>\n<p class=\"g-pstyle3\">Haz click para escuchar la canci\u00f3n<\/p>\n<p class=\"v-p\">M\u00e1s all\u00e1 del drama, naci\u00f3 un \u00e1lbum inmenso que dej\u00f3 un rastro imborrable en la cultura popular. Corgan lo concibi\u00f3 como una especie de sinfon\u00eda para una generaci\u00f3n perdida, dividido en dos actos: &#8216;Dawn to Dusk&#8217; y &#8216;Twilight to Starlight&#8217;. El primero representaba la inocencia y el despertar; el segundo, la ca\u00edda y el misterio. Y entre ambos, una emoci\u00f3n universal: la b\u00fasqueda de sentido en medio del ruido.<\/p>\n<p class=\"v-p\">El arte visual del disco tambi\u00e9n se convirti\u00f3 en icono. La portada, creada por John Craig a trav\u00e9s de mosaico, mezclaba el rostro de una musa renacentista con el cuerpo de una figura astral. Esa imagen \u2014la mujer sobre una estrella dorada flotando en el cosmos\u2014 se volvi\u00f3 inseparable de la est\u00e9tica de los noventa.<\/p>\n<p class=\"v-p\">&#8216;Tonight, Tonight&#8217; lleg\u00f3 acompa\u00f1ado de un videoclip inspirado en el cine de M\u00e9li\u00e8s, con globos aerost\u00e1ticos, planetas y trajes victorianos. &#8216;1979&#8217;, en cambio, mostraba el lado opuesto: una postal suburbana en sepia, donde la adolescencia se dejaba notar entre fiestas, coches viejos y una melancol\u00eda sin nombre. Entre ambas coexist\u00eda todo lo que defini\u00f3 a los Pumpkins: lo celestial y lo cotidiano.<\/p>\n<p><img decoding=\"async\" loading=\"lazy\" src=\"https:\/\/www.europesays.com\/es\/wp-content\/uploads\/2025\/10\/Smashing Pumpkins-kHBB--650x455@Diario Vasco.png\" class=\"v-a-img\" width=\"650\" height=\"455\" alt=\"James Iha, Billy Corgan y Jimmy Chamberlin, miembros de The Smashing Pumpkings.\" data-voc-vtm-id=\"in-text-traffic\"\/><\/p>\n<p>James Iha, Billy Corgan y Jimmy Chamberlin, miembros de The Smashing Pumpkings.<\/p>\n<p><img loading=\"lazy\" decoding=\"async\" src=\"https:\/\/www.europesays.com\/es\/wp-content\/uploads\/2025\/10\/Smashing Pumpkins.png\" class=\"v-mdl__img-z\" width=\"1920\" height=\"1344\" alt=\"\"\/><\/p>\n<p class=\"v-p\">En un a\u00f1o en que las reediciones parecen multiplicarse, pocas tienen el peso emocional, laescala y la hondura que conserva esta obra firmada por Billy Corgan y compa\u00f1\u00eda, que tres d\u00e9cadas despu\u00e9s suena a eternidad. Y en tiempos en que las canciones duran dos minutos y la atenci\u00f3n veinte segundos, &#8216;Mellon Collie and the Infinite Sadness&#8217; sigue exigiendo algo tan radical como escuchar. La banda est\u00e1 en activo desde 2018. Ese a\u00f1o, los miembros originales se reunieron para la gira &#8216;Shiny and Oh So Bright Tour&#8217;, marcando su primer tour juntos desde los a\u00f1os 90, que acompa\u00f1ado del lanzamiento del \u00e1lbum &#8216;Shiny and Oh So Bright, Vol. 1&#8243;https:\/\/www.diariovasco.com\/\u00bbLP: No Past. No Future. No Sun&#8217;.<\/p>\n<p><img decoding=\"async\" id=\"g-1collie-L-img\" class=\"g-1collie-L-img g-aiImg\" alt=\"\" src=\"https:\/\/www.europesays.com\/es\/wp-content\/uploads\/2025\/10\/1collie-L.jpg\"\/><\/p>\n<p class=\"g-pstyle0\">Mellon Collie and the Infinite Sadness<\/p>\n<p><img decoding=\"async\" class=\"icono-sound\" src=\"https:\/\/www.europesays.com\/es\/wp-content\/uploads\/2025\/10\/sonido-off.png\" alt=\"Icono de sonido\" data-toggle=\"https:\/\/s3.ppllstatics.com\/rc\/www\/multimedia\/2023\/06\/07\/sonido-on.png\"\/><img decoding=\"async\" id=\"g-1collie-M-img\" class=\"g-1collie-M-img g-aiImg\" alt=\"\" src=\"https:\/\/www.europesays.com\/es\/wp-content\/uploads\/2025\/10\/1collie-M.jpg\"\/><\/p>\n<p class=\"g-pstyle0\">Mellon Collie and the Infinite Sadness<\/p>\n<p><img decoding=\"async\" class=\"icono-sound\" src=\"https:\/\/www.europesays.com\/es\/wp-content\/uploads\/2025\/10\/sonido-off.png\" alt=\"Icono de sonido\" data-toggle=\"https:\/\/s3.ppllstatics.com\/rc\/www\/multimedia\/2023\/06\/07\/sonido-on.png\"\/><img decoding=\"async\" id=\"g-1collie-S-img\" class=\"g-1collie-S-img g-aiImg\" alt=\"\" src=\"https:\/\/www.europesays.com\/es\/wp-content\/uploads\/2025\/10\/1collie-S.jpg\"\/><\/p>\n<p class=\"g-pstyle0\">Mellon Collie and the Infinite Sadness<\/p>\n<p><img decoding=\"async\" class=\"icono-sound\" src=\"https:\/\/www.europesays.com\/es\/wp-content\/uploads\/2025\/10\/sonido-off.png\" alt=\"Icono de sonido\" data-toggle=\"https:\/\/s3.ppllstatics.com\/rc\/www\/multimedia\/2023\/06\/07\/sonido-on.png\"\/><img decoding=\"async\" id=\"g-1collie-XS-img\" class=\"g-1collie-XS-img g-aiImg\" alt=\"\" src=\"https:\/\/www.europesays.com\/es\/wp-content\/uploads\/2025\/10\/1collie-XS.jpg\"\/><\/p>\n<p class=\"g-pstyle0\">Mellon Collie and the Infinite Sadness<\/p>\n<p><img decoding=\"async\" class=\"icono-sound\" src=\"https:\/\/www.europesays.com\/es\/wp-content\/uploads\/2025\/10\/sonido-off.png\" alt=\"Icono de sonido\" data-toggle=\"https:\/\/s3.ppllstatics.com\/rc\/www\/multimedia\/2023\/06\/07\/sonido-on.png\"\/><\/p>\n<p class=\"v-p\">Desde entonces, la banda ha mantenido una presencia activa con lanzamientos de &#8216;Cyr&#8217; (2020), &#8216;Atum: A Rock Opera in Three Acts&#8217; (2022\u20132023) y &#8216;Aghori Mhori Mei&#8217; (2024). Y actualmente, se encuentra envuelta en la gira internacional &#8216;Rock Invasion 2025&#8217;, con conciertos en Asia, Europa y Am\u00e9rica. En 2024, tambi\u00e9n realizaron una gira por el Reino Unido e Irlanda junto a Weezer.<\/p>\n<p class=\"v-p\">Para celebrar su 30 aniversario, la banda prepara una reedici\u00f3n monumental, con grabaciones in\u00e9ditas de la gira de 1996 y una edici\u00f3n en vinilo de seis discos que rescata el imaginario visual y simb\u00f3lico del \u00e1lbum. Adem\u00e1s, en noviembre la Lyric Opera de Chicago acoger\u00e1 &#8216;A Night of Mellon Collie and the Infinite Sadness&#8217;, una reinterpretaci\u00f3n sinf\u00f3nica y coral de la obra, donde Corgan se atreve a fundir el rock alternativo con la \u00f3pera moderna.<\/p>\n<p class=\"v-p\">Quiz\u00e1 la melancol\u00eda no tenga fecha de caducidad, pero el disco de los Pumpkins demostr\u00f3 que tampoco la tiene la ambici\u00f3n. En tiempos de singles desechables y nostalgias instant\u00e1neas, sigue siendo un monumento a lo que pasa cuando alguien decide tomarse la tristeza en serio.<\/p>\n<p>Reporta un error<\/p>\n","protected":false},"excerpt":{"rendered":"S\u00e1bado, 25 de octubre 2025, 13:38 La tristeza suena hermosa. Era 1995, el mundo miraba hacia el nuevo&hellip;\n","protected":false},"author":2,"featured_media":202165,"comment_status":"","ping_status":"","sticky":false,"template":"","format":"standard","meta":{"footnotes":""},"categories":[170],"tags":[55495,55493,7677,146,147,25,24,55494,184,185,23,32149],"class_list":{"0":"post-202164","1":"post","2":"type-post","3":"status-publish","4":"format-standard","5":"has-post-thumbnail","7":"category-musica","8":"tag-collie","9":"tag-cosmos","10":"tag-cumple","11":"tag-entertainment","12":"tag-entretenimiento","13":"tag-es","14":"tag-espana","15":"tag-mellon","16":"tag-music","17":"tag-musica","18":"tag-spain","19":"tag-tristeza"},"share_on_mastodon":{"url":"https:\/\/pubeurope.com\/@es\/115441702943204724","error":""},"_links":{"self":[{"href":"https:\/\/www.europesays.com\/es\/wp-json\/wp\/v2\/posts\/202164","targetHints":{"allow":["GET"]}}],"collection":[{"href":"https:\/\/www.europesays.com\/es\/wp-json\/wp\/v2\/posts"}],"about":[{"href":"https:\/\/www.europesays.com\/es\/wp-json\/wp\/v2\/types\/post"}],"author":[{"embeddable":true,"href":"https:\/\/www.europesays.com\/es\/wp-json\/wp\/v2\/users\/2"}],"replies":[{"embeddable":true,"href":"https:\/\/www.europesays.com\/es\/wp-json\/wp\/v2\/comments?post=202164"}],"version-history":[{"count":0,"href":"https:\/\/www.europesays.com\/es\/wp-json\/wp\/v2\/posts\/202164\/revisions"}],"wp:featuredmedia":[{"embeddable":true,"href":"https:\/\/www.europesays.com\/es\/wp-json\/wp\/v2\/media\/202165"}],"wp:attachment":[{"href":"https:\/\/www.europesays.com\/es\/wp-json\/wp\/v2\/media?parent=202164"}],"wp:term":[{"taxonomy":"category","embeddable":true,"href":"https:\/\/www.europesays.com\/es\/wp-json\/wp\/v2\/categories?post=202164"},{"taxonomy":"post_tag","embeddable":true,"href":"https:\/\/www.europesays.com\/es\/wp-json\/wp\/v2\/tags?post=202164"}],"curies":[{"name":"wp","href":"https:\/\/api.w.org\/{rel}","templated":true}]}}