{"id":202195,"date":"2025-10-26T18:05:11","date_gmt":"2025-10-26T18:05:11","guid":{"rendered":"https:\/\/www.europesays.com\/es\/202195\/"},"modified":"2025-10-26T18:05:11","modified_gmt":"2025-10-26T18:05:11","slug":"springsteen-no-es-the-boss-de-la-taquilla-estadounidense","status":"publish","type":"post","link":"https:\/\/www.europesays.com\/es\/202195\/","title":{"rendered":"&#8216;Springsteen&#8217; no es The Boss de la taquilla estadounidense"},"content":{"rendered":"<p>El cine de animaci\u00f3n japonesa vuelve a imponerse en Estados Unidos. &#8216;<a href=\"https:\/\/www.ecartelera.com\/peliculas\/chainsaw-man-la-pelicula-el-arco-de-reze\/\" rel=\"nofollow noopener\" target=\"_blank\">Chainsaw Man &#8211; La pel\u00edcula: El arco de Reze<\/a>&#8216; ha encabezado la taquilla del fin de semana del 24 al 26 de octubre con <b>un estreno estimado de 15,5 millones de d\u00f3lares<\/b>, seg\u00fan recoge <a target=\"_blank\" href=\"https:\/\/variety.com\/2025\/film\/box-office\/chainsaw-man-beating-springsteen-deliver-me-from-nowhere-1236560960\/\" rel=\"nofollow noopener\">Variety<\/a>. La producci\u00f3n de Mappa distribuida por Sony ha recaudado 8,5 millones entre el viernes y los preestrenos en 3.003 salas, impulsada por su exhibici\u00f3n en formatos premium como IMAX. Con esta apertura, el film confirma <b>el s\u00f3lido momento comercial del anime en cines norteamericanos<\/b>, apenas un mes despu\u00e9s del \u00e9xito arrollador de &#8216;<a href=\"https:\/\/www.ecartelera.com\/peliculas\/guardianes-noche-kimetsu-yaiba-fortaleza-infinita\/\" rel=\"nofollow noopener\" target=\"_blank\">Guardianes de la noche: Kimetsu no Yaiba &#8211; La fortaleza infinita<\/a>&#8216;.<\/p>\n<p>Tr\u00e1iler espa\u00f1ol &#8216;Chainsaw Man &#8211; La pel\u00edcula: El arco de Reze&#8217;<\/p>\n<p><video id=\"vid-35880\" class=\"video-js vjs-default-skin\" data-title=\"Tr\u00e1iler espa\u00f1ol 'Chainsaw Man - La pel\u00edcula: El arco de Reze'\" poster=\"https:\/\/www.ecartelera.com\/images\/videos\/35800\/f35880.jpg\" controls=\"\" preload=\"auto\" width=\"640\" height=\"360\" playsinline=\"\" data-vtt=\"\/\/v1.ecartelera.com\/video\/35800\/35880_sprite.vtt\" data-stream=\"1\">El navegador no soporta el tag de v\u00eddeo.<\/video><\/p>\n<p>X<\/p>\n<p>Aunque como suele ocurrir con los estrenos de anime su recorrido ser\u00e1 breve, <b>la pel\u00edcula ya acumula 61 millones de d\u00f3lares en mercados internacionales<\/b>, lo que garantiza beneficios para sus productores. Que un t\u00edtulo japon\u00e9s supere a dos estrenos de Hollywood en un mismo fin de semana subraya el cambio de h\u00e1bitos del p\u00fablico estadounidense, cada vez m\u00e1s receptivo a propuestas fuera del circuito tradicional.<\/p>\n<p>En la pugna por la segunda posici\u00f3n se ha situado &#8216;<a href=\"https:\/\/www.ecartelera.com\/peliculas\/a-pesar-de-ti\/\" rel=\"nofollow noopener\" target=\"_blank\">A pesar de ti<\/a>&#8216;, adaptaci\u00f3n de la novela de Colleen Hoover producida por Paramount. El drama dirigido por <a href=\"https:\/\/www.ecartelera.com\/personas\/josh-boone\/\" rel=\"nofollow noopener\" target=\"_blank\">Josh Boone<\/a> y protagonizado por <a href=\"https:\/\/www.ecartelera.com\/personas\/mckenna-grace\/\" rel=\"nofollow noopener\" target=\"_blank\">Mckenna Grace<\/a> y <a href=\"https:\/\/www.ecartelera.com\/personas\/mason-thames\/\" rel=\"nofollow noopener\" target=\"_blank\">Mason Thames<\/a> <b>ha abierto con 13 millones de d\u00f3lares<\/b> tras sumar 5,2 millones en su primer d\u00eda, incluyendo sesiones especiales con presencia del reparto. La cifra <b>supera las previsiones iniciales<\/b>, que oscilaban entre los 8 y los 10 millones, aunque queda muy lejos del fen\u00f3meno que supuso &#8216;<a href=\"https:\/\/www.ecartelera.com\/peliculas\/romper-el-circulo\/\" rel=\"nofollow noopener\" target=\"_blank\">Romper el c\u00edrculo<\/a>&#8216; el pasado verano. <\/p>\n<p>\t\t\t\t\t\t\t<img decoding=\"async\" loading=\"lazy\" src=\"https:\/\/www.europesays.com\/es\/wp-content\/uploads\/2025\/10\/246114_black-phone-2-pesadilla-en-elm-street-y-vier.jpg\" alt=\"'Black Phone 2'\" width=\"1200\" height=\"685\"\/>\t<\/p>\n<p>\t\t\t\t\t\t&#8216;Black Phone 2&#8217; (Universal Pictures)<\/p>\n<p>En tercer lugar se coloca &#8216;<a href=\"https:\/\/www.ecartelera.com\/peliculas\/the-black-phone-2\/\" rel=\"nofollow noopener\" target=\"_blank\">Black Phone 2<\/a>&#8216;, que <b>suma 12 millones en su segundo fin de semana<\/b>, apenas un 56% menos que en su debut. La secuela de terror de Universal Pictures<b> alcanza as\u00ed los 48 millones acumulados<\/b>, superando por poco el rendimiento de su predecesora en el mismo punto de exhibici\u00f3n. Adem\u00e1s, se convierte en el <b>t\u00edtulo m\u00e1s taquillero del a\u00f1o para Blumhouse<\/b>, una noticia positiva para el estudio tras varios estrenos con resultados decepcionantes. Su presupuesto, de 30 millones de d\u00f3lares, le permitir\u00e1 cerrar su recorrido con rentabilidad.<\/p>\n<p>Sin pena ni gloria<\/p>\n<p>El biopic musical &#8216;<a href=\"https:\/\/www.ecartelera.com\/peliculas\/springsteen-deliver-me-from-nowhere\/\" rel=\"nofollow noopener\" target=\"_blank\">Springsteen: Deliver Me From Nowhere<\/a>&#8216;, centrado en Bruce Springsteen y protagonizado por <a href=\"https:\/\/www.ecartelera.com\/personas\/jeremy-allen-white\/\" rel=\"nofollow noopener\" target=\"_blank\">Jeremy Allen White<\/a>, por su parte, <b>se estrena con cifras m\u00e1s modestas<\/b>. La pel\u00edcula de 20th Century Studios <b>ha logrado 8 millones de d\u00f3lares, dentro del rango previsto, aunque sin alcanzar los niveles de entusiasmo<\/b> de otras producciones similares como &#8216;<a href=\"https:\/\/www.ecartelera.com\/peliculas\/a-complete-unkown\/\" rel=\"nofollow noopener\" target=\"_blank\">A Complete Unknown<\/a>&#8216;, el biopic de Bob Dylan estrenado el a\u00f1o anterior. Con un presupuesto de 55 millones, su permanencia en cartel ser\u00e1 clave para minimizar p\u00e9rdidas.<\/p>\n<p>\t\t\t\t\t\t\t<img decoding=\"async\" loading=\"lazy\" src=\"https:\/\/www.europesays.com\/es\/wp-content\/uploads\/2025\/10\/244985_tron-ares-obsolescencia-programada.jpg\" alt=\"'Tron: Ares'\" width=\"1200\" height=\"633\"\/>\t<\/p>\n<p>\t\t\t\t\t\t&#8216;Tron: Ares&#8217; (Disney)<\/p>\n<p>Completando el Top 5 se encuentra &#8216;<a href=\"https:\/\/www.ecartelera.com\/peliculas\/tron-ares\/\" rel=\"nofollow noopener\" target=\"_blank\">Tron: Ares<\/a>&#8216;, que <b>contin\u00faa su r\u00e1pido descenso<\/b>. El relanzamiento de la franquicia de ciencia ficci\u00f3n <b>ha sumado apenas 1,3 millones de d\u00f3lares<\/b>, un 48% menos que la semana anterior, y acumula 59 millones tras tres semanas. Con un coste de producci\u00f3n de 180 millones, el film de Disney se consolida como <b>uno de los mayores tropiezos comerciales del a\u00f1o<\/b>. En conjunto, el fin de semana confirma un patr\u00f3n de fragmentaci\u00f3n en la taquilla estadounidense, donde las audiencias se reparten entre nichos muy definidos mientras los grandes estudios buscan recuperar el favor del p\u00fablico general.<\/p>\n","protected":false},"excerpt":{"rendered":"El cine de animaci\u00f3n japonesa vuelve a imponerse en Estados Unidos. &#8216;Chainsaw Man &#8211; La pel\u00edcula: El arco&hellip;\n","protected":false},"author":2,"featured_media":202196,"comment_status":"","ping_status":"","sticky":false,"template":"","format":"standard","meta":{"footnotes":""},"categories":[169],"tags":[1014,1015,1013,177,1011,146,147,25,24,782,176,1019,1016,175,753,1012,23,1017,1018],"class_list":{"0":"post-202195","1":"post","2":"type-post","3":"status-publish","4":"format-standard","5":"has-post-thumbnail","7":"category-cine","8":"tag-actores","9":"tag-actrices","10":"tag-cartelera","11":"tag-cine","12":"tag-ecartelera","13":"tag-entertainment","14":"tag-entretenimiento","15":"tag-es","16":"tag-espana","17":"tag-estrellas","18":"tag-film","19":"tag-fotogramas","20":"tag-fotos","21":"tag-movies","22":"tag-peliculas","23":"tag-pelis","24":"tag-spain","25":"tag-trailers","26":"tag-videos"},"share_on_mastodon":{"url":"https:\/\/pubeurope.com\/@es\/115441796901839441","error":""},"_links":{"self":[{"href":"https:\/\/www.europesays.com\/es\/wp-json\/wp\/v2\/posts\/202195","targetHints":{"allow":["GET"]}}],"collection":[{"href":"https:\/\/www.europesays.com\/es\/wp-json\/wp\/v2\/posts"}],"about":[{"href":"https:\/\/www.europesays.com\/es\/wp-json\/wp\/v2\/types\/post"}],"author":[{"embeddable":true,"href":"https:\/\/www.europesays.com\/es\/wp-json\/wp\/v2\/users\/2"}],"replies":[{"embeddable":true,"href":"https:\/\/www.europesays.com\/es\/wp-json\/wp\/v2\/comments?post=202195"}],"version-history":[{"count":0,"href":"https:\/\/www.europesays.com\/es\/wp-json\/wp\/v2\/posts\/202195\/revisions"}],"wp:featuredmedia":[{"embeddable":true,"href":"https:\/\/www.europesays.com\/es\/wp-json\/wp\/v2\/media\/202196"}],"wp:attachment":[{"href":"https:\/\/www.europesays.com\/es\/wp-json\/wp\/v2\/media?parent=202195"}],"wp:term":[{"taxonomy":"category","embeddable":true,"href":"https:\/\/www.europesays.com\/es\/wp-json\/wp\/v2\/categories?post=202195"},{"taxonomy":"post_tag","embeddable":true,"href":"https:\/\/www.europesays.com\/es\/wp-json\/wp\/v2\/tags?post=202195"}],"curies":[{"name":"wp","href":"https:\/\/api.w.org\/{rel}","templated":true}]}}