{"id":202197,"date":"2025-10-26T18:06:16","date_gmt":"2025-10-26T18:06:16","guid":{"rendered":"https:\/\/www.europesays.com\/es\/202197\/"},"modified":"2025-10-26T18:06:16","modified_gmt":"2025-10-26T18:06:16","slug":"parte-medico-real-sociedad-de-futbol-s-a-d","status":"publish","type":"post","link":"https:\/\/www.europesays.com\/es\/202197\/","title":{"rendered":"Parte m\u00e9dico &#8211; Real Sociedad de F\u00fatbol S.A.D."},"content":{"rendered":"<p>El jugador Jon Karrikaburu present\u00f3 unas molestias en el m\u00fasculo s\u00f3leo de su pierna izquierda en la sesi\u00f3n de ayer. Las pruebas realizadas hoy por los Servicios M\u00e9dicos de la Real Sociedad confirman una lesi\u00f3n muscular. Su evoluci\u00f3n marcar\u00e1 la disponibilidad.<\/p>\n<p>Servicio M\u00e9dico Real Sociedad de F\u00fatbol, SAD<\/p>\n<p>\u00a0<\/p>\n<p>*La publicaci\u00f3n de esta informaci\u00f3n m\u00e9dica cuenta con el consentimiento del jugador.<\/p>\n","protected":false},"excerpt":{"rendered":"El jugador Jon Karrikaburu present\u00f3 unas molestias en el m\u00fasculo s\u00f3leo de su pierna izquierda en la sesi\u00f3n&hellip;\n","protected":false},"author":2,"featured_media":202198,"comment_status":"","ping_status":"","sticky":false,"template":"","format":"standard","meta":{"footnotes":""},"categories":[93],"tags":[168,25,24,282,1044,798,492,23,167],"class_list":{"0":"post-202197","1":"post","2":"type-post","3":"status-publish","4":"format-standard","5":"has-post-thumbnail","7":"category-deportes","8":"tag-deportes","9":"tag-es","10":"tag-espana","11":"tag-futbol","12":"tag-liga","13":"tag-real","14":"tag-sociedad","15":"tag-spain","16":"tag-sports"},"share_on_mastodon":{"url":"https:\/\/pubeurope.com\/@es\/115441800634178487","error":""},"_links":{"self":[{"href":"https:\/\/www.europesays.com\/es\/wp-json\/wp\/v2\/posts\/202197","targetHints":{"allow":["GET"]}}],"collection":[{"href":"https:\/\/www.europesays.com\/es\/wp-json\/wp\/v2\/posts"}],"about":[{"href":"https:\/\/www.europesays.com\/es\/wp-json\/wp\/v2\/types\/post"}],"author":[{"embeddable":true,"href":"https:\/\/www.europesays.com\/es\/wp-json\/wp\/v2\/users\/2"}],"replies":[{"embeddable":true,"href":"https:\/\/www.europesays.com\/es\/wp-json\/wp\/v2\/comments?post=202197"}],"version-history":[{"count":0,"href":"https:\/\/www.europesays.com\/es\/wp-json\/wp\/v2\/posts\/202197\/revisions"}],"wp:featuredmedia":[{"embeddable":true,"href":"https:\/\/www.europesays.com\/es\/wp-json\/wp\/v2\/media\/202198"}],"wp:attachment":[{"href":"https:\/\/www.europesays.com\/es\/wp-json\/wp\/v2\/media?parent=202197"}],"wp:term":[{"taxonomy":"category","embeddable":true,"href":"https:\/\/www.europesays.com\/es\/wp-json\/wp\/v2\/categories?post=202197"},{"taxonomy":"post_tag","embeddable":true,"href":"https:\/\/www.europesays.com\/es\/wp-json\/wp\/v2\/tags?post=202197"}],"curies":[{"name":"wp","href":"https:\/\/api.w.org\/{rel}","templated":true}]}}