{"id":202205,"date":"2025-10-26T18:11:09","date_gmt":"2025-10-26T18:11:09","guid":{"rendered":"https:\/\/www.europesays.com\/es\/202205\/"},"modified":"2025-10-26T18:11:09","modified_gmt":"2025-10-26T18:11:09","slug":"trump-inicia-su-gira-asiatica-en-malasia-donde-se-reunio-con-lula","status":"publish","type":"post","link":"https:\/\/www.europesays.com\/es\/202205\/","title":{"rendered":"Trump inicia su gira asi\u00e1tica en Malasia, donde se reuni\u00f3 con Lula"},"content":{"rendered":"<p>    <img src=\"https:\/\/www.europesays.com\/es\/wp-content\/uploads\/2025\/10\/2025-10-26T073A583A47Z-90227248.jpg\" width=\"1024\" height=\"682\" alt=\"\" loading=\"eager\" decoding=\"sync\" fetchpriority=\"high\"\/><\/p>\n<p>            afp_tickers        <\/p>\n<p>        Este contenido fue publicado en    <\/p>\n<p>        26 octubre 2025 &#8211; 13:28\n<\/p>\n<p>Donald Trump se reuni\u00f3 este domingo en Malasia con su hom\u00f3logo brasile\u00f1o Luiz In\u00e1cio Lula da Silva, en el marco de la primera etapa de una gira asi\u00e1tica durante la cual el presidente estadounidense espera cerrar un acuerdo comercial crucial con el dirigente chino Xi Jinping.<\/p>\n<p>\u00abDeber\u00edamos llegar a acuerdos satisfactorios para nuestros dos pa\u00edses\u00bb, asegur\u00f3 Trump al presidente brasile\u00f1o en la capital malasia, Kuala Lumpur. \u00abCreo que acabaremos teniendo una muy buena relaci\u00f3n\u00bb, subray\u00f3.<\/p>\n<p>Durante su encuentro, Lula urgi\u00f3 a su par estadounidense a levantar los aranceles de 50% que su pa\u00eds impuso sobre los productos brasile\u00f1os, declar\u00f3 el ministro de Relaciones Exteriores de Brasil, Mauro Vieira.<\/p>\n<p>\u00abEl presidente Trump declar\u00f3 que dar\u00eda instrucciones a su equipo para iniciar hoy mismo una negociaci\u00f3n, porque espera que esto se resuelva muy r\u00e1pidamente\u00bb, afirm\u00f3 Vieira.<\/p>\n<p>El canciller indic\u00f3 adem\u00e1s que Lula pidi\u00f3 al magnate republicano suspender la aplicaci\u00f3n de la ley Magnitsky contra el juez del Supremo Tribunal Federal Alexandre de Moraes, su esposa y otros brasile\u00f1os.<\/p>\n<p>Dicha ley permite al gobierno estadounidense sancionar a individuos que considera vinculados a violaciones de derechos humanos o corrupci\u00f3n.<\/p>\n<p>El juez Moraes estuvo involucrado en el proceso judicial que llev\u00f3 a la condena del expresidente Jair Bolsonaro a 27 a\u00f1os de prisi\u00f3n por intentar impedir la toma de posesi\u00f3n de Lula tras las elecciones de 2022.<\/p>\n<p>La condena de Bolsonaro, amigo personal de Trump, llev\u00f3 al mandatario estadounidense a imponer los aranceles, una medida comercial que \u00abno es justa\u00bb, seg\u00fan Vieira, ya que Brasil tiene un d\u00e9ficit en su balanza comercial con Estados Unidos.<\/p>\n<p>\u2013 Avances para un acuerdo con China \u2013<\/p>\n<p>En paralelo a la visita del inquilino de la Casa Blanca a Malasia, negociadores comerciales de Estados Unidos y China concluyeron el domingo en Kuala Lumpur dos d\u00edas de conversaciones con una nota alentadora, antes del encuentro previsto para el jueves entre Trump y Xi Jinping en Corea del Sur.<\/p>\n<p>Los mercados globales estar\u00e1n atentos para ver si ambos dirigentes pueden detener la guerra comercial provocada por los aranceles de Washington, especialmente despu\u00e9s de una disputa reciente sobre las restricciones de tierras raras de Pek\u00edn.\u00a0<\/p>\n<p>\u00abCreo que vamos a llegar a un buen acuerdo con China\u00bb, asegur\u00f3 ante la prensa Trump, quien amenaz\u00f3 en octubre con imponer aranceles adicionales del 100% a los productos chinos a partir del 1 de noviembre.<\/p>\n<p>El secretario estadounidense del Tesoro, Scott Bessent, calific\u00f3 sus negociaciones con el viceprimer ministro chino, He Lifeng, como \u00abconstructivas\u00bb. Esto \u00abnos da la capacidad de avanzar y establecer las condiciones para la reuni\u00f3n de l\u00edderes en un contexto muy positivo\u00bb.<\/p>\n<p>Por su parte, el negociador comercial internacional y viceministro de Comercio chino, Li Chenggang, asegur\u00f3 que Pek\u00edn y Washington alcanzaron un \u00abconsenso preliminar\u00bb para resolver sus diferencias comerciales.<\/p>\n<p>\u2013 \u00abSe me da bien\u00bb \u2013<\/p>\n<p>Poco despu\u00e9s de su llegada a Malasia, Trump copatrocin\u00f3 un acuerdo de alto el fuego entre Tailandia y Camboya, tras un sangriento enfrentamiento fronterizo entre ambos vecinos meses atr\u00e1s.<\/p>\n<p>El acuerdo fue firmado en el marco de la cumbre de la Asociaci\u00f3n de Naciones del Sudeste Asi\u00e1tico (ASEAN) que se celebra en Kuala Lumpur, y Trump lo calific\u00f3 como \u00abun paso monumental\u00bb.<\/p>\n<p>Tailandia y Camboya acordaron una tregua el 28 de julio tras la intervenci\u00f3n de Trump, el primer ministro malasio Anwar Ibrahim y negociadores chinos. Pero el dirigente estadounidense se atribuy\u00f3 el m\u00e9rito.<\/p>\n<p>\u00abNo deber\u00eda decir que es un hobby, porque es mucho m\u00e1s serio que un hobby, pero se me da bien y me gusta\u00bb, dijo el domingo sobre sus actividades de mediaci\u00f3n.<\/p>\n<p>Trump se trasladar\u00e1 el lunes a Tokio, donde se reunir\u00e1 al d\u00eda siguiente con la nueva primera ministra japonesa, Sanae Takaichi, de quien afirm\u00f3 haber escuchado \u00abcosas estupendas\u00bb.<\/p>\n<p>El magnate republicano llegar\u00e1 el mi\u00e9rcoles a Corea del Sur para la cumbre de la APEC, foro en el que participan los latinoamericanos M\u00e9xico, Per\u00fa y Chile, y una reuni\u00f3n con el presidente surcoreano Lee Jae Myung.<\/p>\n<p>El momento culminante de la gira se dar\u00e1 el jueves, cuando donde Trump se encontrar\u00e1 con Xi por primera vez desde que volvi\u00f3 al poder en enero.<\/p>\n<p>Adem\u00e1s, autoridades surcoreanas indicaron que hay posibilidades \u00abconsiderables\u00bb de una reuni\u00f3n entre Trump y el l\u00edder norcoreano, Kim Jong Un, la primera desde 2019.<\/p>\n<p>Kim ha dicho que se aceptar\u00eda reunirse con Trump si Washington deja de exigir al Norte desistir de su arsenal nuclear.<\/p>\n<p>burs-jhe\/ami\/sst\/dhw\/fox\/mas\/atm\/hgs\/meb<\/p>\n","protected":false},"excerpt":{"rendered":"afp_tickers Este contenido fue publicado en 26 octubre 2025 &#8211; 13:28 Donald Trump se reuni\u00f3 este domingo en&hellip;\n","protected":false},"author":2,"featured_media":202206,"comment_status":"","ping_status":"","sticky":false,"template":"","format":"standard","meta":{"footnotes":""},"categories":[42],"tags":[17,18,82,636,83,84,13,14,11,61,62,85,63,86,64,19,20,87,9,10,15,16,88,5915,90,12,21,22,65,66,67],"class_list":{"0":"post-202205","1":"post","2":"type-post","3":"status-publish","4":"format-standard","5":"has-post-thumbnail","7":"category-internacional","8":"tag-breaking-news","9":"tag-breakingnews","10":"tag-business","11":"tag-conflict","12":"tag-diplomacy","13":"tag-economy-general","14":"tag-featured-news","15":"tag-featurednews","16":"tag-headlines","17":"tag-internacional","18":"tag-international","19":"tag-international-foreign-trade","20":"tag-international-news","21":"tag-international-relations","22":"tag-internationalnews","23":"tag-latest-news","24":"tag-latestnews","25":"tag-macro-economics","26":"tag-news","27":"tag-noticias","28":"tag-noticias-destacadas","29":"tag-noticiasdestacadas","30":"tag-politics","31":"tag-summit","32":"tag-ticker","33":"tag-titulares","34":"tag-ultimas-noticias","35":"tag-ultimasnoticias","36":"tag-world","37":"tag-world-news","38":"tag-worldnews"},"share_on_mastodon":{"url":"","error":"Validation failed: Text character limit of 500 exceeded"},"_links":{"self":[{"href":"https:\/\/www.europesays.com\/es\/wp-json\/wp\/v2\/posts\/202205","targetHints":{"allow":["GET"]}}],"collection":[{"href":"https:\/\/www.europesays.com\/es\/wp-json\/wp\/v2\/posts"}],"about":[{"href":"https:\/\/www.europesays.com\/es\/wp-json\/wp\/v2\/types\/post"}],"author":[{"embeddable":true,"href":"https:\/\/www.europesays.com\/es\/wp-json\/wp\/v2\/users\/2"}],"replies":[{"embeddable":true,"href":"https:\/\/www.europesays.com\/es\/wp-json\/wp\/v2\/comments?post=202205"}],"version-history":[{"count":0,"href":"https:\/\/www.europesays.com\/es\/wp-json\/wp\/v2\/posts\/202205\/revisions"}],"wp:featuredmedia":[{"embeddable":true,"href":"https:\/\/www.europesays.com\/es\/wp-json\/wp\/v2\/media\/202206"}],"wp:attachment":[{"href":"https:\/\/www.europesays.com\/es\/wp-json\/wp\/v2\/media?parent=202205"}],"wp:term":[{"taxonomy":"category","embeddable":true,"href":"https:\/\/www.europesays.com\/es\/wp-json\/wp\/v2\/categories?post=202205"},{"taxonomy":"post_tag","embeddable":true,"href":"https:\/\/www.europesays.com\/es\/wp-json\/wp\/v2\/tags?post=202205"}],"curies":[{"name":"wp","href":"https:\/\/api.w.org\/{rel}","templated":true}]}}